{"id":852,"date":"2015-09-28T12:37:36","date_gmt":"2015-09-28T17:37:36","guid":{"rendered":"http:\/\/www.sintradeua.org\/home\/?p=852"},"modified":"2015-09-28T13:00:19","modified_gmt":"2015-09-28T18:00:19","slug":"mujeres-al-poder","status":"publish","type":"post","link":"https:\/\/sintradeua.org\/co\/mujeres-al-poder\/","title":{"rendered":"\u00bfMujeres al poder?"},"content":{"rendered":"<blockquote>\n<p class=\"lead\">De los 152 jefes de Estado del mundo, s\u00f3lo nueve son mujeres (el 5,9%) y aunque en Colombia el 55% de la poblaci\u00f3n son mujeres, su representaci\u00f3n pol\u00edtica no supera el 20%.<\/p>\n<\/blockquote>\n<p class=\"lead\"><img data-recalc-dims=\"1\" decoding=\"async\" src=\"https:\/\/i0.wp.com\/www.elespectador.com\/files\/imagecache\/560_width_display\/imported\/vimichelle_bachelet0098.jpg?w=640\" alt=\"\u00bfMujeres al poder?\" \/><\/p>\n<div class=\"imagen_noticia\"><em>Michelle Bachelet fue elegida presidenta de Chile por segunda vez.<\/em><\/div>\n<div class=\"content_nota\">\u00a0<!--more--><\/div>\n<div class=\"content_nota\">\n<div class=\"content_nota\">\n<p style=\"text-align: justify;\">A pesar de que el debate p\u00fablico sobre la equidad de g\u00e9nero es cada vez m\u00e1s com\u00fan y en sociedades como la occidental las mujeres han venido ganando espacios de representaci\u00f3n, el liderazgo y la participaci\u00f3n pol\u00edtica de las mujeres en el mundo contin\u00faan en peligro.<\/p>\n<p style=\"text-align: justify;\">Naciones Unidas advierte que las mujeres tienen poca representaci\u00f3n, no s\u00f3lo como votantes, tambi\u00e9n en los puestos directivos, ya sea en cargos electos, la administraci\u00f3n p\u00fablica, el sector privado o el mundo acad\u00e9mico. Una realidad que va en completa contrav\u00eda de la innegable capacidad que tienen como l\u00edderes y agentes de cambio y su claro derecho a participar de los procesos democr\u00e1ticos.<\/p>\n<p style=\"text-align: justify;\">Sin embargo, al 1\u00ba de enero de este a\u00f1o, la ONU estim\u00f3 que s\u00f3lo un 22% de los parlamentarios del mundo eran mujeres, lo que significa que la participaci\u00f3n pol\u00edtica de las mujeres ha aumentado muy lentamente desde 1995, cuando se situaba en 11,3%.<\/p>\n<div class=\"eplanning_video_inline\" style=\"text-align: justify;\">\u00a0S\u00f3lo en Rwanda las mujeres ocupan el 63,8% de los cupos parlamentarios, una cifra sin precedentes que consigui\u00f3 ubicar ese pa\u00eds como el \u00fanico del mundo con un parlamento mayoritariamente femenino. Andorra lo sigue con una cifra del 50% de mujeres en su parlamento.<\/div>\n<p style=\"text-align: justify;\">Pero un dato sigue revelando la inequidad: de los 152 jefes y jefas de Estado que hay en el mundo, solamente nueve son mujeres, un 5,9%. Y si hablamos de jefas de Gobierno, son 16 de un total de 193: un 8,3%.<\/p>\n<p style=\"text-align: justify;\">Cuatro de estas mujeres gobernantes se encuentran en Latinoam\u00e9rica: Laura Chinchilla (Costa Rica), Dilma Rousseff (Brasil), Cristina Fern\u00e1ndez (Argentina) y Michelle Bachelet (Chile) gobiernan en conjunto el 44% de la poblaci\u00f3n de la regi\u00f3n: 263,5 millones de habitantes.<\/p>\n<p style=\"text-align: justify;\">\u201cLas mujeres se enfrentan a dos tipos de obst\u00e1culos a la hora de participar en la vida pol\u00edtica. Las barreras estructurales creadas por leyes e instituciones discriminatorias siguen limitando las opciones que tienen las mujeres para votar o presentarse a elecciones. Las brechas relativas a las capacidades implican que las mujeres tienen menor probabilidad que los hombres de contar con la educaci\u00f3n, los contactos y los recursos necesarios para convertirse en l\u00edderes eficaces\u201d, ha advertido la ONU.<\/p>\n<p style=\"text-align: justify;\">En Colombia, a pesar de que desde el a\u00f1o 2000 se exige que el 30% de los cargos p\u00fablicos deben ser ocupados por las mujeres, s\u00f3lo desde 2011 se ha hecho efectiva esta norma, y aunque ha sido reconocida por la Misi\u00f3n de Observaci\u00f3n Electoral como una estrategia apropiada para que las mujeres ganen espacios, entidades como la Registradur\u00eda Nacional han reconocido que las mujeres, que adem\u00e1s representan la mayor\u00eda de la poblaci\u00f3n colombiana, contin\u00faan escasamente representadas en el sector pol\u00edtico.<\/p>\n<p style=\"text-align: justify;\">Aunque existen mujeres preparadas para asumir liderazgos pol\u00edticos, estudios realizados por la Facultad de Ciencia Pol\u00edtica de la Universidad Javeriana han demostrado que en muchas ocasiones las mujeres son utilizadas como estrategia pol\u00edtica para ganar votos o como \u201crelleno en las listas de candidatos, y no se les miran sus calidades profesionales para darles la oportunidad de surgir y mostrar su potencial en ese sector\u201d.<\/p>\n<div class=\"clear\">\u00a0<\/div>\n<\/div>\n<div class=\"embed-preview\">\u00a0<\/div>\n<\/div>\n<p>&nbsp;<\/p>\n","protected":false},"excerpt":{"rendered":"<p>De los 152 jefes de Estado del mundo, s\u00f3lo nueve son mujeres (el 5,9%) y aunque en Colombia el 55% de la poblaci\u00f3n son mujeres, su representaci\u00f3n pol\u00edtica no supera el 20%. Michelle Bachelet fue elegida presidenta de Chile por segunda vez. \u00a0<\/p>\n","protected":false},"author":2,"featured_media":0,"comment_status":"open","ping_status":"open","sticky":false,"template":"","format":"standard","meta":{"advanced_seo_description":"","jetpack_seo_html_title":"","jetpack_seo_noindex":false,"jetpack_post_was_ever_published":false,"_jetpack_newsletter_access":"","_jetpack_dont_email_post_to_subs":false,"_jetpack_newsletter_tier_id":0,"_jetpack_memberships_contains_paywalled_content":false,"_jetpack_memberships_contains_paid_content":false,"footnotes":"","jetpack_publicize_message":"","jetpack_publicize_feature_enabled":true,"jetpack_social_post_already_shared":true,"jetpack_social_options":{"image_generator_settings":{"template":"highway","default_image_id":0,"font":"","enabled":false},"version":2}},"categories":[20],"tags":[36,37,38,39],"class_list":["post-852","post","type-post","status-publish","format-standard","hentry","category-general","tag-equidad","tag-genero","tag-mujeres","tag-poder"],"jetpack_publicize_connections":[],"jetpack_featured_media_url":"","jetpack_sharing_enabled":true,"jetpack_shortlink":"https:\/\/wp.me\/paSj5R-dK","_links":{"self":[{"href":"https:\/\/sintradeua.org\/co\/wp-json\/wp\/v2\/posts\/852","targetHints":{"allow":["GET"]}}],"collection":[{"href":"https:\/\/sintradeua.org\/co\/wp-json\/wp\/v2\/posts"}],"about":[{"href":"https:\/\/sintradeua.org\/co\/wp-json\/wp\/v2\/types\/post"}],"author":[{"embeddable":true,"href":"https:\/\/sintradeua.org\/co\/wp-json\/wp\/v2\/users\/2"}],"replies":[{"embeddable":true,"href":"https:\/\/sintradeua.org\/co\/wp-json\/wp\/v2\/comments?post=852"}],"version-history":[{"count":0,"href":"https:\/\/sintradeua.org\/co\/wp-json\/wp\/v2\/posts\/852\/revisions"}],"wp:attachment":[{"href":"https:\/\/sintradeua.org\/co\/wp-json\/wp\/v2\/media?parent=852"}],"wp:term":[{"taxonomy":"category","embeddable":true,"href":"https:\/\/sintradeua.org\/co\/wp-json\/wp\/v2\/categories?post=852"},{"taxonomy":"post_tag","embeddable":true,"href":"https:\/\/sintradeua.org\/co\/wp-json\/wp\/v2\/tags?post=852"}],"curies":[{"name":"wp","href":"https:\/\/api.w.org\/{rel}","templated":true}]}}