{"id":850,"date":"2015-09-28T12:30:34","date_gmt":"2015-09-28T17:30:34","guid":{"rendered":"http:\/\/www.sintradeua.org\/home\/?p=850"},"modified":"2015-09-28T13:03:01","modified_gmt":"2015-09-28T18:03:01","slug":"sindicalismo-y-redes-sociales","status":"publish","type":"post","link":"https:\/\/sintradeua.org\/co\/sindicalismo-y-redes-sociales\/","title":{"rendered":"SINDICALISMO Y REDES SOCIALES"},"content":{"rendered":"<p><strong><img decoding=\"async\" src=\"https:\/\/encrypted-tbn0.gstatic.com\/images?q=tbn:ANd9GcTKD_sLOiwZb6hGoDjpXs2lg92jEoz8Meeq1AZu56KilkmJO4A5\" alt=\"\" \/><\/strong><\/p>\n<p style=\"text-align: justify;\">Las redes sociales, hoy por hoy, se han transformado en un espacio\u00a0 de enorme relevancia \u00a0para que tanto las organizaciones como las personas interact\u00faen, deliberen, compartan experiencias e intereses \u00a0y, \u00bfpor qu\u00e9 no?\u00a0 desplieguen acciones que logren incidir en la correlaci\u00f3n de fuerzas pol\u00edticas en una coyuntura dada.<span id=\"more-25\"><\/span><\/p>\n<p style=\"text-align: justify;\">Desde ah\u00ed, en esos entornos virtuales, se generan a una velocidad trepidante nuevas comunidades\u00a0 para las que por supuesto no existen barreras geogr\u00e1ficas porque la fuerza <!--more-->que las vincula es la decisi\u00f3n de pertenencia y la identificaci\u00f3n con temas y causas, sin importar cu\u00e1n distantes se encuentren los integrantes de esa comunidad virtual.<\/p>\n<p style=\"text-align: justify;\">A trav\u00e9s de esos vertiginosos veh\u00edculos virtuales, se construyen y proyectan im\u00e1genes; se derrumban reputaciones personales o corporativas; se conforman grupos de trabajo, presi\u00f3n o inter\u00e9s; se construyen y se difunden saberes; se organizan y se convocan\u00a0 poderosas movilizaciones sociales que han sacudido o incluso derrumbado varios reg\u00edmenes pol\u00edticos. Precisamente alguno de los j\u00f3venes que logr\u00f3 a trav\u00e9s de las redes sociales detonar un poderoso movimiento social se\u00f1alaba c\u00f3mo ellos hab\u00edan convocado por Twitter, se pudieron organizar por Facebook, y hab\u00edan difundido el movimiento a nivel mundial v\u00eda YouTube.<\/p>\n<p style=\"text-align: justify;\">Hace no muchos a\u00f1os no exist\u00edan tel\u00e9fonos celulares, ni Twitter, ni Facebook; por supuesto no hab\u00eda BlackBerry o Iphone; no pens\u00e1bamos en dise\u00f1ar un blog, consultar Wikipedia, hacer amigos a trav\u00e9s de Facebook, buscar a trav\u00e9s de Google, twittear lo que nos esta pasando o subir un video a YouTube. Pero hoy en nuestro lenguaje diario hay un gran c\u00famulo de nuevos conceptos y realidades en la vida cotidiana de millones de personas: Sociedad \u2013 red, Estado \u2013 red u organizaci\u00f3n \u2013 red; mundos virtuales, avatares, comunidades en red, informaci\u00f3n en tiempo real, comercio virtual, organizaci\u00f3n 2.0.\u00a0 etc.<\/p>\n<p style=\"text-align: justify;\">En el mundo financiero \u2013gracias a la conectividad virtual\u2014 no es una exageraci\u00f3n decir que gigantescos capitales \u201cdesayunan en Tokio, comen en Nueva York y terminan cenando en Singapur\u201d. Ya se discute si debe incluirse en la actual generaci\u00f3n de los derechos humanos el derecho a un adecuado acceso a internet.<\/p>\n<p style=\"text-align: justify;\">Las redes sociales se han convertido en espacios privilegiados no s\u00f3lo para comunicar sino para hacer negocios, conocer gente, construir comunidades y \u2013no lo podemos pasar por alto\u2013 para crear o fortalecer las bases sociales de credibilidad, confianza y legitimaci\u00f3n.<\/p>\n<p style=\"text-align: justify;\">Siendo esta la nueva realidad, se convierte en una exigencia impostergable para cualquier organizaci\u00f3n incursionar en estos entornos virtuales. Las organizaciones se est\u00e1n viendo obligadas a abordar estos espacios privilegiados de interacci\u00f3n \u00a0para hacer escuchar su voz, tener presencia y potenciar su capacidad de incidencia en los campos y con los sectores\u00a0 sociales de su inter\u00e9s.<\/p>\n<p style=\"text-align: justify;\">En el mundo de la educaci\u00f3n, por ejemplo, las redes terminar\u00e1n transformando radicalmente los enfoques y paradigmas prevalecientes hasta el siglo pasado, ya que en el llamado tercer entorno se puede acceder a campus virtuales, en los que se ofrece educaci\u00f3n no presencial y asincr\u00f3nica.\u00a0 M\u00e1s a\u00fan, el fen\u00f3meno de estas tecnolog\u00edas terminar\u00e1 por alterar en la funci\u00f3n tradicional del magisterio, de la escuela, del libro y del sal\u00f3n de clases; para desarrollar una educaci\u00f3n centrada en los intereses de quien aprende, no de quien ense\u00f1a.<\/p>\n<p style=\"text-align: justify;\">En el mundo de la pol\u00edtica cambi\u00f3 radicalmente la forma de planear las campa\u00f1as pol\u00edticas, ahora es posible identificar y comunicarse de manera inmediata con los electores, hacer llegar los mensajes indicados a los grupos de inter\u00e9s. La tecnolog\u00eda nos brinda la oportunidad de conocer el sentimiento y los intereses de la sociedad en general para decidir acciones pol\u00edticas espec\u00edficas. Desde las redes sociales se han construido campa\u00f1as pol\u00edticas exitosas que dan como resultado la llegada al poder del cierto candidato y por consiguiente un sentimiento de construcci\u00f3n en equipo, pertenencia y compromiso con el proyecto pol\u00edtico y social que encabeza.<\/p>\n<p style=\"text-align: justify;\">Por parte del gobierno digital se exponen los resultados d\u00eda a d\u00eda, hay transparencia y rendici\u00f3n de cuentas de forma m\u00e1s directa y menos burocr\u00e1tica, una comunicaci\u00f3n inmediata entre personas e instituciones que ayuda a resolver dudas o bien a promover programas, aterrizar mensajes espec\u00edficos y realizar m\u00faltiples tr\u00e1mites en l\u00ednea.<\/p>\n<p style=\"text-align: justify;\">En cuanto a las instituciones, estas han facilitado al ciudadano el acceso a la informaci\u00f3n. Las redes sociales han facilitado la rendici\u00f3n de cuentas y la transparencia en los procesos y a su vez le han dado la capacidad de integrar a nuevos miembros a su comunidad, as\u00ed como establecer lazos con grupos o personas interesados en el mismo tema, lo que ha permitido una mayor y mejor retroalimentaci\u00f3n en cada sector.<\/p>\n<p style=\"text-align: justify;\">En el mundo virtual hay que aprovechar las redes sociales y aprender a utilizarlas a nuestro favor y para nuestras propias causas, definir estrategias espec\u00edficas y entenderlo como otro entorno diferente donde no importa lo que somos en el mundo tangible, hay que dedicarle tiempo, recursos, esfuerzo e inteligencia para construir una comunidad fuerte con capacidad de influencia.<\/p>\n<p style=\"text-align: justify;\">Para el sindicalismo en general y para el SNTE en particular el reto consiste en lograr pasar de la fuerza y el poder que se ha construido \u201cen tierra\u201d al desarrollo de nuevos modelos de incidencia, sociabilizaci\u00f3n y comunicaci\u00f3n en el entorno virtual. Pasar de la pancarta y la consigna en la calle al ciberactivismo en las redes sociales.<\/p>\n<p>&lt;<\/p>\n<p>p style=\u00bbtext-align: justify;\u00bb>El mundo virtual no regala nada, no respeta nombres ni marcas, ni prestigios\u2026 se tiene que ganar poco a poco ese respeto y esa posici\u00f3n mientras se generan contenidos valiosos, actuales e innovadores que logren tocar fibras emocionales, construir nuevas alianzas ampliando el radio de acci\u00f3n sindical, alentar la participaci\u00f3n y movilizar nuevas militancias, simpat\u00edas y adhesiones.<\/p>\n","protected":false},"excerpt":{"rendered":"<p>Las redes sociales, hoy por hoy, se han transformado en un espacio\u00a0 de enorme relevancia \u00a0para que tanto las organizaciones como las personas interact\u00faen, deliberen, compartan experiencias e intereses \u00a0y, \u00bfpor qu\u00e9 no?\u00a0 desplieguen acciones que logren incidir en la correlaci\u00f3n de fuerzas pol\u00edticas en una coyuntura dada. Desde ah\u00ed, en esos entornos virtuales, se&#8230;<\/p>\n","protected":false},"author":2,"featured_media":0,"comment_status":"open","ping_status":"open","sticky":false,"template":"","format":"standard","meta":{"advanced_seo_description":"","jetpack_seo_html_title":"","jetpack_seo_noindex":false,"jetpack_post_was_ever_published":false,"_jetpack_newsletter_access":"","_jetpack_dont_email_post_to_subs":false,"_jetpack_newsletter_tier_id":0,"_jetpack_memberships_contains_paywalled_content":false,"_jetpack_memberships_contains_paid_content":false,"footnotes":"","jetpack_publicize_message":"","jetpack_publicize_feature_enabled":true,"jetpack_social_post_already_shared":true,"jetpack_social_options":{"image_generator_settings":{"template":"highway","default_image_id":0,"font":"","enabled":false},"version":2}},"categories":[20],"tags":[35,34,33],"class_list":["post-850","post","type-post","status-publish","format-standard","hentry","category-general","tag-internet","tag-redes-sociales","tag-sindicalismo"],"jetpack_publicize_connections":[],"jetpack_featured_media_url":"","jetpack_sharing_enabled":true,"jetpack_shortlink":"https:\/\/wp.me\/paSj5R-dI","_links":{"self":[{"href":"https:\/\/sintradeua.org\/co\/wp-json\/wp\/v2\/posts\/850","targetHints":{"allow":["GET"]}}],"collection":[{"href":"https:\/\/sintradeua.org\/co\/wp-json\/wp\/v2\/posts"}],"about":[{"href":"https:\/\/sintradeua.org\/co\/wp-json\/wp\/v2\/types\/post"}],"author":[{"embeddable":true,"href":"https:\/\/sintradeua.org\/co\/wp-json\/wp\/v2\/users\/2"}],"replies":[{"embeddable":true,"href":"https:\/\/sintradeua.org\/co\/wp-json\/wp\/v2\/comments?post=850"}],"version-history":[{"count":0,"href":"https:\/\/sintradeua.org\/co\/wp-json\/wp\/v2\/posts\/850\/revisions"}],"wp:attachment":[{"href":"https:\/\/sintradeua.org\/co\/wp-json\/wp\/v2\/media?parent=850"}],"wp:term":[{"taxonomy":"category","embeddable":true,"href":"https:\/\/sintradeua.org\/co\/wp-json\/wp\/v2\/categories?post=850"},{"taxonomy":"post_tag","embeddable":true,"href":"https:\/\/sintradeua.org\/co\/wp-json\/wp\/v2\/tags?post=850"}],"curies":[{"name":"wp","href":"https:\/\/api.w.org\/{rel}","templated":true}]}}