{"id":787,"date":"2015-09-19T11:06:05","date_gmt":"2015-09-19T16:06:05","guid":{"rendered":"http:\/\/www.sintradeua.org\/home\/?p=787"},"modified":"2015-09-19T11:06:05","modified_gmt":"2015-09-19T16:06:05","slug":"condenan-a-policia-por-asesinato-de-jorge-freytter","status":"publish","type":"post","link":"https:\/\/sintradeua.org\/co\/condenan-a-policia-por-asesinato-de-jorge-freytter\/","title":{"rendered":"Condenan a polic\u00eda por asesinato de Jorge Freytter"},"content":{"rendered":"<p><img data-recalc-dims=\"1\" decoding=\"async\" src=\"https:\/\/i0.wp.com\/4.bp.blogspot.com\/-0isBfYRFFI8\/VddVpwnWjbI\/AAAAAAAAQNs\/ZSRQtXOWX5E\/s1600\/Paramilitares.%2BJorge%2BAdolfo%2BFreytter%2BRomero%252C%2Babogado%252C%2Bprofesor%2By%2Bsindicalista%2Basesinado%2Bpor%2Bla%2Bestrategia%2Bmilitar-paramilitar%2Bdel%2Br%25C3%25A9gimen.jpg?w=640\" alt=\"\" \/><\/p>\n<p style=\"text-align: justify;\">La investigaci\u00f3n de la Fiscal\u00eda y la Dij\u00edn estableci\u00f3 que Freytter fue secuestrado al mediod\u00eda del 28 de agosto de 2001, cuando llegaba a su casa en el barrio San Isidro, en el suroccidente de Barranquilla.<\/p>\n<p style=\"text-align: justify;\"><strong><em>\u201cQued\u00f3 claramente establecido que los hechos hab\u00edan sido planeados y ejecutados por miembros de las AUC, con miembros del Gaula de la Polic\u00eda y del Ej\u00e9rcito Nacional, quienes se concertaron para secuestrarlo, sacarle informaci\u00f3n (&#8230;) y luego matarlo\u201d.<\/em><\/strong><\/p>\n<p style=\"text-align: justify;\"><strong>Fatal equivocaci\u00f3n. <\/strong>El exparamilitar Carlos Romero Cuartas, alias Monter\u00eda, confes\u00f3 en 2008 su intervenci\u00f3n en el plan criminal contra el profesor Freyter Romero. \u201cYo particip\u00e9 cuid\u00e1ndolo\u201d.<\/p>\n<p style=\"text-align: justify;\">En un extenso interrogatorio ante un fiscal de la unidad de Derechos Humanos, Romero cont\u00f3 que dos paramilitares apodados Moncho y Chuqui secuestraron al docente, junto con dos miembros del Gaula.<\/p>\n<p style=\"text-align: justify;\">\u201cLlegu\u00e9 a una bodega de la V\u00eda 40, donde hac\u00edan barcos y veleros, y ah\u00ed ten\u00edan a ese se\u00f1or; (Moncho) me dej\u00f3 a m\u00ed y a Chuqui cuid\u00e1ndolo\u201d, declar\u00f3 el exparamilitar.<\/p>\n<p style=\"text-align: justify;\">A la 1 de la madrugada del 29 de agosto, testific\u00f3 Romero, llegaron a la bodega el teniente del Gaula de la Polic\u00eda, Flover Torres S\u00e1nchez, y los agentes de esta unidad Rafael Mariano y Julio Pacheco Bol\u00edvar, alias la Chacha. Su misi\u00f3n: \u201crecoger a ese se\u00f1or, que para irlo a botar (sic)\u201d.<\/p>\n<p style=\"text-align: justify;\">\u201cA \u00e9l lo ejecutaron ah\u00ed dentro de la bodega; Pacheco le puso una bolsa y los asfixi\u00f3, de ah\u00ed lo subieron a un carro dos puertas, en el ba\u00fal, y se lo llevaron; despu\u00e9s Pacheco fue el que coment\u00f3 que le hab\u00eda dado unos disparos donde lo dejaron con una pistola 380\u201d, pormenoriz\u00f3 Romero.<\/p>\n<p style=\"text-align: justify;\">El testigo atribuy\u00f3 adem\u00e1s la muerte de Freytter Romero a una supuesta \u201cequivocaci\u00f3n\u201d, debido a que lo confundieron por su parecido f\u00edsico con un cabecilla guerrillero de las Farc en la Costa, apodado Peter o El Negro Peter.<\/p>\n<p style=\"text-align: justify;\">Pese a su retiro, Freytter\u00a0 era miembro activo en la Asociaci\u00f3n de profesores Universitarios (Aspu). Ten\u00eda 51 a\u00f1os. Las pesquisas establecieron que su muerte se relacion\u00f3 con su labor sindical.<\/p>\n<p style=\"text-align: justify;\">\u201cEstaba haciendo fuertes denuncias porque la plata de las pensiones de los profesores y trabajadores de la universidad se estaba desapareciendo\u201d, explica la abogada Yessika Hoyos Morales en una entrevista que el Cajar public\u00f3 en Youtube.<\/p>\n<p style=\"text-align: justify;\">\u201cDespu\u00e9s hemos podido establecer que muchos de los dineros fueron desviados y terminaron en las arcas de los grupos paramilitares que operaban en la regi\u00f3n\u201d, advierte Hoyos.<\/p>\n<p style=\"text-align: justify;\">El cuerpo del pensionado fue hallado al d\u00eda siguiente en el corregimiento de Palermo (Magdalena), en la v\u00eda entre Barranquilla y Santa Marta. Las autoridades confirmaron que ten\u00eda se\u00f1ales de tortura.<\/p>\n<p>&lt;<\/p>\n<p>p style=\u00bbtext-align: justify;\u00bb>\u00a0<\/p>\n<p>&nbsp;<\/p>\n","protected":false},"excerpt":{"rendered":"<p>La investigaci\u00f3n de la Fiscal\u00eda y la Dij\u00edn estableci\u00f3 que Freytter fue secuestrado al mediod\u00eda del 28 de agosto de 2001, cuando llegaba a su casa en el barrio San Isidro, en el suroccidente de Barranquilla. \u201cQued\u00f3 claramente establecido que los hechos hab\u00edan sido planeados y ejecutados por miembros de las AUC, con miembros del&#8230;<\/p>\n","protected":false},"author":2,"featured_media":0,"comment_status":"open","ping_status":"open","sticky":false,"template":"","format":"standard","meta":{"advanced_seo_description":"","jetpack_seo_html_title":"","jetpack_seo_noindex":false,"jetpack_post_was_ever_published":false,"_jetpack_newsletter_access":"","_jetpack_dont_email_post_to_subs":false,"_jetpack_newsletter_tier_id":0,"_jetpack_memberships_contains_paywalled_content":false,"_jetpack_memberships_contains_paid_content":false,"footnotes":"","jetpack_publicize_message":"","jetpack_publicize_feature_enabled":true,"jetpack_social_post_already_shared":true,"jetpack_social_options":{"image_generator_settings":{"template":"highway","default_image_id":0,"font":"","enabled":false},"version":2}},"categories":[2],"tags":[],"class_list":["post-787","post","type-post","status-publish","format-standard","hentry","category-noticias"],"jetpack_publicize_connections":[],"jetpack_featured_media_url":"","jetpack_sharing_enabled":true,"jetpack_shortlink":"https:\/\/wp.me\/paSj5R-cH","_links":{"self":[{"href":"https:\/\/sintradeua.org\/co\/wp-json\/wp\/v2\/posts\/787","targetHints":{"allow":["GET"]}}],"collection":[{"href":"https:\/\/sintradeua.org\/co\/wp-json\/wp\/v2\/posts"}],"about":[{"href":"https:\/\/sintradeua.org\/co\/wp-json\/wp\/v2\/types\/post"}],"author":[{"embeddable":true,"href":"https:\/\/sintradeua.org\/co\/wp-json\/wp\/v2\/users\/2"}],"replies":[{"embeddable":true,"href":"https:\/\/sintradeua.org\/co\/wp-json\/wp\/v2\/comments?post=787"}],"version-history":[{"count":0,"href":"https:\/\/sintradeua.org\/co\/wp-json\/wp\/v2\/posts\/787\/revisions"}],"wp:attachment":[{"href":"https:\/\/sintradeua.org\/co\/wp-json\/wp\/v2\/media?parent=787"}],"wp:term":[{"taxonomy":"category","embeddable":true,"href":"https:\/\/sintradeua.org\/co\/wp-json\/wp\/v2\/categories?post=787"},{"taxonomy":"post_tag","embeddable":true,"href":"https:\/\/sintradeua.org\/co\/wp-json\/wp\/v2\/tags?post=787"}],"curies":[{"name":"wp","href":"https:\/\/api.w.org\/{rel}","templated":true}]}}