{"id":7668,"date":"2026-04-26T09:28:50","date_gmt":"2026-04-26T14:28:50","guid":{"rendered":"https:\/\/sintradeua.org\/co\/?p=7668"},"modified":"2026-04-26T09:28:50","modified_gmt":"2026-04-26T14:28:50","slug":"reforma-al-1279-ordenar-el-sistema-sin-castigar-el-merito","status":"publish","type":"post","link":"https:\/\/sintradeua.org\/co\/reforma-al-1279-ordenar-el-sistema-sin-castigar-el-merito\/","title":{"rendered":"Reforma al 1279: ordenar el sistema sin castigar el m\u00e9rito"},"content":{"rendered":"<p style=\"text-align: justify;\"><b>Por Jaime Ivan Borrero Samper\u00a0<\/b><\/p>\n<p style=\"text-align: justify;\">No creo en la cr\u00edtica f\u00e1cil. Y mucho menos cuando se trata de la educaci\u00f3n p\u00fablica.<\/p>\n<p style=\"text-align: justify;\">Ser\u00eda irresponsable desconocer que el Gobierno nacional ha incrementado los recursos destinados a las universidades p\u00fablicas en los \u00faltimos a\u00f1os. Las cifras oficiales muestran un esfuerzo relevante en financiaci\u00f3n, que incluye transferencias, gratuidad y ajustes al modelo previsto en la Ley 30.<\/p>\n<p style=\"text-align: justify;\">Eso hay que reconocerlo.<\/p>\n<p style=\"text-align: justify;\">Pero reconocer avances no implica renunciar al an\u00e1lisis cr\u00edtico cuando se plantean reformas que pueden incidir en la estructura misma de la carrera docente universitaria.<\/p>\n<p style=\"text-align: justify;\">Me refiero a la propuesta de modificaci\u00f3n del Decreto 1279 de 2002.<\/p>\n<p style=\"text-align: justify;\"><span style=\"text-decoration: underline;\"><strong>\u00abLo que est\u00e1 en discusi\u00f3n\u00bb\u00a0<\/strong><\/span><\/p>\n<p style=\"text-align: justify;\">La reforma, seg\u00fan los documentos conocidos, introduce cambios de fondo:<\/p>\n<p style=\"text-align: justify;\">-Establece <strong>topes salariales por categor\u00eda docente,<\/strong><\/p>\n<p style=\"text-align: justify;\">&#8211; Fija un <strong>l\u00edmite m\u00e1ximo de puntos en la carrera profesoral,<\/strong><\/p>\n<p style=\"text-align: justify;\">-Incorpora una <strong>bolsa anual de puntos condicionada al presupuesto,<\/strong><\/p>\n<p style=\"text-align: justify;\">&#8211; Y redefine el reconocimiento de la productividad acad\u00e9mica, que dejar\u00eda de operar bajo una l\u00f3gica estrictamente autom\u00e1tica<\/p>\n<p style=\"text-align: justify;\">No se trata, entonces, de un simple ajuste t\u00e9cnico.<\/p>\n<p style=\"text-align: justify;\">Se trata de una posible transici\u00f3n hacia un modelo donde el reconocimiento del m\u00e9rito acad\u00e9mico podr\u00eda verse influido por variables fiscales.<\/p>\n<p style=\"text-align: justify;\"><span style=\"text-decoration: underline;\"><strong>\u00abLo que comparto\u00bb<\/strong><\/span><\/p>\n<p style=\"text-align: justify;\">Hay que ser rigurosos.<\/p>\n<p style=\"text-align: justify;\">El sistema del 1279 presenta distorsiones.<\/p>\n<p style=\"text-align: justify;\">Existen casos que deben revisarse.<\/p>\n<p style=\"text-align: justify;\">Y el Estado tiene el deber constitucional de garantizar el uso eficiente de los recursos p\u00fablicos.<\/p>\n<p style=\"text-align: justify;\">En ese sentido, revisar, ajustar y fortalecer el sistema no solo es leg\u00edtimo, sino necesario.<\/p>\n<p style=\"text-align: justify;\"><span style=\"text-decoration: underline;\"><strong>\u00abLa inquietud de fondo\u00bb\u00a0<\/strong><\/span><\/p>\n<p style=\"text-align: justify;\">Mi preocupaci\u00f3n no est\u00e1 en la intenci\u00f3n de ordenar el sistema, sino en los efectos que podr\u00eda generar su redise\u00f1o.<\/p>\n<p style=\"text-align: justify;\">Cuando se introducen l\u00edmites al crecimiento salarial, cuando el reconocimiento de puntos se vincula a una disponibilidad presupuestal anual y cuando se modifica la relaci\u00f3n directa entre producci\u00f3n acad\u00e9mica y reconocimiento econ\u00f3mico, surge una pregunta razonable:<\/p>\n<p style=\"text-align: justify;\"><strong>\u00bfC\u00f3mo impactar\u00e1 esto la l\u00f3gica de la carrera docente en el mediano y largo plazo?<\/strong><\/p>\n<p style=\"text-align: justify;\">No afirmo que el m\u00e9rito desaparezca.<\/p>\n<p style=\"text-align: justify;\">Pero s\u00ed considero que el modelo podr\u00eda tensionar la forma en que hist\u00f3ricamente se ha reconocido.<\/p>\n<p style=\"text-align: justify;\">Y esa tensi\u00f3n merece ser discutida con seriedad.<\/p>\n<p style=\"text-align: justify;\"><span style=\"text-decoration: underline;\"><strong>\u00abUna tensi\u00f3n que debe explicarse\u00bb\u00a0<\/strong><\/span><\/p>\n<p style=\"text-align: justify;\">Aqu\u00ed hay un punto que no puede pasarse por alto.<\/p>\n<p style=\"text-align: justify;\">Si el Estado ha incrementado la financiaci\u00f3n de la educaci\u00f3n superior p\u00fablica , como efectivamente lo ha hecho, resulta v\u00e1lido preguntarse por la coherencia del modelo en construcci\u00f3n.<\/p>\n<p style=\"text-align: justify;\">No como una acusaci\u00f3n, sino como una inquietud leg\u00edtima:<\/p>\n<p style=\"text-align: justify;\"><strong>\u00bfC\u00f3mo se articula el aumento de recursos con un esquema que introduce l\u00edmites al crecimiento salarial docente?<\/strong><\/p>\n<p style=\"text-align: justify;\">La respuesta no es evidente y requiere una explicaci\u00f3n clara desde la pol\u00edtica p\u00fablica.<\/p>\n<p style=\"text-align: justify;\"><span style=\"text-decoration: underline;\"><strong>\u00abEl plano jur\u00eddico y pol\u00edtico\u00bb\u00a0<\/strong><\/span><\/p>\n<p style=\"text-align: justify;\">Esta reforma no puede analizarse de manera superficial.<\/p>\n<p style=\"text-align: justify;\">Toca aspectos sensibles como: <span style=\"text-decoration: underline;\">la estructura de la carrera docente, la previsibilidad del sistema y la forma en que el Estado reconoce la producci\u00f3n acad\u00e9mica<\/span><\/p>\n<p style=\"text-align: justify;\">No se trata de anticipar juicios de inconstitucionalidad sin un estudio completo.<\/p>\n<p style=\"text-align: justify;\">Pero s\u00ed de advertir que cualquier modificaci\u00f3n debe ser cuidadosa para no afectar la confianza en las reglas del juego.<\/p>\n<p style=\"text-align: justify;\"><span style=\"text-decoration: underline;\"><strong>\u00abMi posici\u00f3n\u00bb\u00a0<\/strong><\/span><\/p>\n<p style=\"text-align: justify;\">Lo planteo con claridad:<\/p>\n<p style=\"text-align: justify;\">Estoy de acuerdo con revisar el Decreto 1279.<\/p>\n<p style=\"text-align: justify;\">Estoy de acuerdo con corregir abusos.<\/p>\n<p style=\"text-align: justify;\">Estoy de acuerdo con fortalecer los mecanismos de control y transparencia.<\/p>\n<p style=\"text-align: justify;\">Pero considero que cualquier reforma debe evitar generar incertidumbre sobre el reconocimiento del m\u00e9rito acad\u00e9mico.<\/p>\n<p style=\"text-align: justify;\">La universidad p\u00fablica no se fortalece negando sus problemas.<\/p>\n<p style=\"text-align: justify;\">Pero tampoco se consolida si se debilitan los incentivos que sostienen la docencia, la investigaci\u00f3n y la formaci\u00f3n de alto nivel.<\/p>\n<p style=\"text-align: justify;\">El desaf\u00edo no es escoger entre sostenibilidad fiscal y m\u00e9rito acad\u00e9mico.<\/p>\n<p style=\"text-align: justify;\">El verdadero desaf\u00edo es lograr un equilibrio que permita ordenar el sistema sin tensionar aquello que le da sentido: el reconocimiento del conocimiento.<\/p>\n<p style=\"text-align: justify;\">Ese es el debate que el pa\u00eds necesita dar.<\/p>\n<p style=\"text-align: justify;\">Y es un debate que exige m\u00e1s argumentos que consignas.<\/p>\n","protected":false},"excerpt":{"rendered":"<p>Por Jaime Ivan Borrero Samper\u00a0 No creo en la cr\u00edtica f\u00e1cil. Y mucho menos cuando se trata de la educaci\u00f3n p\u00fablica. Ser\u00eda irresponsable desconocer que el Gobierno nacional ha incrementado los recursos destinados a las universidades p\u00fablicas en los \u00faltimos a\u00f1os. Las cifras oficiales muestran un esfuerzo relevante en financiaci\u00f3n, que incluye transferencias, gratuidad y&#8230;<\/p>\n","protected":false},"author":2,"featured_media":7669,"comment_status":"open","ping_status":"open","sticky":false,"template":"","format":"standard","meta":{"advanced_seo_description":"","jetpack_seo_html_title":"","jetpack_seo_noindex":false,"jetpack_post_was_ever_published":false,"_jetpack_newsletter_access":"","_jetpack_dont_email_post_to_subs":false,"_jetpack_newsletter_tier_id":0,"_jetpack_memberships_contains_paywalled_content":false,"_jetpack_memberships_contains_paid_content":false,"footnotes":"","jetpack_publicize_message":"","jetpack_publicize_feature_enabled":true,"jetpack_social_post_already_shared":true,"jetpack_social_options":{"image_generator_settings":{"template":"highway","default_image_id":0,"font":"","enabled":false},"version":2}},"categories":[2],"tags":[],"class_list":["post-7668","post","type-post","status-publish","format-standard","has-post-thumbnail","hentry","category-noticias"],"jetpack_publicize_connections":[],"jetpack_featured_media_url":"https:\/\/i0.wp.com\/sintradeua.org\/co\/wp-content\/uploads\/2026\/04\/file_0000000008cc720e9fa9875d4861d159.png?fit=1536%2C1024&ssl=1","jetpack_sharing_enabled":true,"jetpack_shortlink":"https:\/\/wp.me\/paSj5R-1ZG","_links":{"self":[{"href":"https:\/\/sintradeua.org\/co\/wp-json\/wp\/v2\/posts\/7668","targetHints":{"allow":["GET"]}}],"collection":[{"href":"https:\/\/sintradeua.org\/co\/wp-json\/wp\/v2\/posts"}],"about":[{"href":"https:\/\/sintradeua.org\/co\/wp-json\/wp\/v2\/types\/post"}],"author":[{"embeddable":true,"href":"https:\/\/sintradeua.org\/co\/wp-json\/wp\/v2\/users\/2"}],"replies":[{"embeddable":true,"href":"https:\/\/sintradeua.org\/co\/wp-json\/wp\/v2\/comments?post=7668"}],"version-history":[{"count":1,"href":"https:\/\/sintradeua.org\/co\/wp-json\/wp\/v2\/posts\/7668\/revisions"}],"predecessor-version":[{"id":7670,"href":"https:\/\/sintradeua.org\/co\/wp-json\/wp\/v2\/posts\/7668\/revisions\/7670"}],"wp:featuredmedia":[{"embeddable":true,"href":"https:\/\/sintradeua.org\/co\/wp-json\/wp\/v2\/media\/7669"}],"wp:attachment":[{"href":"https:\/\/sintradeua.org\/co\/wp-json\/wp\/v2\/media?parent=7668"}],"wp:term":[{"taxonomy":"category","embeddable":true,"href":"https:\/\/sintradeua.org\/co\/wp-json\/wp\/v2\/categories?post=7668"},{"taxonomy":"post_tag","embeddable":true,"href":"https:\/\/sintradeua.org\/co\/wp-json\/wp\/v2\/tags?post=7668"}],"curies":[{"name":"wp","href":"https:\/\/api.w.org\/{rel}","templated":true}]}}