{"id":7593,"date":"2026-01-26T20:06:05","date_gmt":"2026-01-27T01:06:05","guid":{"rendered":"https:\/\/sintradeua.org\/co\/?p=7593"},"modified":"2026-01-26T20:06:05","modified_gmt":"2026-01-27T01:06:05","slug":"universidad-del-atlantico-la-vigilancia-especial-no-puede-convertirse-en-una-nueva-captura-del-poder","status":"publish","type":"post","link":"https:\/\/sintradeua.org\/co\/universidad-del-atlantico-la-vigilancia-especial-no-puede-convertirse-en-una-nueva-captura-del-poder\/","title":{"rendered":"Universidad del Atl\u00e1ntico: la vigilancia especial no puede convertirse en una nueva captura del poder"},"content":{"rendered":"<p style=\"text-align: justify;\"><strong>Por Jaime Ivan Borrero Samper\u00a0<\/strong><\/p>\n<p style=\"text-align: justify;\">La Universidad del Atl\u00e1ntico no fue sometida a vigilancia especial para que el poder cambiara de manos y siguiera operando de la misma manera. Fue intervenida porque la institucionalidad fue secuestrada, porque se perdi\u00f3 el control legal de la administraci\u00f3n y porque la Universidad dej\u00f3 de responder a sus fines misionales.<\/p>\n<p style=\"text-align: justify;\">Ese es el hecho pol\u00edtico y jur\u00eddico de fondo.<\/p>\n<p style=\"text-align: justify;\">Negarlo es autoenga\u00f1o.<\/p>\n<p style=\"text-align: justify;\">La medida adoptada por el Ministerio de Educaci\u00f3n Nacional, al amparo de la Ley 1740 de 2014, <strong>no es un espaldarazo pol\u00edtico,<\/strong> ni una delegaci\u00f3n de poder discrecional, ni mucho menos una patente de corso para que terceros, con agenda propia, se apropien de la Universidad.<\/p>\n<p style=\"text-align: justify;\">Sin embargo, hoy es imposible guardar silencio frente a una realidad cada vez m\u00e1s evidente: <strong>la vigilancia especial empieza a ser rodeada, interferida y distorsionada por operadores pol\u00edticos que act\u00faan desde la sombra.<\/strong><\/p>\n<p style=\"text-align: justify;\"><span style=\"text-decoration: underline;\"><em><strong>\u00abNo hay vac\u00edo de poder: hay intromisi\u00f3n indebida\u00bb<\/strong><\/em><\/span><\/p>\n<p style=\"text-align: justify;\">Aqu\u00ed no hay confusi\u00f3n institucional.<\/p>\n<p style=\"text-align: justify;\">Lo que hay es <strong>intromisi\u00f3n<\/strong>.<\/p>\n<p style=\"text-align: justify;\">Se ha instalado, de manera abierta y reiterada, la actuaci\u00f3n de personas sin<strong> ning\u00fan v\u00ednculo laboral ni contractual con la Universidad del Atl\u00e1ntico, ni con el Ministerio de Educaci\u00f3n Nacional, que opinan, orientan, presionan y condicionan decisiones administrativas<\/strong>, ampar\u00e1ndose en un supuesto respaldo del Gobierno Nacional.<\/p>\n<p style=\"text-align: justify;\">Personas que <strong>hablan en nombre del Presidente Gustavo Petro<\/strong>.<\/p>\n<p style=\"text-align: justify;\">Personas que invocan <strong>al Ministerio de Educaci\u00f3n<\/strong> como si fueran sus delegados.<\/p>\n<p style=\"text-align: justify;\">Personas que <strong>no tienen acto administrativo, ni nombramiento, ni responsabilidad jur\u00eddica<\/strong>, pero que pretenden ejercer poder real.<\/p>\n<p style=\"text-align: justify;\">Eso no es acompa\u00f1amiento institucional.<\/p>\n<p style=\"text-align: justify;\">Eso es <strong>captura informal del poder<\/strong>.<\/p>\n<p style=\"text-align: justify;\">Y cuando esa captura tiene <strong>sesgo pol\u00edtico<\/strong>, cuando busca <strong>favorecer sectores con aspiraciones electorales externas a la Universidad<\/strong>, el problema deja de ser administrativo y se convierte en <strong>una amenaza directa a la autonom\u00eda universitaria y a la legalidad.<\/strong><\/p>\n<p style=\"text-align: justify;\">\u00ab<span style=\"text-decoration: underline;\"><em><strong>El nombre del Presidente no es un salvoconducto\u00bb<\/strong><\/em><\/span><\/p>\n<p style=\"text-align: justify;\">Decirlo con claridad es una obligaci\u00f3n \u00e9tica y pol\u00edtica: <strong>nadie puede usar el nombre del Presidente de la Rep\u00fablica como coartada para intervenir una universidad p\u00fablica.<\/strong><\/p>\n<p style=\"text-align: justify;\">El Gobierno del presidente Gustavo Petro, al que muchos respaldamos pol\u00edticamente, <strong>no se honra con operadores informales<\/strong>, ni con pr\u00e1cticas opacas, ni con intermediarios sin investidura. Por el contrario, se<strong> deslegitima<\/strong> cuando su nombre es utilizado para justificar decisiones sesgadas, presiones indebidas o reacomodos de poder.<\/p>\n<p style=\"text-align: justify;\">Si alguien act\u00faa en nombre del Presidente o del Ministerio, debe<strong> demostrarlo con actos administrativos, competencias formales y responsabilidades claras.<\/strong><\/p>\n<p style=\"text-align: justify;\">Todo lo dem\u00e1s es usurpaci\u00f3n simb\u00f3lica del poder.<\/p>\n<p style=\"text-align: justify;\"><span style=\"text-decoration: underline;\"><em><strong>\u00abCastillo no fue designado para servir de fachada<\/strong><\/em><\/span>\u00ab<\/p>\n<p style=\"text-align: justify;\">El rector designado por el MEN no<strong> lleg\u00f3 para ser una figura <\/strong>decorativa, ni para permitir que otros gobiernen a trav\u00e9s suyo. Lleg\u00f3, en teor\u00eda,\u00a0 para <strong>recuperar la institucionalidad,<\/strong> no para prestarse como fachada de intereses ajenos a la Universidad.<\/p>\n<p style=\"text-align: justify;\">Si su administraci\u00f3n tolera, permite o legitima la incidencia de operadores pol\u00edticos externos, <span style=\"text-decoration: underline;\"><em><strong>ser\u00e1 responsable por acci\u00f3n u omisi\u00f3n<\/strong><\/em><\/span>. La vigilancia especial no exonera responsabilidades: las agrava.<\/p>\n<p style=\"text-align: justify;\">\u00ab<span style=\"text-decoration: underline;\"><em><strong>La contrataci\u00f3n: el bot\u00edn preferido de la captura<\/strong><\/em><\/span>\u00ab<\/p>\n<p style=\"text-align: justify;\">No es casualidad que el punto m\u00e1s sensible sea la contrataci\u00f3n.<\/p>\n<p style=\"text-align: justify;\">Cuando aparecen decisiones contractuales desfasadas, selectivas, lentas o direccionadas; cuando se paralizan procesos misionales mientras se mueven otros con rapidez sospechosa; cuando la contrataci\u00f3n empieza a oler m\u00e1s a c\u00e1lculo pol\u00edtico que a planeaci\u00f3n institucional, la <strong>alarma debe encenderse<\/strong>.<\/p>\n<p style=\"text-align: justify;\">La contrataci\u00f3n p\u00fablica <strong>no es una herramienta de alineamiento pol\u00edtico<\/strong>, ni un premio, ni una palanca para construir lealtades. Quien la use as\u00ed <span style=\"text-decoration: underline;\"><em><strong>repite exactamente las pr\u00e1cticas que llevaron a esta Universidad a la crisis.<\/strong><\/em><\/span><\/p>\n<p style=\"text-align: justify;\">\u00ab<span style=\"text-decoration: underline;\"><em><strong>Esta vez s\u00ed habr\u00e1 oposici\u00f3n\u00bb<\/strong><\/em><\/span><\/p>\n<p style=\"text-align: justify;\">Que no haya dudas.<\/p>\n<p style=\"text-align: justify;\">Esto <strong>no es una diferencia de opini\u00f3n,<\/strong> ni una cr\u00edtica coyuntural, ni un malestar pasajero.<\/p>\n<p style=\"text-align: justify;\">Esto es <strong>oposici\u00f3n institucional consciente y decidida.<\/strong><\/p>\n<p style=\"text-align: justify;\">Oposici\u00f3n a la captura del poder.<\/p>\n<p style=\"text-align: justify;\">Oposici\u00f3n a la informalidad con sesgo pol\u00edtico.<\/p>\n<p style=\"text-align: justify;\">Oposici\u00f3n a la utilizaci\u00f3n de la Universidad como plataforma de proyecci\u00f3n externa.<\/p>\n<p style=\"text-align: justify;\">La Universidad del Atl\u00e1ntico no<strong> se recupera cambiando de nombres, sino cambiando de pr\u00e1cticas<\/strong>. Y quien crea que puede administrar la vigilancia especial como un bot\u00edn transitorio, encontrar\u00e1 resistencia.<\/p>\n<p style=\"text-align: justify;\">Aqu\u00ed no se gobierna con rumores, ni con \u201cmensajes del Presidente\u201d, ni con supuestas l\u00edneas del Ministerio transmitidas por terceros.<\/p>\n<p style=\"text-align: justify;\">Aqu\u00ed se gobierna con ley, con actos administrativos y con responsabilidad p\u00fablica.<\/p>\n<p style=\"text-align: justify;\">Todo lo dem\u00e1s es ileg\u00edtimo.<\/p>\n<p style=\"text-align: justify;\">Y frente a eso, <strong>no habr\u00e1 silencio, ni prudencia c\u00f3moda, ni acompa\u00f1amiento acr\u00edtico.<\/strong><\/p>\n<p style=\"text-align: justify;\"><span style=\"text-decoration: underline;\"><em><strong>Habr\u00e1 oposici\u00f3n.<\/strong><\/em><\/span><\/p>\n","protected":false},"excerpt":{"rendered":"<p>Por Jaime Ivan Borrero Samper\u00a0 La Universidad del Atl\u00e1ntico no fue sometida a vigilancia especial para que el poder cambiara de manos y siguiera operando de la misma manera. Fue intervenida porque la institucionalidad fue secuestrada, porque se perdi\u00f3 el control legal de la administraci\u00f3n y porque la Universidad dej\u00f3 de responder a sus fines&#8230;<\/p>\n","protected":false},"author":2,"featured_media":7439,"comment_status":"open","ping_status":"open","sticky":false,"template":"","format":"standard","meta":{"advanced_seo_description":"","jetpack_seo_html_title":"","jetpack_seo_noindex":false,"jetpack_post_was_ever_published":false,"_jetpack_newsletter_access":"","_jetpack_dont_email_post_to_subs":false,"_jetpack_newsletter_tier_id":0,"_jetpack_memberships_contains_paywalled_content":false,"_jetpack_memberships_contains_paid_content":false,"footnotes":"","jetpack_publicize_message":"","jetpack_publicize_feature_enabled":true,"jetpack_social_post_already_shared":true,"jetpack_social_options":{"image_generator_settings":{"template":"highway","default_image_id":0,"font":"","enabled":false},"version":2}},"categories":[2],"tags":[],"class_list":["post-7593","post","type-post","status-publish","format-standard","has-post-thumbnail","hentry","category-noticias"],"jetpack_publicize_connections":[],"jetpack_featured_media_url":"https:\/\/i0.wp.com\/sintradeua.org\/co\/wp-content\/uploads\/2025\/11\/Z7CW7J2FL5MQXMMTEZVNUITBGA.jpg?fit=1080%2C624&ssl=1","jetpack_sharing_enabled":true,"jetpack_shortlink":"https:\/\/wp.me\/paSj5R-1Yt","_links":{"self":[{"href":"https:\/\/sintradeua.org\/co\/wp-json\/wp\/v2\/posts\/7593","targetHints":{"allow":["GET"]}}],"collection":[{"href":"https:\/\/sintradeua.org\/co\/wp-json\/wp\/v2\/posts"}],"about":[{"href":"https:\/\/sintradeua.org\/co\/wp-json\/wp\/v2\/types\/post"}],"author":[{"embeddable":true,"href":"https:\/\/sintradeua.org\/co\/wp-json\/wp\/v2\/users\/2"}],"replies":[{"embeddable":true,"href":"https:\/\/sintradeua.org\/co\/wp-json\/wp\/v2\/comments?post=7593"}],"version-history":[{"count":1,"href":"https:\/\/sintradeua.org\/co\/wp-json\/wp\/v2\/posts\/7593\/revisions"}],"predecessor-version":[{"id":7594,"href":"https:\/\/sintradeua.org\/co\/wp-json\/wp\/v2\/posts\/7593\/revisions\/7594"}],"wp:featuredmedia":[{"embeddable":true,"href":"https:\/\/sintradeua.org\/co\/wp-json\/wp\/v2\/media\/7439"}],"wp:attachment":[{"href":"https:\/\/sintradeua.org\/co\/wp-json\/wp\/v2\/media?parent=7593"}],"wp:term":[{"taxonomy":"category","embeddable":true,"href":"https:\/\/sintradeua.org\/co\/wp-json\/wp\/v2\/categories?post=7593"},{"taxonomy":"post_tag","embeddable":true,"href":"https:\/\/sintradeua.org\/co\/wp-json\/wp\/v2\/tags?post=7593"}],"curies":[{"name":"wp","href":"https:\/\/api.w.org\/{rel}","templated":true}]}}