{"id":7541,"date":"2025-12-08T11:32:51","date_gmt":"2025-12-08T16:32:51","guid":{"rendered":"https:\/\/sintradeua.org\/co\/?p=7541"},"modified":"2025-12-08T11:32:51","modified_gmt":"2025-12-08T16:32:51","slug":"%f0%9f%95%af%ef%b8%8fvelitas-virgen-y-verdad","status":"publish","type":"post","link":"https:\/\/sintradeua.org\/co\/%f0%9f%95%af%ef%b8%8fvelitas-virgen-y-verdad\/","title":{"rendered":"\ud83d\udd6f\ufe0fVelitas, Virgen y Verdad"},"content":{"rendered":"<p style=\"text-align: justify;\"><strong>Por Jaime Ivan Borrero Samper<\/strong><\/p>\n<p style=\"text-align: justify;\"><strong>La Universidad del Atl\u00e1ntico ilumina\u2026 porque al fin se ve la verdad<\/strong><\/p>\n<p style=\"text-align: justify;\">En Colombia, la celebraci\u00f3n de las velitas tiene un encanto propio: hay quienes las encienden en la noche del 7 de diciembre para recibir la fiesta con el primer destello, y hay quienes esperan la madrugada del 8, d\u00eda dedicado a la Virgen de la Inmaculada Concepci\u00f3n.<\/p>\n<p style=\"text-align: justify;\">El resultado es el mismo: El pa\u00eds entero se ilumina entre faroles, oraciones, m\u00fasica y el deseo compartido de claridad para el camino que viene.<\/p>\n<p style=\"text-align: justify;\">Pero mientras miles de familias elevaban sus peticiones con la llama tranquila de una velita encendida, en la Universidad del Atl\u00e1ntico algunas luces se prend\u00edan por razones menos espirituales y mucho m\u00e1s terrenales: la verdad, esa que no pide permiso y que alumbra incluso donde no la invitan, empez\u00f3 a disipar la penumbra institucional.<\/p>\n<p style=\"text-align: justify;\"><span style=\"text-decoration: underline;\"><em><strong>\u00ab\ud83d\udd6f\ufe0f La velita de Cancino: la del susto elegante\u00bb<\/strong><\/em><\/span><\/p>\n<p style=\"text-align: justify;\">El abogado Cancino apareci\u00f3 en la nota de El Heraldo con una velita blanca, no para celebrar la tradici\u00f3n, sino para espantar la medida cautelar que estudia el Tribunal Administrativo del Atl\u00e1ntico.<\/p>\n<p style=\"text-align: justify;\">All\u00ed advirti\u00f3:<\/p>\n<p style=\"text-align: justify;\">\u201cSi revocan o suspenden, iniciaremos acciones legales\u2026 porque la elecci\u00f3n fue absolutamente legal\u201d.<\/p>\n<p style=\"text-align: justify;\">Pero su mensaje ten\u00eda un destinatario evidente: El Magistrado \u00d3scar Wilches Donado, quien debe decidir si suspende o no el acto de designaci\u00f3n del se\u00f1or Leyton Barrios.<\/p>\n<p style=\"text-align: justify;\">Lo que Cancino sopla como advertencia, el Tribunal ya lo conoce como evidencia:<\/p>\n<p style=\"text-align: justify;\"><strong>la Universidad de Salamanca certific\u00f3 que los documentos aportados por Leyton eran falsos<\/strong>.<\/p>\n<p style=\"text-align: justify;\">Y ante eso, no hay vela que oscurezca la realidad.<\/p>\n<p style=\"text-align: justify;\"><span style=\"text-decoration: underline;\"><em><strong>\u00ab\ud83d\udd6f\ufe0f La velita del litigio m\u00faltiple: la verdad que lleg\u00f3 por varios caminos<\/strong><\/em><\/span>\u00ab<\/p>\n<p style=\"text-align: justify;\">Y aqu\u00ed conviene aclarar algo que algunos prefieren dejar en penumbra:<\/p>\n<p style=\"text-align: justify;\"><strong>No existe una sola demanda <\/strong>de nulidad electoral contra la designaci\u00f3n de Leyton Barrios, son varias, todas activas, todas tramit\u00e1ndose en el Tribunal Administrativo del Atl\u00e1ntico, todas apuntando al mismo problema: el acto naci\u00f3 viciado.<\/p>\n<p style=\"text-align: justify;\">Pero entre ellas hay una que ilumina con especial fuerza: <em><strong>la presentada por el propio gobernador del Atl\u00e1ntico, Eduardo Verano de la Rosa, <\/strong><\/em>y que hoy se estudia <strong>en el despacho del Magistrado \u00d3scar Wilches Donado,<\/strong> precisamente el mismo a quien Cancino parece \u201cdirigirse\u201d cuando advierte acciones legales.<\/p>\n<p style=\"text-align: justify;\">No es coincidencia.<\/p>\n<p style=\"text-align: justify;\">No es ret\u00f3rica.<\/p>\n<p style=\"text-align: justify;\">No es ruido.<\/p>\n<p style=\"text-align: justify;\">Es en ese despacho donde convergen: la falsedad documentada por Salamanca, las contradicciones de la Americana, la ruptura del principio de moralidad administrativa, y la responsabilidad institucional de un proceso rectoral que perdi\u00f3 el rumbo.<\/p>\n<p style=\"text-align: justify;\">El Tribunal no enfrenta una queja aislada, enfrenta un <strong>coro jur\u00eddico<\/strong> entero recordando que la luz de la legalidad no se apaga con discursos.<\/p>\n<p style=\"text-align: justify;\"><span style=\"text-decoration: underline;\"><em><strong>\u00ab\ud83d\udd6f\ufe0f La velita de Leyton: la que no alcanza para alumbrar la verdad\u00bb<\/strong><\/em><\/span><\/p>\n<p style=\"text-align: justify;\">En esta fecha en la que miles buscan luz para guiar sus caminos, el caso de Leyton Barrios demuestra que hay sombras que ni la vela m\u00e1s intensa logra disipar.<\/p>\n<p style=\"text-align: justify;\">La Universidad de Salamanca fue categ\u00f3rica: no tuvo v\u00ednculo acad\u00e9mico, ni docente, ni contractual y declara, que la certificaci\u00f3n presentada por el se\u00f1or Leyton Barrios es FALSA.<\/p>\n<p style=\"text-align: justify;\">La experiencia presentada ante el Consejo Superior se desvaneci\u00f3 como humo ante la primera llama que la toc\u00f3.<\/p>\n<p style=\"text-align: justify;\">La Universidad Americana a\u00f1adi\u00f3 penumbra con certificaciones contradictorias que dejaron expuesta una verdad inc\u00f3moda: lo que se present\u00f3 como trayectoria profesional simplemente no existe.<\/p>\n<p style=\"text-align: justify;\">Y el derecho no se deja enga\u00f1ar por adornos decembrinos.<\/p>\n<p style=\"text-align: justify;\">El art\u00edculo 5 de la Ley 190 de 1995 establece que cuando se oculta informaci\u00f3n o se aportan documentos falsos, <strong>el acto administrativo debe caer,<\/strong> porque lo il\u00edcito no crea derechos.<\/p>\n<p style=\"text-align: justify;\">La velita de Leyton, lejos de iluminar un camino, termin\u00f3 proyectando la silueta de un acto nacido sin soporte, sin verdad y sin legalidad.<\/p>\n<p style=\"text-align: justify;\">No es cuesti\u00f3n de fe. Es cuesti\u00f3n de derecho.<\/p>\n<p style=\"text-align: justify;\"><span style=\"text-decoration: underline;\"><em><strong>\u00ab\ud83d\udd6f\ufe0f La velita de Verano: la del equilibrio pol\u00edtico\u00bb<\/strong><\/em><\/span><\/p>\n<p style=\"text-align: justify;\">En la Gobernaci\u00f3n tambi\u00e9n se encendi\u00f3 una velita: la de la prudencia.<\/p>\n<p style=\"text-align: justify;\">El gobernador Eduardo Verano intenta equilibrar la presi\u00f3n p\u00fablica, la responsabilidad institucional y el ruido jur\u00eddico que crece cada d\u00eda.<\/p>\n<p style=\"text-align: justify;\">Su velita busca paz en diciembre\u2026pero la institucionalidad exige luz, no silencio.<\/p>\n<p style=\"text-align: justify;\"><strong><span style=\"text-decoration: underline;\"><em>\u00ab\ud83d\udd6f\ufe0f La velita del Movimiento Estudiantil: la que nunca se apaga<\/em><\/span>\u00ab<\/strong><\/p>\n<p style=\"text-align: justify;\">Si alguien sabe de velas que iluminan, son los estudiantes.<\/p>\n<p style=\"text-align: justify;\">Pero ellos no encienden una: encienden miles.<\/p>\n<p style=\"text-align: justify;\">El paro que hoy sacude la universidad no naci\u00f3 de un capricho, sino del cansancio: Cansancio ante la improvisaci\u00f3n, ante las irregularidades, ante la falta de rumbo y la ausencia de respuestas.<\/p>\n<p style=\"text-align: justify;\">La luz del movimiento estudiantil, resistencia pura, alumbra m\u00e1s que cualquier comunicado institucional.<\/p>\n<p style=\"text-align: justify;\">No se apaga con amenazas.<\/p>\n<p style=\"text-align: justify;\">No se apaga con silencios.<\/p>\n<p style=\"text-align: justify;\"><span style=\"text-decoration: underline;\"><em><strong>\u00ab\ud83d\udd6f\ufe0f La velita del MEN: la luz de la vigilancia\u00bb<\/strong><\/em><\/span><\/p>\n<p style=\"text-align: justify;\">El Ministerio de Educaci\u00f3n Nacional sostiene una vela delicada: La que equilibra la autonom\u00eda universitaria con la obligaci\u00f3n de vigilar y garantizar la legalidad.<\/p>\n<p style=\"text-align: justify;\">En esta coyuntura, su luz debe ser clara:<\/p>\n<p style=\"text-align: justify;\">la universidad m\u00e1s grande del Caribe no puede quedar atrapada en un acto viciado, ni en discursos ambiguos.<\/p>\n<p style=\"text-align: justify;\">La autonom\u00eda no es excusa para la impunidad.<\/p>\n<p style=\"text-align: justify;\">Nunca lo ha sido.<\/p>\n<p style=\"text-align: justify;\"><span style=\"text-decoration: underline;\"><em><strong>\u00ab\ud83d\udd6f\ufe0f La velita de los Sindicatos: la de la dignidad p\u00fablica\u00bb<\/strong><\/em><\/span><\/p>\n<p style=\"text-align: justify;\">Mientras algunos compran p\u00f3lvora, los sindicatos compran argumentos.<\/p>\n<p style=\"text-align: justify;\">Y explotan igual\u2026 pero con fundamento jur\u00eddico.<\/p>\n<p style=\"text-align: justify;\"><strong>SINTRADEUA<\/strong> , <strong>ASPU, SINTRAPROVUA, ASEES, ADT, ASODOCUA <\/strong>y otros sectores de la comunidad acad\u00e9mica han sostenido la vela m\u00e1s noble: La de la defensa de lo p\u00fablico, la de la transparencia, la de no permitir que la mentira se normalice como pr\u00e1ctica institucional.<\/p>\n<p style=\"text-align: justify;\">Es una luz inc\u00f3moda para quien prefiere la sombra, pero necesaria para quien cree en la universidad como bien com\u00fan.<\/p>\n<p style=\"text-align: justify;\"><span style=\"text-decoration: underline;\"><em><strong>\u00ab\ud83d\udd6f\ufe0f La velita del Tribunal: la \u00fanica que no se puede apagar\u00bb<\/strong><\/em><\/span><\/p>\n<p style=\"text-align: justify;\">El Magistrado Wilches Donado tiene ante s\u00ed una decisi\u00f3n hist\u00f3rica.<\/p>\n<p style=\"text-align: justify;\">No con un bando, no con un actor pol\u00edtico, no con un sindicato, sino con la justicia misma.<\/p>\n<p style=\"text-align: justify;\">La medida cautelar ser\u00e1 la primera prueba de fuego de esta Navidad universitaria.<\/p>\n<p style=\"text-align: justify;\">Una se\u00f1al de si la luz puede m\u00e1s que las presiones, de si la independencia judicial permanece intacta en el Atl\u00e1ntico, de si la justicia puede brillar donde muchos intentan apagarla.<\/p>\n<p style=\"text-align: justify;\"><span style=\"text-decoration: underline;\"><em><strong>\ud83d\udd6f\ufe0f La luz no miente<\/strong><\/em><\/span><\/p>\n<p style=\"text-align: justify;\">Hoy, cuando el pa\u00eds celebra a la Virgen y enciende sus velitas , ya sea en la noche del 7 o en la madrugada del 8, cada quien prende la suya:<\/p>\n<p style=\"text-align: justify;\">Cancino, la del susto.<\/p>\n<p style=\"text-align: justify;\">Leyton, la de la sombra.<\/p>\n<p style=\"text-align: justify;\">Verano, la de la prudencia.<\/p>\n<p style=\"text-align: justify;\">Los estudiantes, la de la resistencia.<\/p>\n<p style=\"text-align: justify;\">El MEN, la de la vigilancia.<\/p>\n<p style=\"text-align: justify;\">Los sindicatos, la de la dignidad.<\/p>\n<p style=\"text-align: justify;\">La ciudadan\u00eda, la de la esperanza.<\/p>\n<p style=\"text-align: justify;\">Pero hay una que no se apaga ni se sopla: <span style=\"text-decoration: underline;\"><em><strong>la velita de la verdad.<\/strong><\/em><\/span><\/p>\n","protected":false},"excerpt":{"rendered":"<p>Por Jaime Ivan Borrero Samper La Universidad del Atl\u00e1ntico ilumina\u2026 porque al fin se ve la verdad En Colombia, la celebraci\u00f3n de las velitas tiene un encanto propio: hay quienes las encienden en la noche del 7 de diciembre para recibir la fiesta con el primer destello, y hay quienes esperan la madrugada del 8,&#8230;<\/p>\n","protected":false},"author":2,"featured_media":7542,"comment_status":"open","ping_status":"open","sticky":false,"template":"","format":"standard","meta":{"advanced_seo_description":"","jetpack_seo_html_title":"","jetpack_seo_noindex":false,"jetpack_post_was_ever_published":false,"_jetpack_newsletter_access":"","_jetpack_dont_email_post_to_subs":false,"_jetpack_newsletter_tier_id":0,"_jetpack_memberships_contains_paywalled_content":false,"_jetpack_memberships_contains_paid_content":false,"footnotes":"","jetpack_publicize_message":"","jetpack_publicize_feature_enabled":true,"jetpack_social_post_already_shared":true,"jetpack_social_options":{"image_generator_settings":{"template":"highway","default_image_id":0,"font":"","enabled":false},"version":2}},"categories":[2],"tags":[],"class_list":["post-7541","post","type-post","status-publish","format-standard","has-post-thumbnail","hentry","category-noticias"],"jetpack_publicize_connections":[],"jetpack_featured_media_url":"https:\/\/i0.wp.com\/sintradeua.org\/co\/wp-content\/uploads\/2025\/12\/5da5762a726e4ba9a0099529bfc130d5.jpg?fit=1200%2C1600&ssl=1","jetpack_sharing_enabled":true,"jetpack_shortlink":"https:\/\/wp.me\/paSj5R-1XD","_links":{"self":[{"href":"https:\/\/sintradeua.org\/co\/wp-json\/wp\/v2\/posts\/7541","targetHints":{"allow":["GET"]}}],"collection":[{"href":"https:\/\/sintradeua.org\/co\/wp-json\/wp\/v2\/posts"}],"about":[{"href":"https:\/\/sintradeua.org\/co\/wp-json\/wp\/v2\/types\/post"}],"author":[{"embeddable":true,"href":"https:\/\/sintradeua.org\/co\/wp-json\/wp\/v2\/users\/2"}],"replies":[{"embeddable":true,"href":"https:\/\/sintradeua.org\/co\/wp-json\/wp\/v2\/comments?post=7541"}],"version-history":[{"count":2,"href":"https:\/\/sintradeua.org\/co\/wp-json\/wp\/v2\/posts\/7541\/revisions"}],"predecessor-version":[{"id":7544,"href":"https:\/\/sintradeua.org\/co\/wp-json\/wp\/v2\/posts\/7541\/revisions\/7544"}],"wp:featuredmedia":[{"embeddable":true,"href":"https:\/\/sintradeua.org\/co\/wp-json\/wp\/v2\/media\/7542"}],"wp:attachment":[{"href":"https:\/\/sintradeua.org\/co\/wp-json\/wp\/v2\/media?parent=7541"}],"wp:term":[{"taxonomy":"category","embeddable":true,"href":"https:\/\/sintradeua.org\/co\/wp-json\/wp\/v2\/categories?post=7541"},{"taxonomy":"post_tag","embeddable":true,"href":"https:\/\/sintradeua.org\/co\/wp-json\/wp\/v2\/tags?post=7541"}],"curies":[{"name":"wp","href":"https:\/\/api.w.org\/{rel}","templated":true}]}}