{"id":7531,"date":"2025-12-05T15:30:43","date_gmt":"2025-12-05T20:30:43","guid":{"rendered":"https:\/\/sintradeua.org\/co\/?p=7531"},"modified":"2025-12-05T16:16:05","modified_gmt":"2025-12-05T21:16:05","slug":"el-consejo-de-bienestar-universitario-reconoce-la-crisis-las-conclusiones-que-hoy-se-hicieron-oficiales","status":"publish","type":"post","link":"https:\/\/sintradeua.org\/co\/el-consejo-de-bienestar-universitario-reconoce-la-crisis-las-conclusiones-que-hoy-se-hicieron-oficiales\/","title":{"rendered":"El Consejo de Bienestar Universitario reconoce la crisis: las conclusiones que hoy se hicieron oficiales"},"content":{"rendered":"<p style=\"text-align: justify;\"><strong>Por Jaime Ivan Borrero Samper\u00a0<\/strong><\/p>\n<p style=\"text-align: justify;\">Este 5 de diciembre, la Universidad del Atl\u00e1ntico dio un giro significativo en el manejo de la situaci\u00f3n actual.<\/p>\n<p style=\"text-align: justify;\">En sesi\u00f3n formal, el Consejo de Bienestar Universitario adopt\u00f3 decisiones que confirman algo que hasta hoy no hab\u00eda sido reconocido de manera institucional: la Universidad atraviesa una crisis que requiere acciones inmediatas.<\/p>\n<p style=\"text-align: justify;\">La discusi\u00f3n se abri\u00f3 gracias a la representante estudiantil <strong>Jeirys Puccini<\/strong>, quien propuso modificar el orden del d\u00eda para incluir el an\u00e1lisis de la crisis y los riesgos de escalamiento de violencia dentro del campus. Aunque inicialmente se plante\u00f3 mantener la agenda tal como estaba, finalmente el Consejo acogi\u00f3 la petici\u00f3n y procedi\u00f3 a discutir el tema de fondo.<\/p>\n<p style=\"text-align: justify;\">Durante la sesi\u00f3n, la representante estudiantil <strong>Mar\u00eda Katalina Alean<\/strong> expuso que existen denuncias en materia de derechos humanos recopiladas por los estudiantes, frente a las cuales no se ha visto avance ni tr\u00e1mite por parte de la administraci\u00f3n. Su intervenci\u00f3n evidenci\u00f3 una problem\u00e1tica que no pod\u00eda seguir siendo ignorada.<\/p>\n<p style=\"text-align: justify;\">Por su parte, la representante estudiantil <strong>Rosa Castillo tom\u00f3 un papel decisivo en dos puntos<\/strong> fundamentales de la sesi\u00f3n:<\/p>\n<p style=\"text-align: justify;\">Fue ella quien propuso la creaci\u00f3n de la comisi\u00f3n operativa encargada de acompa\u00f1ar, verificar y dar seguimiento a las medidas que se adopten frente al escenario cr\u00edtico.<\/p>\n<p style=\"text-align: justify;\">Fue tambi\u00e9n ella quien exigi\u00f3 la publicaci\u00f3n inmediata de la comunicaci\u00f3n institucional, sustent\u00e1ndose en el Art\u00edculo 12 del Estatuto de Bienestar Universitario, que establece como objetivo de la Vicerrector\u00eda:<\/p>\n<p style=\"text-align: justify;\">\u201c<strong>Generar y optimizar canales de comunicaci\u00f3n y participaci\u00f3n con los estamentos e instancias administrativas de la Universidad, con el fin de difundir los programas y actividades del Sistema de Bienestar Universitario<\/strong>.\u201d<\/p>\n<p style=\"text-align: justify;\">Ese fundamento jur\u00eddico oblig\u00f3 a que el Consejo reconociera que la comunicaci\u00f3n no era un acto opcional, sino un deber institucional.<\/p>\n<p style=\"text-align: justify;\">Adem\u00e1s, se conoci\u00f3 en la sesi\u00f3n que Rosa hab\u00eda presentado previamente una denuncia sobre esta misma problem\u00e1tica.<\/p>\n<p style=\"text-align: justify;\">Gracias a estas intervenciones, la sesi\u00f3n tom\u00f3 un rumbo distinto y se asumi\u00f3 responsabilidad institucional.<\/p>\n<p style=\"text-align: justify;\">\u00ab<strong>Las conclusiones adoptadas hoy por Bienestar Universitario\u00bb<\/strong><\/p>\n<p style=\"text-align: justify;\">Tras la discusi\u00f3n, el Consejo aprob\u00f3 por unanimidad una serie de decisiones que marcan un antes y un despu\u00e9s:<\/p>\n<p style=\"text-align: justify;\"><strong>1- Reconocimiento formal de la crisis<\/strong> <strong>institucional<\/strong>.<\/p>\n<p style=\"text-align: justify;\">El Consejo acept\u00f3 que la Universidad vive un escenario de anormalidad que no puede seguir manej\u00e1ndose como si fuera un hecho aislado.<\/p>\n<p style=\"text-align: justify;\">2<strong>&#8211; Divulgaci\u00f3n de las medidas preventivas ya adoptadas.<\/strong><\/p>\n<p style=\"text-align: justify;\"><strong>La Vicerrector\u00eda inform\u00f3<\/strong> que hab\u00eda tomado medidas, pero estas no hab\u00edan sido comunicadas.<\/p>\n<p style=\"text-align: justify;\">El Consejo reconoci\u00f3 que esa comunicaci\u00f3n debe hacerse de manera inmediata, atendiendo al Estatuto de Bienestar.<\/p>\n<p style=\"text-align: justify;\"><strong>3- Activaci\u00f3n de un plan de contingencia<\/strong>.<\/p>\n<p style=\"text-align: justify;\">Se orden\u00f3 implementar un plan integral de protecci\u00f3n, verificaci\u00f3n y acompa\u00f1amiento ante el estado cr\u00edtico actual.<\/p>\n<p style=\"text-align: justify;\"><strong>4- Creaci\u00f3n de una comisi\u00f3n operativa<\/strong>.<\/p>\n<p style=\"text-align: justify;\">La comisi\u00f3n, propuesta por Rosa Castillo,iniciar\u00e1 funciones la pr\u00f3xima semana, incluso con apoyo jur\u00eddico si es necesario, para evitar que las decisiones se queden en papel.<\/p>\n<p style=\"text-align: justify;\">Un mensaje institucional que ya no se puede omitir<\/p>\n<p style=\"text-align: justify;\">Lo ocurrido hoy es hist\u00f3rico porque, por primera vez en esta coyuntura, un \u00f3rgano universitario reconoce abiertamente la crisis y asume decisiones para enfrentarla.<\/p>\n<p style=\"text-align: justify;\">Las representantes estudiantiles Jeirys Puccini, Mar\u00eda Katalina Alean y Rosa Castillo cumplieron un rol determinante:<\/p>\n<p style=\"text-align: justify;\">abrieron la discusi\u00f3n, visibilizaron denuncias sin tr\u00e1mite, exigieron comunicaciones obligatorias y garantizaron que el Consejo adoptara medidas reales.<\/p>\n<p style=\"text-align: justify;\">Mientras otros espacios han evitado pronunciarse, Bienestar Universitario dej\u00f3 claro que:<\/p>\n<p style=\"text-align: justify;\">La crisis existe.<\/p>\n<p style=\"text-align: justify;\">La comunidad merece informaci\u00f3n verificada.<\/p>\n<p style=\"text-align: justify;\">La prevenci\u00f3n no se puede aplazar.<\/p>\n<p style=\"text-align: justify;\">La Universidad habl\u00f3 hoy a trav\u00e9s de su Consejo de Bienestar.<\/p>\n<p style=\"text-align: justify;\">Y lo que dijo es claro : <strong>la crisis es real y la instituci\u00f3n debe actuar en<\/strong> consecuencia.<\/p>\n","protected":false},"excerpt":{"rendered":"<p>Por Jaime Ivan Borrero Samper\u00a0 Este 5 de diciembre, la Universidad del Atl\u00e1ntico dio un giro significativo en el manejo de la situaci\u00f3n actual. En sesi\u00f3n formal, el Consejo de Bienestar Universitario adopt\u00f3 decisiones que confirman algo que hasta hoy no hab\u00eda sido reconocido de manera institucional: la Universidad atraviesa una crisis que requiere acciones&#8230;<\/p>\n","protected":false},"author":2,"featured_media":7533,"comment_status":"open","ping_status":"open","sticky":false,"template":"","format":"standard","meta":{"advanced_seo_description":"","jetpack_seo_html_title":"","jetpack_seo_noindex":false,"jetpack_post_was_ever_published":false,"_jetpack_newsletter_access":"","_jetpack_dont_email_post_to_subs":false,"_jetpack_newsletter_tier_id":0,"_jetpack_memberships_contains_paywalled_content":false,"_jetpack_memberships_contains_paid_content":false,"footnotes":"","jetpack_publicize_message":"","jetpack_publicize_feature_enabled":true,"jetpack_social_post_already_shared":true,"jetpack_social_options":{"image_generator_settings":{"template":"highway","default_image_id":0,"font":"","enabled":false},"version":2}},"categories":[2],"tags":[],"class_list":["post-7531","post","type-post","status-publish","format-standard","has-post-thumbnail","hentry","category-noticias"],"jetpack_publicize_connections":[],"jetpack_featured_media_url":"https:\/\/i0.wp.com\/sintradeua.org\/co\/wp-content\/uploads\/2025\/12\/Estudiantes-Universidad-del-Atlantico-480x320-1.jpg?fit=480%2C320&ssl=1","jetpack_sharing_enabled":true,"jetpack_shortlink":"https:\/\/wp.me\/paSj5R-1Xt","_links":{"self":[{"href":"https:\/\/sintradeua.org\/co\/wp-json\/wp\/v2\/posts\/7531","targetHints":{"allow":["GET"]}}],"collection":[{"href":"https:\/\/sintradeua.org\/co\/wp-json\/wp\/v2\/posts"}],"about":[{"href":"https:\/\/sintradeua.org\/co\/wp-json\/wp\/v2\/types\/post"}],"author":[{"embeddable":true,"href":"https:\/\/sintradeua.org\/co\/wp-json\/wp\/v2\/users\/2"}],"replies":[{"embeddable":true,"href":"https:\/\/sintradeua.org\/co\/wp-json\/wp\/v2\/comments?post=7531"}],"version-history":[{"count":3,"href":"https:\/\/sintradeua.org\/co\/wp-json\/wp\/v2\/posts\/7531\/revisions"}],"predecessor-version":[{"id":7537,"href":"https:\/\/sintradeua.org\/co\/wp-json\/wp\/v2\/posts\/7531\/revisions\/7537"}],"wp:featuredmedia":[{"embeddable":true,"href":"https:\/\/sintradeua.org\/co\/wp-json\/wp\/v2\/media\/7533"}],"wp:attachment":[{"href":"https:\/\/sintradeua.org\/co\/wp-json\/wp\/v2\/media?parent=7531"}],"wp:term":[{"taxonomy":"category","embeddable":true,"href":"https:\/\/sintradeua.org\/co\/wp-json\/wp\/v2\/categories?post=7531"},{"taxonomy":"post_tag","embeddable":true,"href":"https:\/\/sintradeua.org\/co\/wp-json\/wp\/v2\/tags?post=7531"}],"curies":[{"name":"wp","href":"https:\/\/api.w.org\/{rel}","templated":true}]}}