{"id":7500,"date":"2025-11-27T05:31:09","date_gmt":"2025-11-27T10:31:09","guid":{"rendered":"https:\/\/sintradeua.org\/co\/?p=7500"},"modified":"2025-11-27T05:36:47","modified_gmt":"2025-11-27T10:36:47","slug":"replica-la-verdad-que-la-universidad-del-atlantico-merece","status":"publish","type":"post","link":"https:\/\/sintradeua.org\/co\/replica-la-verdad-que-la-universidad-del-atlantico-merece\/","title":{"rendered":"R\u00e9plica: La verdad que la Universidad del Atl\u00e1ntico merece"},"content":{"rendered":"<p style=\"text-align: justify;\"><strong>Por Jaime Ivan Borrero Samper\u00a0<\/strong><\/p>\n<p style=\"text-align: justify;\">Frente a la columna \u201cUniatl\u00e1ntico: \u00bfgran acuerdo o ingobernabilidad?<\/p>\n<p style=\"text-align: justify;\">La Universidad del Atl\u00e1ntico atraviesa una crisis que exige honestidad, precisi\u00f3n y transparencia. Por eso sorprende que, en medio de un momento tan delicado, algunos intenten reducir el debate a una disputa pol\u00edtica entre Gobierno Nacional y grupos locales de poder, desviando la atenci\u00f3n del problema central: la legalidad del acto de designaci\u00f3n del rector Leyton Barrios y la gravedad de la falsedad documental certificada por instituciones acad\u00e9micas.<\/p>\n<p style=\"text-align: justify;\">La columna publicada recientemente en El Heraldo propone una lectura cargada de sesgos pol\u00edticos, interpretaciones libres y silencios llamativos que ignoran deliberadamente los hechos m\u00e1s relevantes. Es necesario aclararlos para que la opini\u00f3n p\u00fablica conozca la verdad completa.<\/p>\n<p style=\"text-align: justify;\"><span style=\"text-decoration: underline;\"><em><strong>1. No es un debate pol\u00edtico: es un asunto de legalidad y moralidad administrativa<\/strong><\/em><\/span><\/p>\n<p style=\"text-align: justify;\">La crisis institucional no se origina en supuestos intereses del Gobierno ni en pugnas por cuotas burocr\u00e1ticas.<\/p>\n<p style=\"text-align: justify;\">La crisis nace en un hecho objetivo:<\/p>\n<p style=\"text-align: justify;\"><strong>La Corporaci\u00f3n Universitaria Empresarial de Salamanca declar\u00f3 oficialmente que la certificaci\u00f3n presentada por Leyton Barrios es \u201cCOMPLETAMENTE FALSA\u201d<\/strong>.<\/p>\n<p style=\"text-align: justify;\">Ese no es un rumor.<\/p>\n<p style=\"text-align: justify;\">No es una interpretaci\u00f3n.<\/p>\n<p style=\"text-align: justify;\">No es una hip\u00f3tesis pol\u00edtica.<\/p>\n<p style=\"text-align: justify;\">Es un ACTA oficial, adoptada por la instituci\u00f3n emisora del documento.<\/p>\n<p style=\"text-align: justify;\">A esto se suma que la Corporaci\u00f3n<strong> Universitaria Americana<\/strong> aclar\u00f3 que el v\u00ednculo de Barrios fue <strong>civil ad honorem<\/strong>, sin horas de aula ni funciones docentes, contradiciendo la certificaci\u00f3n presentada para acreditar requisitos.<\/p>\n<p style=\"text-align: justify;\">Cuando un proceso rectoral se apoya en documentos falsos o inexactos, el debate deja de ser pol\u00edtico y pasa a ser <strong>constitucional, \u00e9tico y legal.<\/strong><\/p>\n<p style=\"text-align: justify;\"><span style=\"text-decoration: underline;\"><em><strong>2. El art\u00edculo oculta deliberadamente la existencia de falsedad documental probada<\/strong><\/em><\/span><\/p>\n<p style=\"text-align: justify;\">La columna se extiende en conjeturas pol\u00edticas: que si \u201cpresi\u00f3n del Gobierno\u201d, que si \u201camigos del ministro\u201d, que si \u201cpugna con el grupo Char\u201d, que si \u201cestrategias electorales\u201d.<\/p>\n<p style=\"text-align: justify;\">Pero no menciona, ni una sola vez, el contenido del acta de Salamanca.<\/p>\n<p style=\"text-align: justify;\">No menciona la aclaraci\u00f3n de la Americana.<\/p>\n<p style=\"text-align: justify;\">No menciona las advertencias del MEN.<\/p>\n<p style=\"text-align: justify;\">No menciona el art\u00edculo 5 de la Ley 190 de 1995.<\/p>\n<p style=\"text-align: justify;\">No menciona la jurisprudencia del Consejo de Estado.<\/p>\n<p style=\"text-align: justify;\">No menciona el deber legal de denunciar.<\/p>\n<p style=\"text-align: justify;\">Ese silencio no es casual: <strong>es un silencio estrat\u00e9gico.<\/strong><\/p>\n<p style=\"text-align: justify;\">Porque si se mencionan los hechos, la narrativa se derrumba.<\/p>\n<p style=\"text-align: justify;\"><span style=\"text-decoration: underline;\"><em><strong>3. La Ley 190 de 1995 no deja margen de interpretaci\u00f3n<\/strong><\/em><\/span><\/p>\n<p style=\"text-align: justify;\">El columnista afirma que la intervenci\u00f3n del MEN es exagerada o motivada pol\u00edticamente.<\/p>\n<p style=\"text-align: justify;\">Pero omite que la Ley 190, norma anticorrupci\u00f3n,\u00a0 es categ\u00f3rica:<\/p>\n<p style=\"text-align: justify;\"><strong><span style=\"text-decoration: underline;\"><em>Si un funcionario accede al cargo con documentaci\u00f3n falsa o inexacta, se debe proceder a la revocatoria sin necesidad del consentimiento del afectado.<\/em><\/span><\/strong><\/p>\n<p style=\"text-align: justify;\">La jurisprudencia del Consejo de Estado lo reitera.<\/p>\n<p style=\"text-align: justify;\">No es una recomendaci\u00f3n.<\/p>\n<p style=\"text-align: justify;\">No es un capricho.<\/p>\n<p style=\"text-align: justify;\">Es un deber jur\u00eddico.<\/p>\n<p style=\"text-align: justify;\">La vigilancia especial del MEN no es un acto pol\u00edtico: es una obligaci\u00f3n legal cuando hay riesgo de afectaci\u00f3n al servicio p\u00fablico educativo.<\/p>\n<p style=\"text-align: justify;\"><span style=\"text-decoration: underline;\"><em><strong>4. El art\u00edculo intenta presentar a Leyton Barrios como v\u00edctima de una persecuci\u00f3n<\/strong><\/em><\/span><\/p>\n<p style=\"text-align: justify;\">El texto insin\u00faa que todo responde a \u201cllevarse por delante\u201d a Barrios o a una disputa entre Gobierno y Char.<\/p>\n<p style=\"text-align: justify;\">Pero la realidad es otra:<\/p>\n<p style=\"text-align: justify;\"><span style=\"text-decoration: underline;\"><em><strong>Leyton Barrios enfrenta cuestionamientos documentados, probados y verificados<\/strong><\/em><\/span>.<\/p>\n<p style=\"text-align: justify;\">No es perseguido: debe responder.<\/p>\n<p style=\"text-align: justify;\">No es un m\u00e1rtir: es un funcionario cuya designaci\u00f3n est\u00e1 comprometida por pruebas oficiales.<\/p>\n<p style=\"text-align: justify;\">El pa\u00eds merece claridad, no narrativas sentimentalista o distractoras.<\/p>\n<p style=\"text-align: justify;\"><span style=\"text-decoration: underline;\"><em><strong>5. El Consejo Superior debe responder, no politizar<\/strong><\/em><\/span><\/p>\n<p style=\"text-align: justify;\">El mayor da\u00f1o para la Uniatl\u00e1ntico no proviene de la intervenci\u00f3n del MEN ni de las voces cr\u00edticas.<\/p>\n<p style=\"text-align: justify;\">El da\u00f1o proviene de la falta de acciones r\u00e1pidas, responsables y transparentes por parte del Consejo Superior frente a: la certificaci\u00f3n falsa, la acreditaci\u00f3n inexacta de experiencia docente, y el incumplimiento de requisitos.<\/p>\n<p style=\"text-align: justify;\">La discusi\u00f3n no debe ser qui\u00e9n \u201cpierde\u201d o \u201cgana\u201d pol\u00edticamente, <em><strong>sino qu\u00e9 exige la ley y qu\u00e9 demanda la moralidad administrativa.<\/strong><\/em><\/p>\n<p style=\"text-align: justify;\"><span style=\"text-decoration: underline;\"><em><strong>6. La comunidad universitaria merece un an\u00e1lisis riguroso, no una narrativa partidista<\/strong><\/em><\/span><\/p>\n<p style=\"text-align: justify;\">Una universidad p\u00fablica no puede ser analizada a trav\u00e9s de pasiones electorales ni afinidades ideol\u00f3gicas.<\/p>\n<p style=\"text-align: justify;\">Debe ser examinada desde: la legalidad del acto administrativo, la transparencia, la idoneidad del rector, y el respeto irrestricto por las normas.<\/p>\n<p style=\"text-align: justify;\">Quien oculta estos elementos, o los minimiza, no aporta a la soluci\u00f3n, sino a la confusi\u00f3n.<\/p>\n<p style=\"text-align: justify;\">En conclusi\u00f3n, la verdad institucional est\u00e1 por encima de cualquier relato pol\u00edtico.<\/p>\n<p style=\"text-align: justify;\">La crisis de la Universidad del Atl\u00e1ntico no la gener\u00f3 el Gobierno, ni la vigilancia del MEN, ni la cr\u00edtica ciudadana.<\/p>\n<p style=\"text-align: justify;\">La crisis surge de un hecho simple y profundo: La instituci\u00f3n est\u00e1 siendo dirigida por un rector cuya designaci\u00f3n se apoy\u00f3 en documentos declarados falsos por sus emisores.<\/p>\n<p style=\"text-align: justify;\">Y frente a eso, la comunidad universitaria tiene no solo el derecho, sino el deber de exigir transparencia.<\/p>\n<p style=\"text-align: justify;\">Las universidades se defienden con la verdad, con la \u00e9tica y con el respeto a la ley, no con relatos que buscan distraer la atenci\u00f3n del problema fundamental.<\/p>\n<p style=\"text-align: justify;\">La Uniatl\u00e1ntico merece claridad.<\/p>\n<p style=\"text-align: justify;\">Y la claridad empieza por reconocer los hechos, no por maquillarlos.<\/p>\n","protected":false},"excerpt":{"rendered":"<p>Por Jaime Ivan Borrero Samper\u00a0 Frente a la columna \u201cUniatl\u00e1ntico: \u00bfgran acuerdo o ingobernabilidad? La Universidad del Atl\u00e1ntico atraviesa una crisis que exige honestidad, precisi\u00f3n y transparencia. Por eso sorprende que, en medio de un momento tan delicado, algunos intenten reducir el debate a una disputa pol\u00edtica entre Gobierno Nacional y grupos locales de poder,&#8230;<\/p>\n","protected":false},"author":2,"featured_media":7502,"comment_status":"open","ping_status":"open","sticky":false,"template":"","format":"standard","meta":{"advanced_seo_description":"","jetpack_seo_html_title":"","jetpack_seo_noindex":false,"jetpack_post_was_ever_published":false,"_jetpack_newsletter_access":"","_jetpack_dont_email_post_to_subs":false,"_jetpack_newsletter_tier_id":0,"_jetpack_memberships_contains_paywalled_content":false,"_jetpack_memberships_contains_paid_content":false,"footnotes":"","jetpack_publicize_message":"","jetpack_publicize_feature_enabled":true,"jetpack_social_post_already_shared":true,"jetpack_social_options":{"image_generator_settings":{"template":"highway","default_image_id":0,"font":"","enabled":false},"version":2}},"categories":[2],"tags":[],"class_list":["post-7500","post","type-post","status-publish","format-standard","has-post-thumbnail","hentry","category-noticias"],"jetpack_publicize_connections":[],"jetpack_featured_media_url":"https:\/\/i0.wp.com\/sintradeua.org\/co\/wp-content\/uploads\/2025\/11\/IMG_20251127_052830.jpg?fit=1080%2C586&ssl=1","jetpack_sharing_enabled":true,"jetpack_shortlink":"https:\/\/wp.me\/paSj5R-1WY","_links":{"self":[{"href":"https:\/\/sintradeua.org\/co\/wp-json\/wp\/v2\/posts\/7500","targetHints":{"allow":["GET"]}}],"collection":[{"href":"https:\/\/sintradeua.org\/co\/wp-json\/wp\/v2\/posts"}],"about":[{"href":"https:\/\/sintradeua.org\/co\/wp-json\/wp\/v2\/types\/post"}],"author":[{"embeddable":true,"href":"https:\/\/sintradeua.org\/co\/wp-json\/wp\/v2\/users\/2"}],"replies":[{"embeddable":true,"href":"https:\/\/sintradeua.org\/co\/wp-json\/wp\/v2\/comments?post=7500"}],"version-history":[{"count":3,"href":"https:\/\/sintradeua.org\/co\/wp-json\/wp\/v2\/posts\/7500\/revisions"}],"predecessor-version":[{"id":7505,"href":"https:\/\/sintradeua.org\/co\/wp-json\/wp\/v2\/posts\/7500\/revisions\/7505"}],"wp:featuredmedia":[{"embeddable":true,"href":"https:\/\/sintradeua.org\/co\/wp-json\/wp\/v2\/media\/7502"}],"wp:attachment":[{"href":"https:\/\/sintradeua.org\/co\/wp-json\/wp\/v2\/media?parent=7500"}],"wp:term":[{"taxonomy":"category","embeddable":true,"href":"https:\/\/sintradeua.org\/co\/wp-json\/wp\/v2\/categories?post=7500"},{"taxonomy":"post_tag","embeddable":true,"href":"https:\/\/sintradeua.org\/co\/wp-json\/wp\/v2\/tags?post=7500"}],"curies":[{"name":"wp","href":"https:\/\/api.w.org\/{rel}","templated":true}]}}