{"id":7474,"date":"2025-11-21T18:39:47","date_gmt":"2025-11-21T23:39:47","guid":{"rendered":"https:\/\/sintradeua.org\/co\/?p=7474"},"modified":"2025-11-21T18:39:47","modified_gmt":"2025-11-21T23:39:47","slug":"clases-presenciales-convertidas-en-virtuales-la-denuncia-que-pone-en-jaque-la-legalidad-en-la-universidad-del-atlantico","status":"publish","type":"post","link":"https:\/\/sintradeua.org\/co\/clases-presenciales-convertidas-en-virtuales-la-denuncia-que-pone-en-jaque-la-legalidad-en-la-universidad-del-atlantico\/","title":{"rendered":"Clases presenciales convertidas en virtuales: la denuncia que pone en jaque la legalidad en la Universidad del Atl\u00e1ntico"},"content":{"rendered":"<p style=\"text-align: justify;\"><strong>Por Jaime Ivan Borrero Samper\u00a0<\/strong><\/p>\n<p style=\"text-align: justify;\">En un documento radicado ante el Ministerio de Educaci\u00f3n Nacional el 19 de noviembre de 2025, estudiantes de la Universidad del Atl\u00e1ntico denunciaron un hecho de enorme gravedad para la calidad y legalidad del servicio educativo: <span style=\"text-decoration: underline;\"><em><strong>el cambio unilateral de la modalidad de los programas presenciales hacia clases virtuales<\/strong><\/em><\/span>, ordenado desde la rector\u00eda y ejecutado por decanos y docentes bajo presi\u00f3n administrativa.<\/p>\n<p style=\"text-align: justify;\"><strong><span style=\"text-decoration: underline;\"><em>El documento no es una opini\u00f3n ni un rumor.<\/em><\/span><\/strong><\/p>\n<p style=\"text-align: justify;\">Contiene <span style=\"text-decoration: underline;\"><em><strong>m\u00e1s de 40 pruebas<\/strong><\/em><\/span> , capturas de pantalla, enlaces, correos y registros de Google Meet,\u00a0 que muestran c\u00f3mo distintos programas acad\u00e9micos empezaron a impartirse virtualmente, <span style=\"text-decoration: underline;\"><em><strong>sin autorizaci\u00f3n del Ministerio de Educaci\u00f3n<\/strong><\/em><\/span>, pese a que sus registros calificados son estrictamente presenciales.<\/p>\n<p style=\"text-align: justify;\"><span style=\"text-decoration: underline;\"><em><strong>1. Una orden administrativa que no tiene sustento legal<\/strong><\/em><\/span><\/p>\n<p style=\"text-align: justify;\">Seg\u00fan el escrito presentado al MEN, el rector habr\u00eda instruido a los decanos a continuar las clases en modalidad virtual \u201chasta nueva orden\u201d.<\/p>\n<p style=\"text-align: justify;\">La denuncia relata que, a partir de esa instrucci\u00f3n, se multiplicaron: Convocatorias de clases por Google Meet, exposiciones virtuales, evaluaciones remotas, y actividades acad\u00e9micas impartidas \u00edntegramente en l\u00ednea.<\/p>\n<p style=\"text-align: justify;\">Si bien la universidad puede adoptar medidas acad\u00e9micas y organizativas, lo<span style=\"text-decoration: underline;\"><em><strong> que no puede hacer es alterar la modalidad aprobada en el registro calificado,<\/strong><\/em><\/span> que es un acto administrativo del MEN, no un acuerdo interno.<\/p>\n<p style=\"text-align: justify;\"><span style=\"text-decoration: underline;\"><em><strong>Esta es la esencia del problema:<\/strong><\/em><\/span><\/p>\n<p style=\"text-align: justify;\"><span style=\"text-decoration: underline;\"><em>Un rector , autoridad p\u00fablica,\u00a0 orden\u00f3 cambiar una condici\u00f3n esencial del programa acad\u00e9mico sin competencia legal para hacerlo.<\/em><\/span><\/p>\n<p style=\"text-align: justify;\"><span style=\"text-decoration: underline;\"><em><strong>2. \u00bfPor qu\u00e9 es ilegal cambiar la modalidad de presencial a virtual?<\/strong><\/em><\/span><\/p>\n<p style=\"text-align: justify;\">Porque ninguna universidad, especialmente una p\u00fablica, puede modificar por s\u00ed <span style=\"text-decoration: underline;\"><em><strong>misma la modalidad de un programa acad\u00e9mico.<\/strong><\/em><\/span><\/p>\n<p style=\"text-align: justify;\">Esa facultad es <strong>EXCLUSIVA<\/strong> del Ministerio de Educaci\u00f3n Nacional.<\/p>\n<p style=\"text-align: justify;\">El registro calificado define: Modalidad, infraestructura, condiciones de calidad, planta docente, interacci\u00f3n presencial, recursos f\u00edsicos y tecnol\u00f3gicos.<\/p>\n<p style=\"text-align: justify;\">Modificar la modalidad , aunque sea temporalmente,\u00a0 requiere:<\/p>\n<p style=\"text-align: justify;\">Solicitud formal de modificaci\u00f3n del registro, evaluaci\u00f3n del MEN, visita de verificaci\u00f3n y resoluci\u00f3n aprobatoria.<\/p>\n<p style=\"text-align: justify;\"><span style=\"text-decoration: underline;\">Nada de eso ocurri\u00f3.<\/span><\/p>\n<p style=\"text-align: justify;\">Por eso la denuncia se\u00f1ala:<\/p>\n<p style=\"text-align: justify;\"><span style=\"text-decoration: underline;\"><em><strong>\u201cNo es jur\u00eddicamente posible que las autoridades administrativas de la Universidad modifiquen la modalidad PRESENCIAL (\u2026) sin autorizaci\u00f3n previa y expresa del MEN\u201d.<\/strong><\/em><\/span><\/p>\n<p style=\"text-align: justify;\"><span style=\"text-decoration: underline;\"><em><strong>3. \u00bfA qui\u00e9n afecta este cambio irregular?<\/strong><\/em><\/span><\/p>\n<p style=\"text-align: justify;\">Afecta a todos.<\/p>\n<p style=\"text-align: justify;\"><strong><span style=\"text-decoration: underline;\"><em>A los estudiantes:<\/em><\/span><\/strong><\/p>\n<p style=\"text-align: justify;\">Sus cr\u00e9ditos pueden quedar en riesgo.<\/p>\n<p style=\"text-align: justify;\">Los contenidos impartidos virtualmente pueden ser considerados inv\u00e1lidos.<\/p>\n<p style=\"text-align: justify;\">Sus expectativas de formaci\u00f3n presencial se ven vulneradas.<\/p>\n<p style=\"text-align: justify;\">Podr\u00edan enfrentar problemas en convalidaciones futuras.<\/p>\n<p style=\"text-align: justify;\"><span style=\"text-decoration: underline;\"><em><strong>A los docentes:<\/strong><\/em><\/span><\/p>\n<p style=\"text-align: justify;\">Son obligados a impartir clases fuera del marco normativo.<\/p>\n<p style=\"text-align: justify;\">Pueden quedar expuestos a responsabilidades internas.<\/p>\n<p style=\"text-align: justify;\"><span style=\"text-decoration: underline;\"><em><strong>A la Universidad:<\/strong><\/em><\/span><\/p>\n<p style=\"text-align: justify;\">Se expone a sanciones administrativas seg\u00fan la Ley 1740 de 2014<\/p>\n<p style=\"text-align: justify;\">Podr\u00eda ser obligada a repetir actividades acad\u00e9micas.<\/p>\n<p style=\"text-align: justify;\">Compromete la calidad institucional y los procesos de acreditaci\u00f3n.<\/p>\n<p style=\"text-align: justify;\">Y sobre todo:<\/p>\n<p style=\"text-align: justify;\"><strong><span style=\"text-decoration: underline;\"><em>Se vulnera el derecho a recibir educaci\u00f3n en las condiciones legalmente ofrecidas y autorizadas.<\/em><\/span><\/strong><\/p>\n<p style=\"text-align: justify;\"><span style=\"text-decoration: underline;\"><em><strong>4. Lo que esta denuncia abre: un frente administrativo inevitable<\/strong><\/em><\/span><\/p>\n<p style=\"text-align: justify;\">Al estar sustentada en pruebas <strong>verificables<\/strong>, esta denuncia obliga al Ministerio a:<\/p>\n<p style=\"text-align: justify;\">Requerir informaci\u00f3n, verificar la alteraci\u00f3n de la modalidad, evaluar afectaci\u00f3n del servicio educativo, y, de ser el caso, abrir proceso sancionatorio.<\/p>\n<p style=\"text-align: justify;\">No se trata de pol\u00edtica.<\/p>\n<p style=\"text-align: justify;\">No se trata del paro.<\/p>\n<p style=\"text-align: justify;\">No se trata de ideolog\u00edas.<\/p>\n<p style=\"text-align: justify;\">Se trata de legalidad, calidad educativa y el respeto por el servicio p\u00fablico que presta una instituci\u00f3n estatal.<\/p>\n<p style=\"text-align: justify;\">Conforme a lo anterior podemos concluir que, el cambio de modalidad no es un asunto interno ni discrecional.<\/p>\n<p style=\"text-align: justify;\">Es una decisi\u00f3n de alta sensibilidad jur\u00eddica que solo puede adoptar y aprobar el Ministerio de Educaci\u00f3n Nacional.<\/p>\n<p style=\"text-align: justify;\">Si la denuncia estudiantil demuestra, como parece hacerlo, que en la Universidad del Atl\u00e1ntico se impartieron programas presenciales en modalidad virtual sin autorizaci\u00f3n, entonces estamos ante una vulneraci\u00f3n seria del servicio p\u00fablico educativo.<\/p>\n<p style=\"text-align: justify;\">La comunidad estudiantil hizo lo correcto: denunciar, documentar y exigir la intervenci\u00f3n de la autoridad competente.<\/p>\n<p style=\"text-align: justify;\">Hoy, la educaci\u00f3n en la Universidad del Atl\u00e1ntico <strong><span style=\"text-decoration: underline;\"><em>necesita menos improvisaci\u00f3n y m\u00e1s legalidad.<\/em><\/span><\/strong><\/p>\n<p style=\"text-align: justify;\">Menos \u00f3rdenes administrativas irregulares y m\u00e1s respeto por el derecho fundamental a la educaci\u00f3n.<\/p>\n","protected":false},"excerpt":{"rendered":"<p>Por Jaime Ivan Borrero Samper\u00a0 En un documento radicado ante el Ministerio de Educaci\u00f3n Nacional el 19 de noviembre de 2025, estudiantes de la Universidad del Atl\u00e1ntico denunciaron un hecho de enorme gravedad para la calidad y legalidad del servicio educativo: el cambio unilateral de la modalidad de los programas presenciales hacia clases virtuales, ordenado&#8230;<\/p>\n","protected":false},"author":2,"featured_media":7475,"comment_status":"open","ping_status":"open","sticky":false,"template":"","format":"standard","meta":{"advanced_seo_description":"","jetpack_seo_html_title":"","jetpack_seo_noindex":false,"jetpack_post_was_ever_published":false,"_jetpack_newsletter_access":"","_jetpack_dont_email_post_to_subs":false,"_jetpack_newsletter_tier_id":0,"_jetpack_memberships_contains_paywalled_content":false,"_jetpack_memberships_contains_paid_content":false,"footnotes":"","jetpack_publicize_message":"","jetpack_publicize_feature_enabled":true,"jetpack_social_post_already_shared":true,"jetpack_social_options":{"image_generator_settings":{"template":"highway","default_image_id":0,"font":"","enabled":false},"version":2}},"categories":[2],"tags":[],"class_list":["post-7474","post","type-post","status-publish","format-standard","has-post-thumbnail","hentry","category-noticias"],"jetpack_publicize_connections":[],"jetpack_featured_media_url":"https:\/\/i0.wp.com\/sintradeua.org\/co\/wp-content\/uploads\/2025\/11\/estudiar_online_retocada.jpg?fit=800%2C365&ssl=1","jetpack_sharing_enabled":true,"jetpack_shortlink":"https:\/\/wp.me\/paSj5R-1Wy","_links":{"self":[{"href":"https:\/\/sintradeua.org\/co\/wp-json\/wp\/v2\/posts\/7474","targetHints":{"allow":["GET"]}}],"collection":[{"href":"https:\/\/sintradeua.org\/co\/wp-json\/wp\/v2\/posts"}],"about":[{"href":"https:\/\/sintradeua.org\/co\/wp-json\/wp\/v2\/types\/post"}],"author":[{"embeddable":true,"href":"https:\/\/sintradeua.org\/co\/wp-json\/wp\/v2\/users\/2"}],"replies":[{"embeddable":true,"href":"https:\/\/sintradeua.org\/co\/wp-json\/wp\/v2\/comments?post=7474"}],"version-history":[{"count":3,"href":"https:\/\/sintradeua.org\/co\/wp-json\/wp\/v2\/posts\/7474\/revisions"}],"predecessor-version":[{"id":7478,"href":"https:\/\/sintradeua.org\/co\/wp-json\/wp\/v2\/posts\/7474\/revisions\/7478"}],"wp:featuredmedia":[{"embeddable":true,"href":"https:\/\/sintradeua.org\/co\/wp-json\/wp\/v2\/media\/7475"}],"wp:attachment":[{"href":"https:\/\/sintradeua.org\/co\/wp-json\/wp\/v2\/media?parent=7474"}],"wp:term":[{"taxonomy":"category","embeddable":true,"href":"https:\/\/sintradeua.org\/co\/wp-json\/wp\/v2\/categories?post=7474"},{"taxonomy":"post_tag","embeddable":true,"href":"https:\/\/sintradeua.org\/co\/wp-json\/wp\/v2\/tags?post=7474"}],"curies":[{"name":"wp","href":"https:\/\/api.w.org\/{rel}","templated":true}]}}