{"id":7462,"date":"2025-11-18T13:42:22","date_gmt":"2025-11-18T18:42:22","guid":{"rendered":"https:\/\/sintradeua.org\/co\/?p=7462"},"modified":"2025-11-18T13:42:22","modified_gmt":"2025-11-18T18:42:22","slug":"que-significa-la-resolucion-del-men-sobre-medidas-preventivas-y-vigilancia-especial-para-la-universidad-del-atlantico","status":"publish","type":"post","link":"https:\/\/sintradeua.org\/co\/que-significa-la-resolucion-del-men-sobre-medidas-preventivas-y-vigilancia-especial-para-la-universidad-del-atlantico\/","title":{"rendered":"\u00bfQu\u00e9 significa la Resoluci\u00f3n del MEN sobre medidas preventivas y vigilancia especial para la Universidad del Atl\u00e1ntico?"},"content":{"rendered":"<p style=\"text-align: justify;\"><strong>Por Jaime Ivan Borrero Samper\u00a0<\/strong><\/p>\n<p style=\"text-align: justify;\">El 14 de noviembre de 2025, el Ministerio de Educaci\u00f3n Nacional expidi\u00f3 la <strong>Resoluci\u00f3n<\/strong> <strong>022126<\/strong>, mediante la cual impone <strong>medidas<\/strong> <strong>preventivas<\/strong> y coloca a la Universidad del Atl\u00e1ntico bajo <strong>vigilancia especial.<\/strong><\/p>\n<p style=\"text-align: justify;\">Se trata de una decisi\u00f3n excepcional con efectos directos sobre la instituci\u00f3n, su administraci\u00f3n y sus \u00f3rganos de gobierno.<\/p>\n<p style=\"text-align: justify;\">A continuaci\u00f3n, explicamos de manera clara y objetiva qu\u00e9 implica esta medida, por <strong>qu\u00e9 se adopta y c\u00f3mo queda la estructura administrativa actual frente a esta<\/strong> <strong>decisi\u00f3n<\/strong>.<\/p>\n<p style=\"text-align: justify;\"><strong>1. \u00bfQu\u00e9 es la vigilancia especial?<\/strong><\/p>\n<p style=\"text-align: justify;\">La <strong>vigilancia<\/strong> <strong>especial<\/strong> es una figura contemplada en la Ley 1740 de 2014.<\/p>\n<p style=\"text-align: justify;\">El MEN la aplica \u00fanicamente cuando identifica:<\/p>\n<p style=\"text-align: justify;\">Irregularidades administrativas o financieras.<\/p>\n<p style=\"text-align: justify;\">Fallas en el gobierno universitario.<\/p>\n<p style=\"text-align: justify;\">Riesgos para la continuidad del servicio p\u00fablico de educaci\u00f3n.<\/p>\n<p style=\"text-align: justify;\">Evidencias de que la instituci\u00f3n no est\u00e1 garantizando condiciones m\u00ednimas de gobernabilidad o calidad.<\/p>\n<p style=\"text-align: justify;\">En t\u00e9rminos sencillos:<\/p>\n<p style=\"text-align: justify;\">La vigilancia especial es un mecanismo<strong> de control reforzado<\/strong> mediante el cual el Ministerio <strong>supervisa, revisa y puede impartir \u00f3rdenes<\/strong> para corregir situaciones que afectan la normalidad institucional.<\/p>\n<p style=\"text-align: justify;\">Es una intervenci\u00f3n <strong>t\u00e9cnica<\/strong>, no pol\u00edtica.<\/p>\n<p style=\"text-align: justify;\"><strong>2. \u00bfQu\u00e9 ordena exactamente el MEN?<\/strong><\/p>\n<p style=\"text-align: justify;\">La Resoluci\u00f3n contempla tres elementos centrales:<\/p>\n<p style=\"text-align: justify;\"><strong>a) Medidas preventivas<\/strong><\/p>\n<p style=\"text-align: justify;\">La Universidad debe <strong>corregir de inmediato<\/strong> las irregularidades detectadas en su gesti\u00f3n administrativa, financiera y acad\u00e9mica.<\/p>\n<p style=\"text-align: justify;\">El MEN puede impartir instrucciones concretas que la instituci\u00f3n debe cumplir obligatoriamente.<\/p>\n<p style=\"text-align: justify;\"><strong>b) Vigilancia especial<\/strong><\/p>\n<p style=\"text-align: justify;\">El MEN certifica que existe una situaci\u00f3n<strong> grave de anormalidad<\/strong> que afecta la estabilidad institucional y la prestaci\u00f3n del servicio p\u00fablico de educaci\u00f3n.<\/p>\n<p style=\"text-align: justify;\">Esa situaci\u00f3n debe ser superada bajo supervisi\u00f3n directa del Ministerio.<\/p>\n<p style=\"text-align: justify;\"><strong>c) Designaci\u00f3n de un \u201cinspector in situ\u201d<\/strong><\/p>\n<p style=\"text-align: justify;\">El MEN enviar\u00e1 un funcionario que estar\u00e1 de manera permanente en la Universidad verificando:<\/p>\n<p style=\"text-align: justify;\">la legalidad de las decisiones,<\/p>\n<p style=\"text-align: justify;\">el manejo administrativo y financiero,<\/p>\n<p style=\"text-align: justify;\">el cumplimiento de la normativa educativa,<\/p>\n<p style=\"text-align: justify;\">y la superaci\u00f3n de las irregularidades detectadas.<\/p>\n<p style=\"text-align: justify;\">En los hechos, significa que <strong>toda decisi\u00f3n de la administraci\u00f3n universitaria queda bajo supervisi\u00f3n directa del MEN<\/strong>.<\/p>\n<p style=\"text-align: justify;\"><strong>3. \u00bfPor qu\u00e9 toma esta decisi\u00f3n el Ministerio?<\/strong><\/p>\n<p style=\"text-align: justify;\">La resoluci\u00f3n expone varias razones, todas documentadas y verificables:<\/p>\n<p style=\"text-align: justify;\">Existencia de irregularidades<strong> en el proceso rectora<\/strong>l, especialmente en la acreditaci\u00f3n de requisitos por parte del candidato designado.<\/p>\n<p style=\"text-align: justify;\">Diferencias entre las certificaciones aportadas y la informaci\u00f3n oficial enviada por la instituci\u00f3n universitaria que supuestamente lo vincul\u00f3.<\/p>\n<p style=\"text-align: justify;\">Advertencias formales que el MEN dirigi\u00f3 al Consejo Superior <strong>antes de la designaci\u00f3n<\/strong>, pidiendo precauci\u00f3n y verificaci\u00f3n estricta.<\/p>\n<p style=\"text-align: justify;\">El Consejo Superior continu\u00f3 con la designaci\u00f3n a pesar de esas advertencias.<\/p>\n<p style=\"text-align: justify;\">Actuaciones disciplinarias posteriores que, seg\u00fan el MEN, podr\u00edan interpretarse como desproporcionadas frente a quienes informaron irregularidades.<\/p>\n<p style=\"text-align: justify;\">Alteraci\u00f3n notable de la normalidad acad\u00e9mica y administrativa.<\/p>\n<p style=\"text-align: justify;\">Riesgos para la continuidad y calidad del servicio educativo.<\/p>\n<p style=\"text-align: justify;\">El Ministerio concluye que la<strong> Universidad entr\u00f3 en un escenario de ingobernabilidad que exige la intervenci\u00f3n estatal.<\/strong><\/p>\n<p style=\"text-align: justify;\"><strong>4. \u00bfC\u00f3mo queda el rector Leyton Barrios frente a esta medida?<\/strong><\/p>\n<p style=\"text-align: justify;\"><strong>a) Su administraci\u00f3n<\/strong> queda<strong> bajo supervisi\u00f3n directa<\/strong><\/p>\n<p style=\"text-align: justify;\">Toda decisi\u00f3n del rector designado, nombramientos, contratos, directrices, reformas administrativas, estar\u00e1 sujeta a vigilancia del inspector y del MEN.<\/p>\n<p style=\"text-align: justify;\">No se anula su designaci\u00f3n, pero s\u00ed<strong> se limita su autonom\u00eda funcion<\/strong>al.<\/p>\n<p style=\"text-align: justify;\"><strong>b) La resoluci\u00f3n se origina en irregularidades del proceso que lo llev\u00f3 al cargo<\/strong><\/p>\n<p style=\"text-align: justify;\">El MEN no declara la nulidad del acto, porque esa es competencia de jueces y \u00f3rganos electorales, <strong>pero s\u00ed deja claro que el proceso tuvo inconsistencias que afectaron la regularidad y la confianza institucional.<\/strong><\/p>\n<p style=\"text-align: justify;\">Eso significa que su administraci\u00f3n opera en un escenario de legitimidad<strong> discutida y observaci\u00f3n estricta.<\/strong><\/p>\n<p style=\"text-align: justify;\">c<strong>) Cualquier acto que agrave la situaci\u00f3n podr\u00eda generar medidas m\u00e1s dr\u00e1sticas<\/strong><\/p>\n<p style=\"text-align: justify;\">La vigilancia especial es solo el primer nivel.<\/p>\n<p style=\"text-align: justify;\">Si la situaci\u00f3n no mejora o se detectan nuevas irregularidades, el MEN puede:<\/p>\n<p style=\"text-align: justify;\">Intensificar el control,<\/p>\n<p style=\"text-align: justify;\">impartir \u00f3rdenes obligatorias,<\/p>\n<p style=\"text-align: justify;\">suspender decisiones administrativas,<\/p>\n<p style=\"text-align: justify;\">o incluso adoptar medidas correctivas m\u00e1s profundas, previstas en la Ley 1740.<\/p>\n<p style=\"text-align: justify;\">5<strong>. \u00bfC\u00f3mo queda el Consejo Superior?<\/strong><\/p>\n<p style=\"text-align: justify;\">El MEN deja claro que el Consejo Superior:<\/p>\n<p style=\"text-align: justify;\">Recibi\u00f3 advertencias antes de la designaci\u00f3n.<\/p>\n<p style=\"text-align: justify;\">Avanz\u00f3 en la decisi\u00f3n pese a ellas.<\/p>\n<p style=\"text-align: justify;\">Tom\u00f3 decisiones que agravaron la anormalidad institucional.<\/p>\n<p style=\"text-align: justify;\">Con la vigilancia especial, el Superior pasa a estar <strong>bajo evaluaci\u00f3n y supervisi\u00f3n directa, y<\/strong> cualquier decisi\u00f3n que adopte puede ser observada, corregida o dejada sin efecto si contradice las \u00f3rdenes del Ministerio.<\/p>\n<p style=\"text-align: justify;\">No los remueve, pero s\u00ed limita su margen de actuaci\u00f3n y obliga a ce\u00f1irse estrictamente a la normatividad.<\/p>\n<p style=\"text-align: justify;\"><strong>6. \u00bfQu\u00e9 NO significa la vigilancia especial<\/strong>?<\/p>\n<p style=\"text-align: justify;\">Para evitar confusiones, es importante decir lo que <strong>la resoluci\u00f3n no hace:<\/strong><\/p>\n<p style=\"text-align: justify;\">No destituye al rector.<\/p>\n<p style=\"text-align: justify;\">No interviene acad\u00e9micamente los programas ni las sedes.<\/p>\n<p style=\"text-align: justify;\">No reemplaza a la comunidad universitaria.<\/p>\n<p style=\"text-align: justify;\">No elimina la autonom\u00eda: <strong>la ajusta para garantizar legalidad y continuidad<\/strong>.<\/p>\n<p style=\"text-align: justify;\"><strong>7. \u00bfQu\u00e9 S\u00cd significa, en la pr\u00e1ctica?<\/strong><\/p>\n<p style=\"text-align: justify;\">Significa que:<\/p>\n<p style=\"text-align: justify;\">La Universidad perdi\u00f3 la capacidad de autorregularse en su nivel directivo.<\/p>\n<p style=\"text-align: justify;\">Hay un reconocimiento oficial de problemas serios de gobernabilidad.<\/p>\n<p style=\"text-align: justify;\">El MEN asume un rol activo para impedir decisiones que agraven la situaci\u00f3n.<\/p>\n<p style=\"text-align: justify;\">La direcci\u00f3n actual est\u00e1 funcionando bajo vigilancia reforzada.<\/p>\n<p style=\"text-align: justify;\">Todo lo que ocurra de aqu\u00ed en adelante deber\u00e1 ser compatible con las \u00f3rdenes del inspector y del Ministerio.<\/p>\n<p style=\"text-align: justify;\">Conclusi\u00f3n<\/p>\n<p style=\"text-align: justify;\">La Resoluci\u00f3n del MEN no es una formalidad:<\/p>\n<p style=\"text-align: justify;\">es una medida excepcional que confirma que la Universidad del Atl\u00e1ntico atraviesa una crisis de direcci\u00f3n y gobernanza originada en decisiones internas que no atendieron las advertencias de la autoridad educativa nacional.<\/p>\n<p style=\"text-align: justify;\">Hoy la instituci\u00f3n entra en un periodo de supervisi\u00f3n directa, donde la prioridad ser\u00e1 recuperar la normalidad, la legalidad y la confianza.<\/p>\n<p style=\"text-align: justify;\">La comunidad universitaria merece claridad, transparencia y procesos ajustados a la ley.<\/p>\n<p style=\"text-align: justify;\">La vigilancia especial es un paso para encaminar a la Universidad hacia ese prop\u00f3sito.<\/p>\n<p><a href=\"https:\/\/sintradeua.org\/co\/wp-content\/uploads\/2025\/11\/resolucion-men.pdf\">resoluci\u00f3n men<\/a><\/p>\n","protected":false},"excerpt":{"rendered":"<p>Por Jaime Ivan Borrero Samper\u00a0 El 14 de noviembre de 2025, el Ministerio de Educaci\u00f3n Nacional expidi\u00f3 la Resoluci\u00f3n 022126, mediante la cual impone medidas preventivas y coloca a la Universidad del Atl\u00e1ntico bajo vigilancia especial. Se trata de una decisi\u00f3n excepcional con efectos directos sobre la instituci\u00f3n, su administraci\u00f3n y sus \u00f3rganos de gobierno&#8230;.<\/p>\n","protected":false},"author":2,"featured_media":7463,"comment_status":"open","ping_status":"open","sticky":false,"template":"","format":"standard","meta":{"advanced_seo_description":"","jetpack_seo_html_title":"","jetpack_seo_noindex":false,"jetpack_post_was_ever_published":false,"_jetpack_newsletter_access":"","_jetpack_dont_email_post_to_subs":false,"_jetpack_newsletter_tier_id":0,"_jetpack_memberships_contains_paywalled_content":false,"_jetpack_memberships_contains_paid_content":false,"footnotes":"","jetpack_publicize_message":"","jetpack_publicize_feature_enabled":true,"jetpack_social_post_already_shared":true,"jetpack_social_options":{"image_generator_settings":{"template":"highway","default_image_id":0,"font":"","enabled":false},"version":2}},"categories":[2],"tags":[],"class_list":["post-7462","post","type-post","status-publish","format-standard","has-post-thumbnail","hentry","category-noticias"],"jetpack_publicize_connections":[],"jetpack_featured_media_url":"https:\/\/i0.wp.com\/sintradeua.org\/co\/wp-content\/uploads\/2025\/11\/slide1-l.jpg?fit=1024%2C768&ssl=1","jetpack_sharing_enabled":true,"jetpack_shortlink":"https:\/\/wp.me\/paSj5R-1Wm","_links":{"self":[{"href":"https:\/\/sintradeua.org\/co\/wp-json\/wp\/v2\/posts\/7462","targetHints":{"allow":["GET"]}}],"collection":[{"href":"https:\/\/sintradeua.org\/co\/wp-json\/wp\/v2\/posts"}],"about":[{"href":"https:\/\/sintradeua.org\/co\/wp-json\/wp\/v2\/types\/post"}],"author":[{"embeddable":true,"href":"https:\/\/sintradeua.org\/co\/wp-json\/wp\/v2\/users\/2"}],"replies":[{"embeddable":true,"href":"https:\/\/sintradeua.org\/co\/wp-json\/wp\/v2\/comments?post=7462"}],"version-history":[{"count":1,"href":"https:\/\/sintradeua.org\/co\/wp-json\/wp\/v2\/posts\/7462\/revisions"}],"predecessor-version":[{"id":7465,"href":"https:\/\/sintradeua.org\/co\/wp-json\/wp\/v2\/posts\/7462\/revisions\/7465"}],"wp:featuredmedia":[{"embeddable":true,"href":"https:\/\/sintradeua.org\/co\/wp-json\/wp\/v2\/media\/7463"}],"wp:attachment":[{"href":"https:\/\/sintradeua.org\/co\/wp-json\/wp\/v2\/media?parent=7462"}],"wp:term":[{"taxonomy":"category","embeddable":true,"href":"https:\/\/sintradeua.org\/co\/wp-json\/wp\/v2\/categories?post=7462"},{"taxonomy":"post_tag","embeddable":true,"href":"https:\/\/sintradeua.org\/co\/wp-json\/wp\/v2\/tags?post=7462"}],"curies":[{"name":"wp","href":"https:\/\/api.w.org\/{rel}","templated":true}]}}