{"id":7458,"date":"2025-11-12T07:17:18","date_gmt":"2025-11-12T12:17:18","guid":{"rendered":"https:\/\/sintradeua.org\/co\/?p=7458"},"modified":"2025-11-12T07:17:18","modified_gmt":"2025-11-12T12:17:18","slug":"universidad-del-atlantico-entre-la-ilegalidad-y-la-ingobernabilidad","status":"publish","type":"post","link":"https:\/\/sintradeua.org\/co\/universidad-del-atlantico-entre-la-ilegalidad-y-la-ingobernabilidad\/","title":{"rendered":"UNIVERSIDAD DEL ATL\u00c1NTICO: ENTRE LA ILEGALIDAD Y LA INGOBERNABILIDAD"},"content":{"rendered":"<p style=\"text-align: justify;\"><strong>Por Jaime Ivan Borrero Samper\u00a0<\/strong><\/p>\n<p style=\"text-align: justify;\">La Universidad del Atl\u00e1ntico vive hoy uno de los cap\u00edtulos m\u00e1s oscuros de su historia reciente.<\/p>\n<p style=\"text-align: justify;\">El caos institucional no naci\u00f3 de la noche a la ma\u00f1ana: fue sembrado con la irresponsabilidad de quienes, teniendo el poder de decidir conforme a la ley y los estatutos, prefirieron obedecer intereses pol\u00edticos antes que defender la transparencia universitaria.<\/p>\n<p style=\"text-align: justify;\">\u00ab<strong>Un Consejo Superior que desconoci\u00f3 la legalidad\u00bb<\/strong><\/p>\n<p style=\"text-align: justify;\">El pasado 27 de octubre de 2025, cinco miembros del Consejo Superior Universitario, encabezados por su presidente <span style=\"text-decoration: underline;\"><em><strong>Eduardo Verano De la Rosa<\/strong><\/em><\/span>, decidieron designar como rector al se\u00f1or <span style=\"text-decoration: underline;\"><em><strong>Leyton Daniel Barrios Torres<\/strong><\/em><\/span>, a pesar de que <span style=\"text-decoration: underline;\"><em><strong>no cumpl\u00eda<\/strong> <\/em><em><strong>los requisitos m\u00ednimos<\/strong> <\/em><\/span>para ejercer el cargo seg\u00fan el <strong>art\u00edculo 29 del Estatuto General y el Acuerdo Superior 000023 de 2025.<\/strong><\/p>\n<p style=\"text-align: justify;\">No fue una decisi\u00f3n inocente. Fue una <strong>imposici\u00f3n pol\u00edtica<\/strong>, advertida con anticipaci\u00f3n por la comunidad universitaria, el <strong>Ministerio de Educaci\u00f3n Nacional<\/strong> y m\u00faltiples sectores que pidieron prudencia y legalidad.<\/p>\n<p style=\"text-align: justify;\">La <strong>falsa motivaci\u00f3n del Comit\u00e9 de Credenciales<\/strong>, la <strong>omisi\u00f3n del Consejo Superior y la premura en consumar el nombramiento<\/strong> a pesar de las advertencias, condujeron a lo que hoy es evidente: <span style=\"text-decoration: underline;\"><em><strong>una Universidad sin rumbo, sin rector leg\u00edtimo y sin autoridad moral<\/strong><\/em><\/span> para gobernarse.<\/p>\n<p style=\"text-align: justify;\">\u00ab<span style=\"text-decoration: underline;\"><em><strong>Crisis de seguridad y p\u00e9rdida del control institucional<\/strong><\/em><\/span>\u00ab<\/p>\n<p style=\"text-align: justify;\">Ayer, en medio del intento de realizar la <strong>Asamblea Multiestamentaria convocada por los estudiantes<\/strong>, se registraron hechos de intimidaci\u00f3n y violencia dentro del campus universitario.<\/p>\n<p style=\"text-align: justify;\"><strong>Personas ajenas a la instituci\u00f3n<\/strong>, identificadas por los mismos estudiantes, ingresaron a los predios universitarios <strong>agrediendo y amenazando<\/strong> a quienes ejerc\u00edan su derecho a la libre expresi\u00f3n.<\/p>\n<p style=\"text-align: justify;\">Estos hechos , graves y alarmantes,\u00a0 demuestran que la Universidad del Atl\u00e1ntico ha perdido el control de su seguridad interna y que el descontento ha escalado hacia una peligrosa fractura del orden universitario.<\/p>\n<p style=\"text-align: justify;\">La comunidad estudiantil, con entereza, <span style=\"text-decoration: underline;\"><em><strong>ratific\u00f3 su decisi\u00f3n de mantenerse en paro indefinido<\/strong><\/em><\/span>, denunciando la persecuci\u00f3n y la represi\u00f3n que sufren por parte de la administraci\u00f3n actual.<\/p>\n<p style=\"text-align: justify;\">\u00ab<span style=\"text-decoration: underline;\"><em><strong>La medida judicial que no resuelve el fondo<\/strong> <\/em><em><strong>del problema\u00bb<\/strong><\/em><\/span><\/p>\n<p style=\"text-align: justify;\">El <strong>fallo de tutela<\/strong> que suspendi\u00f3 transitoriamente la <strong>Resoluci\u00f3n 002 del Comit\u00e9 Electoral<\/strong> no resuelve el fondo del asunto ni devuelve legitimidad al proceso rectoral.<\/p>\n<p style=\"text-align: justify;\">Esa suspensi\u00f3n es meramente<strong> provisional<\/strong>, no anula la resoluci\u00f3n ni legitima la elecci\u00f3n.<\/p>\n<p style=\"text-align: justify;\">El Comit\u00e9 Electoral actu\u00f3 dentro de sus competencias y con base en el Estatuto<strong> Electoral<\/strong>, al declarar la <strong>nulidad de la elecci\u00f3n<\/strong> de quien no acredit\u00f3 experiencia docente ni cargos directivos en instituciones de educaci\u00f3n superior.<\/p>\n<p style=\"text-align: justify;\">Lo que existe hoy es un <span style=\"text-decoration: underline;\"><em><strong>vac\u00edo de autoridad<\/strong> <\/em><\/span>provocado por decisiones precipitadas, asesor\u00edas erradas y un Consejo Superior que <span style=\"text-decoration: underline;\"><em><strong>rompi\u00f3 la l\u00ednea institucional<\/strong><\/em><\/span>.<\/p>\n<p style=\"text-align: justify;\"><span style=\"text-decoration: underline;\"><em><strong>\u00abResponsabilidad compartida\u00bb<\/strong><\/em><\/span><\/p>\n<p style=\"text-align: justify;\">La crisis no solo compromete al Consejo Superior y a su presidente <span style=\"text-decoration: underline;\"><em><strong>Eduardo<\/strong><\/em><em><strong> Verano<\/strong><\/em><\/span>.<\/p>\n<p style=\"text-align: justify;\">Tambi\u00e9n hay <strong>responsabilidad del Gobierno Nacional<\/strong>, del <span style=\"text-decoration: underline;\"><em><strong>Presidente Gustavo Petro<\/strong> <\/em><\/span>y del <strong>Ministro de Educaci\u00f3n<\/strong>, quienes han <strong>guardado un silencio inexplicable<\/strong> frente a las pruebas, denuncias y documentos que demuestran la irregularidad en la elecci\u00f3n.<\/p>\n<p style=\"text-align: justify;\">Cada d\u00eda que pasa sin una acci\u00f3n correctiva, la Universidad se hunde m\u00e1s en la <span style=\"text-decoration: underline;\"><em><strong>ingobernabilidad<\/strong><\/em><\/span>, la desconfianza y el desgobierno.<\/p>\n<p style=\"text-align: justify;\">\u00ab<span style=\"text-decoration: underline;\"><em><strong>Llamado a la sensatez y la institucionalidad<\/strong><\/em><\/span>\u00ab<\/p>\n<p style=\"text-align: justify;\">El momento exige serenidad, no imposiciones.<\/p>\n<p style=\"text-align: justify;\">El <strong>Consejo Superior de la universidad del Atl\u00e1ntic<\/strong>o, debe convocar de inmediato una <span style=\"text-decoration: underline;\"><em><strong>decisi\u00f3n correctiva<\/strong><\/em><\/span> que restablezca la legitimidad del proceso rectoral y devuelva la tranquilidad al claustro acad\u00e9mico.<\/p>\n<p style=\"text-align: justify;\">El <strong>Ministerio de Educaci\u00f3n<\/strong> no puede seguir observando desde la distancia mientras la Universidad del Atl\u00e1ntico se desmorona entre tutelas, agresiones y paros indefinidos.<\/p>\n<p style=\"text-align: justify;\">La comunidad universitaria, trabajadores, docentes y estudiantes, reclama una sola cosa: <em><strong>respeto por la verdad, la ley y la autonom\u00eda universitaria.<\/strong><\/em><\/p>\n<p style=\"text-align: justify;\">\u00a0\u201cLa institucionalidad no se defiende con imposiciones, sino con la verdad, el di\u00e1logo y el respeto por la legalidad.\u201d<\/p>\n<p style=\"text-align: justify;\">Hoy, m\u00e1s que nunca, el pa\u00eds necesita entender que lo que ocurre en la Universidad del Atl\u00e1ntico <span style=\"text-decoration: underline;\"><em><strong>no es un conflicto interno<\/strong><\/em><\/span>: es un reflejo del deterioro de la gobernabilidad p\u00fablica cuando el poder pol\u00edtico se impone sobre la ley.<\/p>\n","protected":false},"excerpt":{"rendered":"<p>Por Jaime Ivan Borrero Samper\u00a0 La Universidad del Atl\u00e1ntico vive hoy uno de los cap\u00edtulos m\u00e1s oscuros de su historia reciente. El caos institucional no naci\u00f3 de la noche a la ma\u00f1ana: fue sembrado con la irresponsabilidad de quienes, teniendo el poder de decidir conforme a la ley y los estatutos, prefirieron obedecer intereses pol\u00edticos&#8230;<\/p>\n","protected":false},"author":2,"featured_media":6489,"comment_status":"open","ping_status":"open","sticky":false,"template":"","format":"standard","meta":{"advanced_seo_description":"","jetpack_seo_html_title":"","jetpack_seo_noindex":false,"jetpack_post_was_ever_published":false,"_jetpack_newsletter_access":"","_jetpack_dont_email_post_to_subs":false,"_jetpack_newsletter_tier_id":0,"_jetpack_memberships_contains_paywalled_content":false,"_jetpack_memberships_contains_paid_content":false,"footnotes":"","jetpack_publicize_message":"","jetpack_publicize_feature_enabled":true,"jetpack_social_post_already_shared":true,"jetpack_social_options":{"image_generator_settings":{"template":"highway","default_image_id":0,"font":"","enabled":false},"version":2}},"categories":[2],"tags":[],"class_list":["post-7458","post","type-post","status-publish","format-standard","has-post-thumbnail","hentry","category-noticias"],"jetpack_publicize_connections":[],"jetpack_featured_media_url":"https:\/\/i0.wp.com\/sintradeua.org\/co\/wp-content\/uploads\/2025\/02\/Fachada-Universidad-del-Atlantico.jpg?fit=980%2C640&ssl=1","jetpack_sharing_enabled":true,"jetpack_shortlink":"https:\/\/wp.me\/paSj5R-1Wi","_links":{"self":[{"href":"https:\/\/sintradeua.org\/co\/wp-json\/wp\/v2\/posts\/7458","targetHints":{"allow":["GET"]}}],"collection":[{"href":"https:\/\/sintradeua.org\/co\/wp-json\/wp\/v2\/posts"}],"about":[{"href":"https:\/\/sintradeua.org\/co\/wp-json\/wp\/v2\/types\/post"}],"author":[{"embeddable":true,"href":"https:\/\/sintradeua.org\/co\/wp-json\/wp\/v2\/users\/2"}],"replies":[{"embeddable":true,"href":"https:\/\/sintradeua.org\/co\/wp-json\/wp\/v2\/comments?post=7458"}],"version-history":[{"count":2,"href":"https:\/\/sintradeua.org\/co\/wp-json\/wp\/v2\/posts\/7458\/revisions"}],"predecessor-version":[{"id":7460,"href":"https:\/\/sintradeua.org\/co\/wp-json\/wp\/v2\/posts\/7458\/revisions\/7460"}],"wp:featuredmedia":[{"embeddable":true,"href":"https:\/\/sintradeua.org\/co\/wp-json\/wp\/v2\/media\/6489"}],"wp:attachment":[{"href":"https:\/\/sintradeua.org\/co\/wp-json\/wp\/v2\/media?parent=7458"}],"wp:term":[{"taxonomy":"category","embeddable":true,"href":"https:\/\/sintradeua.org\/co\/wp-json\/wp\/v2\/categories?post=7458"},{"taxonomy":"post_tag","embeddable":true,"href":"https:\/\/sintradeua.org\/co\/wp-json\/wp\/v2\/tags?post=7458"}],"curies":[{"name":"wp","href":"https:\/\/api.w.org\/{rel}","templated":true}]}}