{"id":7421,"date":"2025-11-07T12:26:20","date_gmt":"2025-11-07T17:26:20","guid":{"rendered":"https:\/\/sintradeua.org\/co\/?p=7421"},"modified":"2025-11-07T12:26:20","modified_gmt":"2025-11-07T17:26:20","slug":"designado-sobre-una-falsedad-la-universidad-americana-desmiente-a-leyton-barrios-y-deja-en-evidencia-al-comite-de-credenciales-y-al-consejo-superior","status":"publish","type":"post","link":"https:\/\/sintradeua.org\/co\/designado-sobre-una-falsedad-la-universidad-americana-desmiente-a-leyton-barrios-y-deja-en-evidencia-al-comite-de-credenciales-y-al-consejo-superior\/","title":{"rendered":"Designado sobre una falsedad: la Universidad Americana desmiente a Leyton Barrios y deja en evidencia al Comit\u00e9 de Credenciales y al Consejo Superior"},"content":{"rendered":"<p style=\"text-align: justify;\"><strong>Por Jaime Ivan Borrero Samper\u00a0<\/strong><\/p>\n<p style=\"text-align: justify;\"><strong>El 5 de noviembre de 2025, ante el Juzgado Tercero Administrativo de Barranquilla, la Corporaci\u00f3n Universitaria Americana <\/strong>revel\u00f3 lo que muchos tem\u00edan y pocos se atrev\u00edan a reconocer: <strong>Leyton Daniel Barrios Torres<\/strong> nunca tuvo v\u00ednculo docente ni laboral con esa instituci\u00f3n.<\/p>\n<p style=\"text-align: justify;\">Su relaci\u00f3n fue <strong>civil ad honorem<\/strong>, sin contrato, sin pago, sin horas de docencia directa.<\/p>\n<p style=\"text-align: justify;\">Y pese a esa verdad irrefutable, documentada, firmada y remitida al juez, <strong>el Consejo Superior de la Universidad del Atl\u00e1ntico,<\/strong> presidido por <strong>Eduardo Verano De la Rosa, decidi\u00f3 designarlo rector.<\/strong><\/p>\n<p><img data-recalc-dims=\"1\" loading=\"lazy\" decoding=\"async\" data-attachment-id=\"7425\" data-permalink=\"https:\/\/sintradeua.org\/co\/designado-sobre-una-falsedad-la-universidad-americana-desmiente-a-leyton-barrios-y-deja-en-evidencia-al-comite-de-credenciales-y-al-consejo-superior\/img-20251107-wa0008\/\" data-orig-file=\"https:\/\/i0.wp.com\/sintradeua.org\/co\/wp-content\/uploads\/2025\/11\/IMG-20251107-WA0008.jpg?fit=921%2C910&amp;ssl=1\" data-orig-size=\"921,910\" data-comments-opened=\"1\" data-image-meta=\"{&quot;aperture&quot;:&quot;0&quot;,&quot;credit&quot;:&quot;&quot;,&quot;camera&quot;:&quot;&quot;,&quot;caption&quot;:&quot;&quot;,&quot;created_timestamp&quot;:&quot;0&quot;,&quot;copyright&quot;:&quot;&quot;,&quot;focal_length&quot;:&quot;0&quot;,&quot;iso&quot;:&quot;0&quot;,&quot;shutter_speed&quot;:&quot;0&quot;,&quot;title&quot;:&quot;&quot;,&quot;orientation&quot;:&quot;0&quot;}\" data-image-title=\"IMG-20251107-WA0008\" data-image-description=\"\" data-image-caption=\"\" data-large-file=\"https:\/\/i0.wp.com\/sintradeua.org\/co\/wp-content\/uploads\/2025\/11\/IMG-20251107-WA0008.jpg?fit=640%2C632&amp;ssl=1\" class=\"alignnone size-medium wp-image-7425\" src=\"https:\/\/i0.wp.com\/sintradeua.org\/co\/wp-content\/uploads\/2025\/11\/IMG-20251107-WA0008.jpg?resize=300%2C296&#038;ssl=1\" alt=\"\" width=\"300\" height=\"296\" srcset=\"https:\/\/i0.wp.com\/sintradeua.org\/co\/wp-content\/uploads\/2025\/11\/IMG-20251107-WA0008.jpg?resize=300%2C296&amp;ssl=1 300w, https:\/\/i0.wp.com\/sintradeua.org\/co\/wp-content\/uploads\/2025\/11\/IMG-20251107-WA0008.jpg?resize=800%2C790&amp;ssl=1 800w, https:\/\/i0.wp.com\/sintradeua.org\/co\/wp-content\/uploads\/2025\/11\/IMG-20251107-WA0008.jpg?resize=65%2C65&amp;ssl=1 65w, https:\/\/i0.wp.com\/sintradeua.org\/co\/wp-content\/uploads\/2025\/11\/IMG-20251107-WA0008.jpg?w=921&amp;ssl=1 921w\" sizes=\"auto, (max-width: 300px) 100vw, 300px\" \/><\/p>\n<p style=\"text-align: justify;\">Una decisi\u00f3n tomada a <strong>sabiendas de las inconsistencias, ignorando la revocatoria directa en curso y burlando el debido proceso administrativo<\/strong>.<\/p>\n<p style=\"text-align: justify;\">La historia universitaria recordar\u00e1 este episodio como la <strong>designaci\u00f3n m\u00e1s cuestionada, m\u00e1s precipitada y m\u00e1s moralmente insostenible de los \u00faltimos tiempos.<\/strong><\/p>\n<p style=\"text-align: justify;\">\u2696\ufe0f <span style=\"text-decoration: underline;\"><em><strong>La confesi\u00f3n judicial que destruye la versi\u00f3n oficial<\/strong><\/em><\/span><\/p>\n<p style=\"text-align: justify;\">El documento firmado por la representante legal de la Americana, <strong>Alba Luc\u00eda Corredor G\u00f3mez<\/strong>, no deja resquicio para la duda:<\/p>\n<p style=\"text-align: justify;\">\u00a0\u201c<span style=\"text-decoration: underline;\">La naturaleza del v\u00ednculo es civil ad honorem, esto es, sin percibir contraprestaci\u00f3n econ\u00f3mica ni generar v\u00ednculo laboral con la Corporaci\u00f3n.\u201d<\/span><\/p>\n<p style=\"text-align: justify;\"><span style=\"text-decoration: underline;\">\u00a0\u201cLas actividades desarrolladas no implicaron la asignaci\u00f3n de horas directas en aula.\u201d<\/span><\/p>\n<p style=\"text-align: justify;\">Es decir: <strong>no hubo docencia, ni contrato, ni remuneraci\u00f3n, ni experiencia que pueda contabilizarse como requisito rectoral.<\/strong><\/p>\n<p style=\"text-align: justify;\">El soporte que permiti\u00f3 la inscripci\u00f3n de Leyton Barrios fue materialmente<strong> inexacto<\/strong> y, por tanto, carece de valor jur\u00eddico y \u00e9tico.<\/p>\n<p style=\"text-align: justify;\">Lo m\u00e1s grave es que esta verdad <strong>ya era conocida<\/strong> por los organismos de direcci\u00f3n universitaria antes de la sesi\u00f3n del 24 de octubre de 2025.<\/p>\n<p style=\"text-align: justify;\">Pese a ello, el Consejo Superior corri\u00f3 a votar, no para proteger la legalidad, sino para <strong>blindar un acuerdo pol\u00edtico.<\/strong><\/p>\n<p style=\"text-align: justify;\">\ud83e\udde9 <span style=\"text-decoration: underline;\"><strong>El Comit\u00e9 de Credenciales: la omisi\u00f3n que permiti\u00f3 el fraude<\/strong><\/span><\/p>\n<p style=\"text-align: justify;\">Nada de esto habr\u00eda sido posible sin la <strong>negligencia o complacencia del Comit\u00e9 de Credenciales<\/strong>.<\/p>\n<p style=\"text-align: justify;\">Ese comit\u00e9, creado para garantizar la transparencia y la meritocracia, <strong>aval\u00f3 sin verificar, certific\u00f3 sin contrastar y guard\u00f3 silencio ante las contradicciones m\u00e1s evidentes.<\/strong><\/p>\n<p style=\"text-align: justify;\">Tuvo en sus manos <strong>cuatro versiones distintas<\/strong> de una misma instituci\u00f3n:<\/p>\n<p style=\"text-align: justify;\">Una del 13 de agosto, que hablaba de contrato y docencia.<\/p>\n<p style=\"text-align: justify;\">Otra del 27 de agosto, que negaba todo v\u00ednculo.<\/p>\n<p style=\"text-align: justify;\">Una tercera del 1 de septiembre, que reafirmaba el error.<\/p>\n<p style=\"text-align: justify;\">Y la definitiva, del 14 de octubre, que confesaba que todo fue ad honorem.<\/p>\n<p style=\"text-align: justify;\">El Comit\u00e9 de Credenciales <strong>no pidi\u00f3 aclaraciones, no solicit\u00f3 contratos, no cotej\u00f3 fechas ni horas<\/strong>.<\/p>\n<p style=\"text-align: justify;\">Opt\u00f3 por el camino f\u00e1cil: <strong>dar por buena una mentira administrativ<\/strong>a.<\/p>\n<p style=\"text-align: justify;\">Y con ese error, voluntario o no, <strong>indujeron en error al Consejo Superior<\/strong>, contaminando el proceso rectoral desde su origen.<\/p>\n<p style=\"text-align: justify;\">\ud83e\udde9 <span style=\"text-decoration: underline;\"><strong>El Consejo Superior: la complicidad consciente<\/strong><\/span><\/p>\n<p style=\"text-align: justify;\">Pero la responsabilidad no termina ah\u00ed.<\/p>\n<p style=\"text-align: justify;\">El <strong>Consejo Superior Universitario<\/strong>, con pleno conocimiento de la revocatoria directa presentada el 21 de octubre y de la evidencia aportada, <span style=\"text-decoration: underline;\"><strong>decidi\u00f3 sesionar el 27 de octubre para elegir a Leyton Barrios como rector.<\/strong><\/span><\/p>\n<p style=\"text-align: justify;\">Lo hizo <span style=\"text-decoration: underline;\"><strong>pese a estar advertido<\/strong><\/span> por oficio formal del riesgo jur\u00eddico y \u00e9tico que implicaba designar a alguien cuya documentaci\u00f3n hab\u00eda sido desmentida por la propia universidad que la expidi\u00f3.<\/p>\n<p style=\"text-align: justify;\">Y lo hizo <strong>sin esperar la decisi\u00f3n de fondo<\/strong> sobre la revocatoria, sin analizar las pruebas y, lo m\u00e1s reprochable, <strong>con la conciencia clara de que la verdad ya estaba escrita.<\/strong><\/p>\n<p style=\"text-align: justify;\">Esa conducta no puede calificarse de error administrativo: fue <strong>una decisi\u00f3n consciente, deliberada y pol\u00edticamente calculada.<\/strong><\/p>\n<p style=\"text-align: justify;\">El Consejo Superior no actu\u00f3 por desconocimiento, <strong>sino por conveniencia<\/strong>.<\/p>\n<p style=\"text-align: justify;\">Eligi\u00f3 ignorar los hechos, traicionar la \u00e9tica universitaria y comprometer la reputaci\u00f3n de toda una instituci\u00f3n p\u00fablica.<\/p>\n<p style=\"text-align: justify;\">Hoy, cada uno de sus miembros deber\u00e1 responder no solo ante la historia, sino muy posiblemente,\u00a0 ante los \u00f3rganos de control.<\/p>\n<p style=\"text-align: justify;\">Porque quien vota sabiendo que la base de un acto es falsa <strong>se convierte en garante de la falsedad<\/strong>.<\/p>\n<p style=\"text-align: justify;\">\ud83e\udde9 <em><span style=\"text-decoration: underline;\"><strong>Entre la moral universitaria y la decadencia institucional<\/strong><\/span><\/em><\/p>\n<p style=\"text-align: justify;\">La Universidad del Atl\u00e1ntico vive una paradoja dolorosa: mientras acumula acreditaciones acad\u00e9micas, pierde credibilidad moral.<\/p>\n<p style=\"text-align: justify;\">Lo que debi\u00f3 ser un proceso rectoral limpio, plural y leg\u00edtimo, termin\u00f3 convertido en <strong>una operaci\u00f3n pol\u00edtica para imponer un nombre a cualquier costo.<\/strong><\/p>\n<p style=\"text-align: justify;\">El da\u00f1o no lo causa solo quien miente, sino quien <strong>sabiendo la verdad, la calla y la valida.<\/strong><\/p>\n<p style=\"text-align: justify;\">Por eso este caso ya no se trata de un documento falso, sino de <strong>una cultura institucional que prefiri\u00f3 la conveniencia sobre la verdad.<\/strong><\/p>\n<p style=\"text-align: justify;\">Y eso , en una universidad p\u00fablica es una forma de corrupci\u00f3n.<\/p>\n<p style=\"text-align: justify;\">\ud83d\udd4a\ufe0f <span style=\"text-decoration: underline;\"><strong>La verdad no prescribe<\/strong><\/span><\/p>\n<p style=\"text-align: justify;\">La verdad puede aplazarse, pero no desaparecer.<\/p>\n<p style=\"text-align: justify;\">Hoy, esa verdad est\u00e1 <strong>firmada por la propia Universidad Americana<\/strong>, sellada en el expediente judicial y conocida por todo el pa\u00eds.<\/p>\n<p style=\"text-align: justify;\">El v\u00ednculo de Leyton Barrios fue <strong>ad honorem<\/strong>, sin contrato, sin pago, sin docencia, sin m\u00e9rito.<\/p>\n<p style=\"text-align: justify;\">El Consejo Superior eligi\u00f3 sabiendo esto.<\/p>\n<p style=\"text-align: justify;\">Y el Comit\u00e9 de Credenciales fue la pasarela que permiti\u00f3 que esa falsedad se convirtiera en un nombramiento.<\/p>\n<p style=\"text-align: justify;\">La Universidad del Atl\u00e1ntico deber\u00e1 decidir si corrige o si prefiere ser recordada <strong>como la instituci\u00f3n que eligi\u00f3 la mentira como m\u00e9todo de gobierno.<\/strong><\/p>\n<p style=\"text-align: justify;\">Porque la \u00e9tica, aunque algunos la subestimen, <strong>sigue siendo el fundamento de la verdadera excelencia.<\/strong><\/p>\n<p>&nbsp;<\/p>\n","protected":false},"excerpt":{"rendered":"<p>Por Jaime Ivan Borrero Samper\u00a0 El 5 de noviembre de 2025, ante el Juzgado Tercero Administrativo de Barranquilla, la Corporaci\u00f3n Universitaria Americana revel\u00f3 lo que muchos tem\u00edan y pocos se atrev\u00edan a reconocer: Leyton Daniel Barrios Torres nunca tuvo v\u00ednculo docente ni laboral con esa instituci\u00f3n. Su relaci\u00f3n fue civil ad honorem, sin contrato, sin&#8230;<\/p>\n","protected":false},"author":2,"featured_media":7424,"comment_status":"open","ping_status":"open","sticky":false,"template":"","format":"standard","meta":{"advanced_seo_description":"","jetpack_seo_html_title":"","jetpack_seo_noindex":false,"jetpack_post_was_ever_published":false,"_jetpack_newsletter_access":"","_jetpack_dont_email_post_to_subs":false,"_jetpack_newsletter_tier_id":0,"_jetpack_memberships_contains_paywalled_content":false,"_jetpack_memberships_contains_paid_content":false,"footnotes":"","jetpack_publicize_message":"","jetpack_publicize_feature_enabled":true,"jetpack_social_post_already_shared":true,"jetpack_social_options":{"image_generator_settings":{"template":"highway","default_image_id":0,"font":"","enabled":false},"version":2}},"categories":[2],"tags":[],"class_list":["post-7421","post","type-post","status-publish","format-standard","has-post-thumbnail","hentry","category-noticias"],"jetpack_publicize_connections":[],"jetpack_featured_media_url":"https:\/\/i0.wp.com\/sintradeua.org\/co\/wp-content\/uploads\/2025\/11\/IMG-20251031-WA0040.jpg?fit=1600%2C738&ssl=1","jetpack_sharing_enabled":true,"jetpack_shortlink":"https:\/\/wp.me\/paSj5R-1VH","_links":{"self":[{"href":"https:\/\/sintradeua.org\/co\/wp-json\/wp\/v2\/posts\/7421","targetHints":{"allow":["GET"]}}],"collection":[{"href":"https:\/\/sintradeua.org\/co\/wp-json\/wp\/v2\/posts"}],"about":[{"href":"https:\/\/sintradeua.org\/co\/wp-json\/wp\/v2\/types\/post"}],"author":[{"embeddable":true,"href":"https:\/\/sintradeua.org\/co\/wp-json\/wp\/v2\/users\/2"}],"replies":[{"embeddable":true,"href":"https:\/\/sintradeua.org\/co\/wp-json\/wp\/v2\/comments?post=7421"}],"version-history":[{"count":2,"href":"https:\/\/sintradeua.org\/co\/wp-json\/wp\/v2\/posts\/7421\/revisions"}],"predecessor-version":[{"id":7426,"href":"https:\/\/sintradeua.org\/co\/wp-json\/wp\/v2\/posts\/7421\/revisions\/7426"}],"wp:featuredmedia":[{"embeddable":true,"href":"https:\/\/sintradeua.org\/co\/wp-json\/wp\/v2\/media\/7424"}],"wp:attachment":[{"href":"https:\/\/sintradeua.org\/co\/wp-json\/wp\/v2\/media?parent=7421"}],"wp:term":[{"taxonomy":"category","embeddable":true,"href":"https:\/\/sintradeua.org\/co\/wp-json\/wp\/v2\/categories?post=7421"},{"taxonomy":"post_tag","embeddable":true,"href":"https:\/\/sintradeua.org\/co\/wp-json\/wp\/v2\/tags?post=7421"}],"curies":[{"name":"wp","href":"https:\/\/api.w.org\/{rel}","templated":true}]}}