{"id":7398,"date":"2025-11-02T14:51:11","date_gmt":"2025-11-02T19:51:11","guid":{"rendered":"https:\/\/sintradeua.org\/co\/?p=7398"},"modified":"2025-11-02T14:51:11","modified_gmt":"2025-11-02T19:51:11","slug":"%f0%9f%97%9e%ef%b8%8f-el-clamor-estudiantil-autonomia-o-sometimiento","status":"publish","type":"post","link":"https:\/\/sintradeua.org\/co\/%f0%9f%97%9e%ef%b8%8f-el-clamor-estudiantil-autonomia-o-sometimiento\/","title":{"rendered":"\ud83d\uddde\ufe0f El clamor estudiantil: autonom\u00eda o sometimiento"},"content":{"rendered":"<p style=\"text-align: justify;\"><strong>Por Jaime Ivan Borrero Samper\u00a0<\/strong><\/p>\n<p style=\"text-align: justify;\"><span style=\"text-decoration: underline;\"><em><strong>Comunicado del l\u00edder estudiantil Javier Hern\u00e1ndez<\/strong><\/em><\/span><\/p>\n<p style=\"text-align: justify;\">Barranquilla, 2 de noviembre de 2025<\/p>\n<p style=\"text-align: justify;\">\u00abLa autonom\u00eda universitaria es un principio fundamental que garantiza la libertad de c\u00e1tedra, investigaci\u00f3n y pensamiento, permitiendo que las universidades se gobiernen a s\u00ed mismas y desarrollen proyectos acad\u00e9micos sin injerencia externa indebida. Sin embargo, este principio no debe ser un discurso vac\u00edo ni un pretexto para convertir a las universidades en fortines pol\u00edticos y burocr\u00e1ticos como lo quiere hacer el clan Char junto a sus c\u00f3mplices: el gobernador Eduardo Verano de la Rosa, quien ha dejado solo al estamento estudiantil comport\u00e1ndose como un aut\u00e9ntico traidor al ceder a intereses particulares.<\/p>\n<p style=\"text-align: justify;\">Es preocupante c\u00f3mo actores pol\u00edticos, en lugar de fortalecer el car\u00e1cter aut\u00f3nomo y acad\u00e9mico de las universidades, buscan apropiarse de ellas para imponer clientelismo y pr\u00e1cticas familiares que secuestran estas instituciones p\u00fablicas. Esta desviaci\u00f3n desnaturaliza la autonom\u00eda y la convierte en herramienta para otros fines.<\/p>\n<p style=\"text-align: justify;\">Rechazamos enf\u00e1ticamente el uso del discurso de la autonom\u00eda para secuestrar la universidad e imponer estructuras que privilegian el nepotismo y el control pol\u00edtico. Como l\u00edder estudiantil no me quedar\u00e9 callado frente a estos movimientos descarados que intentan burlar la capacidad cr\u00edtica del estudiantado de la Universidad del Atl\u00e1ntico.<\/p>\n<p style=\"text-align: justify;\">El pedido de hoy es claro: la renuncia inmediata de <strong>Leyton Barrios <\/strong>a la rector\u00eda de la universidad, la renuncia de <strong>Angely<\/strong> <strong>Cordero<\/strong> a la representaci\u00f3n estudiantil, y el llamado al Ministerio de Educaci\u00f3n Nacional para que ejerza los mecanismos de presi\u00f3n necesarios que devuelvan la legalidad y la confianza institucional.<\/p>\n<p style=\"text-align: justify;\">#FueraLeytonBarrios<\/p>\n<p style=\"text-align: justify;\">Atentamente,<\/p>\n<p style=\"text-align: justify;\">Javier Hern\u00e1ndez<\/p>\n<p style=\"text-align: justify;\">L\u00edder estudiantil\u00bb<\/p>\n<p style=\"text-align: justify;\"><span style=\"text-decoration: underline;\"><em><strong>An\u00e1lisis: una voz estudiantil que sacude la conciencia universitaria<\/strong><\/em><\/span><\/p>\n<p style=\"text-align: justify;\">El comunicado del l\u00edder Javier Hern\u00e1ndez representa un punto de inflexi\u00f3n en la crisis que vive la Universidad del Atl\u00e1ntico. Es una declaraci\u00f3n frontal, valiente y moralmente leg\u00edtima frente a la captura pol\u00edtica que ha intentado imponerse sobre la instituci\u00f3n. Lejos de ser un discurso incendiario, es una denuncia<span style=\"text-decoration: underline;\"><em><strong> con fundamento \u00e9tico y jur\u00eddico<\/strong><\/em><\/span>, que pone en el centro la verdadera esencia de la autonom\u00eda universitaria: la libertad frente al poder, no su sumisi\u00f3n.<\/p>\n<p style=\"text-align: justify;\">1. <span style=\"text-decoration: underline;\"><em><strong>La autonom\u00eda como principio, no como pretexto<\/strong><\/em><\/span><\/p>\n<p style=\"text-align: justify;\">Javier desnuda con precisi\u00f3n una verdad que muchos eluden: la autonom\u00eda no es excusa para el desorden ni para el dominio pol\u00edtico, sino garant\u00eda de independencia y pensamiento libre. Su texto denuncia c\u00f3mo las casas pol\u00edticas tradicionales han intentado <span style=\"text-decoration: underline;\"><em><strong>instrumentalizar la universidad<\/strong><\/em><\/span> para prolongar su hegemon\u00eda en el Atl\u00e1ntico.<\/p>\n<p style=\"text-align: justify;\">El se\u00f1alamiento al gobernador Eduardo Verano y al clan Char no es gratuito: responde a una percepci\u00f3n extendida en la comunidad acad\u00e9mica de que la designaci\u00f3n de Leyton Barrios fue el resultado de <em><strong>alianzas pol\u00edticas ajenas al m\u00e9rito y al respeto institucional<\/strong><\/em>.<\/p>\n<p style=\"text-align: justify;\">2. <span style=\"text-decoration: underline;\"><em><strong>Una ruptura simb\u00f3lica<\/strong><\/em><\/span><\/p>\n<p style=\"text-align: justify;\">El llamado a la renuncia de Angely Cordero simboliza algo m\u00e1s profundo que un reclamo personal: la <strong>ruptura<\/strong><em><strong> de la confianza<\/strong> <\/em>entre los representantes estudiantiles y sus bases. El comunicado interpreta lo que muchos estudiantes sienten: que fueron traicionados por quienes deb\u00edan representarlos y que la defensa de la universidad ahora recae directamente sobre la comunidad misma, no sobre sus delegados formales.<\/p>\n<p style=\"text-align: justify;\">3. <span style=\"text-decoration: underline;\"><em><strong>El discurso que incomoda al poder<\/strong><\/em><\/span><\/p>\n<p style=\"text-align: justify;\">El lenguaje de Javier es directo, sin eufemismos. Eso lo hace inc\u00f3modo para ciertos sectores, pero tambi\u00e9n <span style=\"text-decoration: underline;\"><em><strong>aut\u00e9ntico<\/strong><\/em><em><strong> y necesario.<\/strong> <\/em><\/span>En tiempos donde los comunicados suelen diluir la responsabilidad entre todos, este texto <span style=\"text-decoration: underline;\"><em><strong>nombra con claridad a los responsables<\/strong><\/em><\/span> del desorden institucional.<\/p>\n<p style=\"text-align: justify;\">Esa claridad narrativa es lo que le da fuerza pol\u00edtica al comunicado: no es un documento m\u00e1s, es <em><strong>un acto de dignidad estudiantil<\/strong> <\/em>que devuelve al movimiento su sentido moral.<\/p>\n<p style=\"text-align: justify;\">4. <span style=\"text-decoration: underline;\"><em><strong>La nueva generaci\u00f3n universitaria<\/strong><\/em><\/span><\/p>\n<p style=\"text-align: justify;\">El mensaje tambi\u00e9n refleja una nueva<span style=\"text-decoration: underline;\"><em><strong> generaci\u00f3n de liderazgo universitario,<\/strong><\/em><\/span> menos temerosa, m\u00e1s informada y con una comprensi\u00f3n real del papel del Estado. Javier no ataca al Gobierno Nacional; al contrario, lo interpela desde el respeto institucional, pidi\u00e9ndole que ejerza su funci\u00f3n de inspecci\u00f3n y vigilancia.<\/p>\n<p style=\"text-align: justify;\">Eso desvirt\u00faa el discurso de ciertos medios , como el reciente editorial de El Heraldo,\u00a0 que buscan presentar las protestas como manipuladas o partidistas. Lo que emerge aqu\u00ed es una comunidad que <em><strong>sabe distinguir entre intervenci\u00f3n leg\u00edtima y cooptaci\u00f3n pol\u00edtica.<\/strong><\/em><\/p>\n<p style=\"text-align: justify;\"><span style=\"text-decoration: underline;\"><em><strong>Conclusi\u00f3n<\/strong><\/em><\/span><\/p>\n<p style=\"text-align: justify;\">El comunicado del l\u00edder estudiantil Javier Hern\u00e1ndez no es un panfleto ni una arenga; es un documento de valor hist\u00f3rico dentro del proceso de defensa de la Universidad del Atl\u00e1ntico.<\/p>\n<p style=\"text-align: justify;\">Encarna la conciencia cr\u00edtica de una comunidad que se cans\u00f3 de la manipulaci\u00f3n, de los silencios c\u00f3mplices y de las designaciones ama\u00f1adas.<\/p>\n<p style=\"text-align: justify;\">Queda claro que <strong>el movimiento universitario no busca poder, busca respeto.<\/strong> Respeto a sus normas, a su autonom\u00eda, a su historia y, sobre todo, a su gente.<\/p>\n<p style=\"text-align: justify;\">Y en ese contexto, la voz del estudiantado se convierte en la chispa moral que mantiene viva la esperanza de una universidad verdaderamente libre.<\/p>\n","protected":false},"excerpt":{"rendered":"<p>Por Jaime Ivan Borrero Samper\u00a0 Comunicado del l\u00edder estudiantil Javier Hern\u00e1ndez Barranquilla, 2 de noviembre de 2025 \u00abLa autonom\u00eda universitaria es un principio fundamental que garantiza la libertad de c\u00e1tedra, investigaci\u00f3n y pensamiento, permitiendo que las universidades se gobiernen a s\u00ed mismas y desarrollen proyectos acad\u00e9micos sin injerencia externa indebida. Sin embargo, este principio no&#8230;<\/p>\n","protected":false},"author":2,"featured_media":7400,"comment_status":"open","ping_status":"open","sticky":false,"template":"","format":"standard","meta":{"advanced_seo_description":"","jetpack_seo_html_title":"","jetpack_seo_noindex":false,"jetpack_post_was_ever_published":false,"_jetpack_newsletter_access":"","_jetpack_dont_email_post_to_subs":false,"_jetpack_newsletter_tier_id":0,"_jetpack_memberships_contains_paywalled_content":false,"_jetpack_memberships_contains_paid_content":false,"footnotes":"","jetpack_publicize_message":"","jetpack_publicize_feature_enabled":true,"jetpack_social_post_already_shared":true,"jetpack_social_options":{"image_generator_settings":{"template":"highway","default_image_id":0,"font":"","enabled":false},"version":2}},"categories":[2],"tags":[],"class_list":["post-7398","post","type-post","status-publish","format-standard","has-post-thumbnail","hentry","category-noticias"],"jetpack_publicize_connections":[],"jetpack_featured_media_url":"https:\/\/i0.wp.com\/sintradeua.org\/co\/wp-content\/uploads\/2025\/11\/IMG-20251031-WA00391.jpg?fit=1600%2C738&ssl=1","jetpack_sharing_enabled":true,"jetpack_shortlink":"https:\/\/wp.me\/paSj5R-1Vk","_links":{"self":[{"href":"https:\/\/sintradeua.org\/co\/wp-json\/wp\/v2\/posts\/7398","targetHints":{"allow":["GET"]}}],"collection":[{"href":"https:\/\/sintradeua.org\/co\/wp-json\/wp\/v2\/posts"}],"about":[{"href":"https:\/\/sintradeua.org\/co\/wp-json\/wp\/v2\/types\/post"}],"author":[{"embeddable":true,"href":"https:\/\/sintradeua.org\/co\/wp-json\/wp\/v2\/users\/2"}],"replies":[{"embeddable":true,"href":"https:\/\/sintradeua.org\/co\/wp-json\/wp\/v2\/comments?post=7398"}],"version-history":[{"count":1,"href":"https:\/\/sintradeua.org\/co\/wp-json\/wp\/v2\/posts\/7398\/revisions"}],"predecessor-version":[{"id":7401,"href":"https:\/\/sintradeua.org\/co\/wp-json\/wp\/v2\/posts\/7398\/revisions\/7401"}],"wp:featuredmedia":[{"embeddable":true,"href":"https:\/\/sintradeua.org\/co\/wp-json\/wp\/v2\/media\/7400"}],"wp:attachment":[{"href":"https:\/\/sintradeua.org\/co\/wp-json\/wp\/v2\/media?parent=7398"}],"wp:term":[{"taxonomy":"category","embeddable":true,"href":"https:\/\/sintradeua.org\/co\/wp-json\/wp\/v2\/categories?post=7398"},{"taxonomy":"post_tag","embeddable":true,"href":"https:\/\/sintradeua.org\/co\/wp-json\/wp\/v2\/tags?post=7398"}],"curies":[{"name":"wp","href":"https:\/\/api.w.org\/{rel}","templated":true}]}}