{"id":7394,"date":"2025-11-02T11:47:02","date_gmt":"2025-11-02T16:47:02","guid":{"rendered":"https:\/\/sintradeua.org\/co\/?p=7394"},"modified":"2025-11-02T11:47:02","modified_gmt":"2025-11-02T16:47:02","slug":"la-verdad-detras-de-la-crisis-universitaria-dignidad-no-manipulacion","status":"publish","type":"post","link":"https:\/\/sintradeua.org\/co\/la-verdad-detras-de-la-crisis-universitaria-dignidad-no-manipulacion\/","title":{"rendered":"La verdad detr\u00e1s de la crisis universitaria: dignidad, no manipulaci\u00f3n"},"content":{"rendered":"<p style=\"text-align: justify;\"><strong>Por Jaime Ivan Borrero Samper\u00a0<\/strong><\/p>\n<p style=\"text-align: justify;\">En respuesta al editorial publicado por El Heraldo sobre la situaci\u00f3n que atraviesa la Universidad del Atl\u00e1ntico, resulta necesario precisar algunos aspectos que no pueden pasarse por alto. Coincidimos plenamente en que la crisis institucional es el resultado de un proceso rectoral mal conducido, pero discrepamos en el enfoque que pretende reducir las movilizaciones universitarias a expresiones influenciadas o manipuladas pol\u00edticamente. Nada m\u00e1s lejos de la realidad.<\/p>\n<p style=\"text-align: justify;\">Lo que hoy vive la Universidad del Atl\u00e1ntico <strong>no es una efervescencia pasajera ni un movimiento artificial<\/strong>, sino la consecuencia de una acumulaci\u00f3n de inconformidades frente a la opaca y cuestionada designaci\u00f3n del se\u00f1or Leyton Barrios como rector. Su elecci\u00f3n, atravesada por denuncias de irregularidades, incongruencias en certificaciones y un evidente conflicto de intereses, <strong>fractur\u00f3 la confianza<\/strong> de la comunidad acad\u00e9mica en las instituciones universitarias. La respuesta de los estudiantes, profesores y trabajadores no es una reacci\u00f3n partidista, sino un <strong>acto de dignidad colectiva<\/strong> ante lo que se percibe como una imposici\u00f3n ajena a los valores de transparencia, m\u00e9rito y autonom\u00eda universitaria.<\/p>\n<p style=\"text-align: justify;\">Decir que detr\u00e1s de las marchas hay intereses pol\u00edticos nacionales o electorales es desconocer la esencia del movimiento. Por el contrario, ha sido el <strong>Gobierno<\/strong> <strong>Nacional<\/strong>, a trav\u00e9s de sus \u00f3rganos de inspecci\u00f3n y vigilancia, el que ha cumplido con su funci\u00f3n legal de velar por la correcta aplicaci\u00f3n de las normas y la integridad institucional. Confundir esa funci\u00f3n con injerencia pol\u00edtica es tergiversar los l\u00edmites de la autonom\u00eda universitaria, que jam\u00e1s puede ser excusa para <strong>tolerar la arbitrariedad ni encubrir la ilegalidad.<\/strong><\/p>\n<p style=\"text-align: justify;\">Si de intereses pol\u00edticos se trata, habr\u00eda que mirar hacia las casas <strong>tradicionales<\/strong> <strong>del poder local<\/strong>, aquellas que durante d\u00e9cadas han intentado convertir la Universidad en un bot\u00edn burocr\u00e1tico, moviendo fichas, pactos y silencios para sostener sus cuotas de influencia. Lo que hoy incomoda a esos sectores no es la protesta, sino la conciencia cr\u00edtica de una comunidad universitaria que decidi\u00f3 despertar, organizarse y exigir respeto por sus derechos.<\/p>\n<p style=\"text-align: justify;\">La Universidad del Atl\u00e1ntico no est\u00e1 dividida entre partidos, est\u00e1 unida en torno a un mismo reclamo: <strong>la defensa de la legitimidad, la \u00e9tica y la verdad institucional.<\/strong> No hay vandalismo cuando se protesta con convicci\u00f3n, ni politizaci\u00f3n cuando lo que se exige es coherencia, legalidad y respeto por la comunidad universitaria.<\/p>\n<p style=\"text-align: justify;\">Por eso, m\u00e1s que criminalizar o deslegitimar la movilizaci\u00f3n, es urgente que los medios de comunicaci\u00f3n, en especial los de referencia regional, asuman su responsabilidad con equilibrio y profundidad, evitando reforzar narrativas que confunden opini\u00f3n con manipulaci\u00f3n y que terminan debilitando las causas justas. El deber del periodismo no es sostener el statu quo, sino <strong>dar voz a quienes defienden el bien com\u00fan con argumentos y valent\u00eda.<\/strong><\/p>\n<p style=\"text-align: justify;\">Desde los sindicatos, desde las aulas y los pasillos, desde el sentir de miles de estudiantes, profesores y trabajadores, seguiremos apost\u00e1ndole a una Universidad del Atl\u00e1ntico libre de injerencias pol\u00edticas, fuerte en su autonom\u00eda, y comprometida con la verdad y la justicia institucional.<\/p>\n","protected":false},"excerpt":{"rendered":"<p>Por Jaime Ivan Borrero Samper\u00a0 En respuesta al editorial publicado por El Heraldo sobre la situaci\u00f3n que atraviesa la Universidad del Atl\u00e1ntico, resulta necesario precisar algunos aspectos que no pueden pasarse por alto. Coincidimos plenamente en que la crisis institucional es el resultado de un proceso rectoral mal conducido, pero discrepamos en el enfoque que&#8230;<\/p>\n","protected":false},"author":2,"featured_media":7395,"comment_status":"open","ping_status":"open","sticky":false,"template":"","format":"standard","meta":{"advanced_seo_description":"","jetpack_seo_html_title":"","jetpack_seo_noindex":false,"jetpack_post_was_ever_published":false,"_jetpack_newsletter_access":"","_jetpack_dont_email_post_to_subs":false,"_jetpack_newsletter_tier_id":0,"_jetpack_memberships_contains_paywalled_content":false,"_jetpack_memberships_contains_paid_content":false,"footnotes":"","jetpack_publicize_message":"","jetpack_publicize_feature_enabled":true,"jetpack_social_post_already_shared":true,"jetpack_social_options":{"image_generator_settings":{"template":"highway","default_image_id":0,"font":"","enabled":false},"version":2}},"categories":[2],"tags":[],"class_list":["post-7394","post","type-post","status-publish","format-standard","has-post-thumbnail","hentry","category-noticias"],"jetpack_publicize_connections":[],"jetpack_featured_media_url":"https:\/\/i0.wp.com\/sintradeua.org\/co\/wp-content\/uploads\/2025\/11\/IMG_20251102_114229.jpg?fit=1080%2C611&ssl=1","jetpack_sharing_enabled":true,"jetpack_shortlink":"https:\/\/wp.me\/paSj5R-1Vg","_links":{"self":[{"href":"https:\/\/sintradeua.org\/co\/wp-json\/wp\/v2\/posts\/7394","targetHints":{"allow":["GET"]}}],"collection":[{"href":"https:\/\/sintradeua.org\/co\/wp-json\/wp\/v2\/posts"}],"about":[{"href":"https:\/\/sintradeua.org\/co\/wp-json\/wp\/v2\/types\/post"}],"author":[{"embeddable":true,"href":"https:\/\/sintradeua.org\/co\/wp-json\/wp\/v2\/users\/2"}],"replies":[{"embeddable":true,"href":"https:\/\/sintradeua.org\/co\/wp-json\/wp\/v2\/comments?post=7394"}],"version-history":[{"count":2,"href":"https:\/\/sintradeua.org\/co\/wp-json\/wp\/v2\/posts\/7394\/revisions"}],"predecessor-version":[{"id":7397,"href":"https:\/\/sintradeua.org\/co\/wp-json\/wp\/v2\/posts\/7394\/revisions\/7397"}],"wp:featuredmedia":[{"embeddable":true,"href":"https:\/\/sintradeua.org\/co\/wp-json\/wp\/v2\/media\/7395"}],"wp:attachment":[{"href":"https:\/\/sintradeua.org\/co\/wp-json\/wp\/v2\/media?parent=7394"}],"wp:term":[{"taxonomy":"category","embeddable":true,"href":"https:\/\/sintradeua.org\/co\/wp-json\/wp\/v2\/categories?post=7394"},{"taxonomy":"post_tag","embeddable":true,"href":"https:\/\/sintradeua.org\/co\/wp-json\/wp\/v2\/tags?post=7394"}],"curies":[{"name":"wp","href":"https:\/\/api.w.org\/{rel}","templated":true}]}}