{"id":7389,"date":"2025-11-01T17:08:41","date_gmt":"2025-11-01T22:08:41","guid":{"rendered":"https:\/\/sintradeua.org\/co\/?p=7389"},"modified":"2025-11-01T17:08:41","modified_gmt":"2025-11-01T22:08:41","slug":"que-se-repita-lo-bueno-en-la-universidad-del-atlantico-no-lo-malo","status":"publish","type":"post","link":"https:\/\/sintradeua.org\/co\/que-se-repita-lo-bueno-en-la-universidad-del-atlantico-no-lo-malo\/","title":{"rendered":"Que se repita lo bueno en la Universidad del Atl\u00e1ntico, no lo malo"},"content":{"rendered":"<p style=\"text-align: justify;\"><strong>Por Farit Cajar Martinez\u00a0<\/strong><\/p>\n<p style=\"text-align: justify;\">La Universidad del Atl\u00e1ntico ha vivido momentos dif\u00edciles marcados por la corrupci\u00f3n, la politiquer\u00eda y la intromisi\u00f3n de clanes familiares en la elecci\u00f3n de sus rectores. Sin embargo, desde el a\u00f1o 2021, con la llegada del profesor Danilo Hern\u00e1ndez Rodr\u00edguez a la rector\u00eda, comenz\u00f3 una etapa distinta: una universidad con gobernabilidad, inclusi\u00f3n, proyecci\u00f3n social, estabilidad econ\u00f3mica, transparencia administrativa y avances acad\u00e9micos significativos.<\/p>\n<p style=\"text-align: justify;\">Los resultados hablan por s\u00ed solos. Programas acreditados de alta calidad, presencia en escenarios internacionales, y una universidad que hoy se cuenta entre las diez mejores del pa\u00eds. El alma mater dej\u00f3 de ser una instituci\u00f3n golpeada por la politiquer\u00eda para convertirse en un referente de excelencia acad\u00e9mica en Colombia, Am\u00e9rica Latina y el Caribe, un faro del Caribe que irradia ciencia, arte, cultura y oportunidades.<\/p>\n<p style=\"text-align: justify;\">Culminado el periodo rectoral del profesor Danilo Hern\u00e1ndez, la comunidad universitaria \u2014profesores, estudiantes, trabajadores, egresados, administrativos y sindicatos\u2014 reconoci\u00f3 en \u00e9l a un l\u00edder acad\u00e9mico que transform\u00f3 positivamente la instituci\u00f3n. Por ello, m\u00e1s de 9.800 miembros de la comunidad promovieron la modificaci\u00f3n democr\u00e1tica del par\u00e1grafo 1 del art\u00edculo 29 del Estatuto General para permitir la reelecci\u00f3n consecutiva del rector. Con ello se garantiz\u00f3 la participaci\u00f3n libre y equitativa de todos los aspirantes.<\/p>\n<p style=\"text-align: justify;\">En la consulta interna realizada el 2 de octubre de 2025, los resultados mostraron el respaldo mayoritario hacia Danilo Hern\u00e1ndez (6.345 votos), seguido de \u00c1lvaro Gonz\u00e1lez (3.996), Leyton Barrios (3.496), Wilson Quimbayo (3.349) y Alcides Padilla (967).<\/p>\n<p style=\"text-align: justify;\">Un ejercicio democr\u00e1tico y ejemplar que reflej\u00f3 la voz de la comunidad acad\u00e9mica.<\/p>\n<p style=\"text-align: justify;\">No obstante, surgieron denuncias sobre presuntas irregularidades en la inscripci\u00f3n del se\u00f1or Leyton Barrios, relacionadas con el cumplimiento de los requisitos exigidos por el Acuerdo Superior No. 00001 del 23 de julio de 2021, particularmente en materia de experiencia docente universitaria y administrativa.<\/p>\n<p style=\"text-align: justify;\">Estas denuncias fueron acompa\u00f1adas de inconsistencias en las certificaciones aportadas y de cuestionamientos p\u00fablicos sobre su validez, como lo advirti\u00f3 el presidente del sindicato SINTRADEUA, Jaime Ivan Borrero Samper, en distintos escenarios institucionales.<\/p>\n<p style=\"text-align: justify;\">En ese contexto, muchos se preguntan:<\/p>\n<p style=\"text-align: justify;\">\u00bfPor qu\u00e9 el Comit\u00e9 de Credenciales aval\u00f3 una inscripci\u00f3n tan cuestionada?<\/p>\n<p style=\"text-align: justify;\">\u00bfPor qu\u00e9 el Consejo Superior ignor\u00f3 las advertencias sobre los documentos presentados?<\/p>\n<p style=\"text-align: justify;\">El Comit\u00e9 Electoral traslad\u00f3 el caso a la Subdirecci\u00f3n de Inspecci\u00f3n y Vigilancia del Ministerio de Educaci\u00f3n Nacional, advirtiendo la necesidad de suspender la elecci\u00f3n hasta aclarar los hechos. Sin embargo, el proceso continu\u00f3.<\/p>\n<p style=\"text-align: justify;\">Pese a las observaciones y a un comunicado del Ministerio fechado el 26 de octubre de 2025 (Radicado No. 2025-EE316137), el Consejo Superior Universitario, convocado por el gobernador del Atl\u00e1ntico, Eduardo Verano, sesion\u00f3 de manera extraordinaria el 27 de octubre y eligi\u00f3 a Leyton Barrios como rector, en medio de denuncias p\u00fablicas, tutelas en curso y reclamos de la comunidad universitaria.<\/p>\n<p style=\"text-align: justify;\">Esta decisi\u00f3n, adoptada con celeridad y sin garant\u00edas plenas para todos los aspirantes, levant\u00f3 leg\u00edtimas dudas sobre su transparencia y su conformidad con los principios de m\u00e9rito, equidad y legalidad que deben regir los procesos universitarios.<\/p>\n<p style=\"text-align: justify;\">Las razones que explican esta insistencia van m\u00e1s all\u00e1 de un simple nombramiento. Para algunos sectores, se trata de un intento de repolitizar la Universidad del Atl\u00e1ntico, de devolverla a las manos de intereses ajenos a la academia y contrarios al bienestar colectivo.<\/p>\n<p style=\"text-align: justify;\">Existen versiones que apuntan a que la elecci\u00f3n responde a alianzas pol\u00edticas y cuotas de poder, buscando mantener el control sobre los recursos, los contratos y las decisiones institucionales.<\/p>\n<p style=\"text-align: justify;\">Y es precisamente aqu\u00ed donde la comunidad universitaria debe mantenerse alerta. La historia ense\u00f1a que cuando la pol\u00edtica partidista captura la universidad, se debilita la autonom\u00eda, se vulneran los derechos laborales y se afecta la esencia acad\u00e9mica.<\/p>\n<p style=\"text-align: justify;\">Ya lo vivimos en el pasado, con administraciones que dejaron heridas profundas: despidos masivos, persecuciones, nombramientos por conveniencia y silencios c\u00f3mplices.<\/p>\n<p style=\"text-align: justify;\">Por eso hoy, m\u00e1s que nunca, debemos decir con claridad:<\/p>\n<p style=\"text-align: justify;\">que se repita lo bueno, no lo malo.<\/p>\n<p style=\"text-align: justify;\">Que se repita la estabilidad, la transparencia, la inclusi\u00f3n y el m\u00e9rito.<\/p>\n<p style=\"text-align: justify;\">Que se repita la universidad que crece con dignidad, no aquella que se arrodilla ante el poder pol\u00edtico.<\/p>\n<p style=\"text-align: justify;\">Que se repita la defensa de la academia y de los trabajadores, no el sometimiento.<\/p>\n<p style=\"text-align: justify;\">La comunidad acad\u00e9mica ha demostrado que no ser\u00e1 indiferente. Los estudiantes, hist\u00f3ricamente, han sido la conciencia cr\u00edtica de la universidad y del pa\u00eds. Cuando las instituciones se desv\u00edan, ellos las devuelven a su cauce, con movilizaci\u00f3n, con palabra y con dignidad.<\/p>\n<p style=\"text-align: justify;\">La Universidad del Atl\u00e1ntico no volver\u00e1 a ser vasalla de ning\u00fan clan pol\u00edtico ni laboratorio de corrupci\u00f3n.<\/p>\n<p style=\"text-align: justify;\">Hoy, m\u00e1s que nunca, la academia se respeta y la dignidad no se negocia.<\/p>\n<p style=\"text-align: justify;\"><strong>Nota editorial:<\/strong><\/p>\n<p style=\"text-align: justify;\">Este texto corresponde a una columna de opini\u00f3n firmada por su autor. Las ideas aqu\u00ed expresadas son de exclusiva responsabilidad del docente y no comprometen la posici\u00f3n institucional de SINTRADEUA.<\/p>\n","protected":false},"excerpt":{"rendered":"<p>Por Farit Cajar Martinez\u00a0 La Universidad del Atl\u00e1ntico ha vivido momentos dif\u00edciles marcados por la corrupci\u00f3n, la politiquer\u00eda y la intromisi\u00f3n de clanes familiares en la elecci\u00f3n de sus rectores. Sin embargo, desde el a\u00f1o 2021, con la llegada del profesor Danilo Hern\u00e1ndez Rodr\u00edguez a la rector\u00eda, comenz\u00f3 una etapa distinta: una universidad con gobernabilidad,&#8230;<\/p>\n","protected":false},"author":2,"featured_media":7393,"comment_status":"open","ping_status":"open","sticky":false,"template":"","format":"standard","meta":{"advanced_seo_description":"","jetpack_seo_html_title":"","jetpack_seo_noindex":false,"jetpack_post_was_ever_published":false,"_jetpack_newsletter_access":"","_jetpack_dont_email_post_to_subs":false,"_jetpack_newsletter_tier_id":0,"_jetpack_memberships_contains_paywalled_content":false,"_jetpack_memberships_contains_paid_content":false,"footnotes":"","jetpack_publicize_message":"","jetpack_publicize_feature_enabled":true,"jetpack_social_post_already_shared":true,"jetpack_social_options":{"image_generator_settings":{"template":"highway","default_image_id":0,"font":"","enabled":false},"version":2}},"categories":[2],"tags":[],"class_list":["post-7389","post","type-post","status-publish","format-standard","has-post-thumbnail","hentry","category-noticias"],"jetpack_publicize_connections":[],"jetpack_featured_media_url":"https:\/\/i0.wp.com\/sintradeua.org\/co\/wp-content\/uploads\/2025\/11\/Universidad-del-Atlantico-2025-2.jpeg?fit=1280%2C853&ssl=1","jetpack_sharing_enabled":true,"jetpack_shortlink":"https:\/\/wp.me\/paSj5R-1Vb","_links":{"self":[{"href":"https:\/\/sintradeua.org\/co\/wp-json\/wp\/v2\/posts\/7389","targetHints":{"allow":["GET"]}}],"collection":[{"href":"https:\/\/sintradeua.org\/co\/wp-json\/wp\/v2\/posts"}],"about":[{"href":"https:\/\/sintradeua.org\/co\/wp-json\/wp\/v2\/types\/post"}],"author":[{"embeddable":true,"href":"https:\/\/sintradeua.org\/co\/wp-json\/wp\/v2\/users\/2"}],"replies":[{"embeddable":true,"href":"https:\/\/sintradeua.org\/co\/wp-json\/wp\/v2\/comments?post=7389"}],"version-history":[{"count":1,"href":"https:\/\/sintradeua.org\/co\/wp-json\/wp\/v2\/posts\/7389\/revisions"}],"predecessor-version":[{"id":7392,"href":"https:\/\/sintradeua.org\/co\/wp-json\/wp\/v2\/posts\/7389\/revisions\/7392"}],"wp:featuredmedia":[{"embeddable":true,"href":"https:\/\/sintradeua.org\/co\/wp-json\/wp\/v2\/media\/7393"}],"wp:attachment":[{"href":"https:\/\/sintradeua.org\/co\/wp-json\/wp\/v2\/media?parent=7389"}],"wp:term":[{"taxonomy":"category","embeddable":true,"href":"https:\/\/sintradeua.org\/co\/wp-json\/wp\/v2\/categories?post=7389"},{"taxonomy":"post_tag","embeddable":true,"href":"https:\/\/sintradeua.org\/co\/wp-json\/wp\/v2\/tags?post=7389"}],"curies":[{"name":"wp","href":"https:\/\/api.w.org\/{rel}","templated":true}]}}