{"id":7381,"date":"2025-10-31T08:48:14","date_gmt":"2025-10-31T13:48:14","guid":{"rendered":"https:\/\/sintradeua.org\/co\/?p=7381"},"modified":"2025-10-31T08:50:11","modified_gmt":"2025-10-31T13:50:11","slug":"el-eco-de-la-historia-la-fuerza-no-puede-reemplazar-la-razon","status":"publish","type":"post","link":"https:\/\/sintradeua.org\/co\/el-eco-de-la-historia-la-fuerza-no-puede-reemplazar-la-razon\/","title":{"rendered":"El eco de la historia: la fuerza no puede reemplazar la raz\u00f3n"},"content":{"rendered":"<p style=\"text-align: justify;\"><b>Por Jaime Ivan Borrero Samper\u00a0<\/b><\/p>\n<p style=\"text-align: justify;\"><span style=\"text-decoration: underline;\"><em><strong>El recuerdo que no debe repetirse.<\/strong><\/em><\/span><\/p>\n<p style=\"text-align: justify;\">En 2019, durante la rector\u00eda de <span style=\"text-decoration: underline;\"><em><strong>Carlos Prasca<\/strong><\/em><\/span>, la Universidad del Atl\u00e1ntico vivi\u00f3 una de las heridas m\u00e1s profundas de su historia.<\/p>\n<div style=\"width: 360px;\" class=\"wp-video\"><video class=\"wp-video-shortcode\" id=\"video-7381-1\" width=\"360\" height=\"640\" preload=\"metadata\" controls=\"controls\"><source type=\"video\/mp4\" src=\"https:\/\/sintradeua.org\/co\/wp-content\/uploads\/2025\/10\/f008f986209d45a983ce10e6237f3200.mp4?_=1\" \/><a href=\"https:\/\/sintradeua.org\/co\/wp-content\/uploads\/2025\/10\/f008f986209d45a983ce10e6237f3200.mp4\">https:\/\/sintradeua.org\/co\/wp-content\/uploads\/2025\/10\/f008f986209d45a983ce10e6237f3200.mp4<\/a><\/video><\/div>\n<p style=\"text-align: justify;\">La fuerza p\u00fablica ingres\u00f3 al campus para reprimir la protesta estudiantil, violando el principio m\u00e1s sagrado de toda instituci\u00f3n universitaria: <span style=\"text-decoration: underline;\"><em><strong>la autonom\u00eda<\/strong><\/em><\/span>. Aquella vez, la comunidad universitaria estudiantes, profesores y trabajadores, respondi\u00f3 con coraje.<\/p>\n<p style=\"text-align: justify;\">Defendi\u00f3 el alma mater como se defienden los espacios sagrados: con<span style=\"text-decoration: underline;\"><em><strong> dignidad, con memoria y con conciencia colectiva.<\/strong><\/em><\/span><\/p>\n<p style=\"text-align: justify;\">Esa resistencia oblig\u00f3 a replantear el rumbo institucional y dej\u00f3 claro que el<span style=\"text-decoration: underline;\"><em><strong> pensamiento no se doblega con escudos.<\/strong><\/em><\/span><\/p>\n<p style=\"text-align: justify;\">Hoy, seis a\u00f1os despu\u00e9s, la historia amenaza con repetirse.<\/p>\n<p style=\"text-align: justify;\">Otra vez, la Polic\u00eda intenta ingresar al campus; otra vez, el poder pol\u00edtico se entromete en los asuntos de la academia; otra vez, los estudiantes se ven obligados a levantar su voz para defender lo que les pertenece: <span style=\"text-decoration: underline;\"><em><strong>una universidad libre, cr\u00edtica y aut\u00f3noma<\/strong><\/em><\/span>.<\/p>\n<p style=\"text-align: justify;\"><span style=\"text-decoration: underline;\"><em><strong>\u00abLa raz\u00f3n de la protesta\u00bb<\/strong><\/em><\/span><\/p>\n<p style=\"text-align: justify;\">La actual movilizaci\u00f3n universitaria no surgi\u00f3 del caos, sino de la conciencia.<\/p>\n<p style=\"text-align: justify;\">Los estudiantes protestan porque sienten traicionada la voluntad de la comunidad, luego de que fuera <span style=\"text-decoration: underline;\"><em><strong>designado un rector bajo un proceso cuestionado, sin transparencia, y con se\u00f1ales claras de interferencia pol\u00edtica.<\/strong><\/em><\/span><\/p>\n<p style=\"text-align: justify;\">No se trata de un capricho ni de un desacuerdo personal: <span style=\"text-decoration: underline;\"><em><strong>se trata de una defensa moral.<\/strong><\/em><\/span><\/p>\n<p style=\"text-align: justify;\">La defensa del principio que sostiene a toda universidad p\u00fablica: que quien la dirija lo haga con legitimidad \u00e9tica, no con el respaldo de estructuras de poder ni de compromisos ajenos a la academia.<\/p>\n<p style=\"text-align: justify;\">La comunidad estudiantil no se moviliza por odio, sino por dignidad; no por desorden, sino por justicia.<\/p>\n<p style=\"text-align: justify;\">Y su voz, lejos de ser un ruido, es el eco de una historia que no quiere repetirse.<\/p>\n<p style=\"text-align: justify;\"><span style=\"text-decoration: underline;\"><em><strong>La fuerza no puede reemplazar la raz\u00f3n<\/strong><\/em><\/span><\/p>\n<p style=\"text-align: justify;\">La universidad no puede ser tratada como un problema de orden p\u00fablico.<\/p>\n<p style=\"text-align: justify;\">Cada intento de ingresar la fuerza p\u00fablica al campus es una violaci\u00f3n directa de la <span style=\"text-decoration: underline;\"><em><strong>autonom\u00eda<\/strong><\/em> <em><strong>universitaria<\/strong><\/em><\/span>, consagrada en el art\u00edculo 69 de la Constituci\u00f3n y en la Ley 30 de 1992.<\/p>\n<p style=\"text-align: justify;\">El pensamiento no se controla ni se intimida. <span style=\"text-decoration: underline;\"><em><strong>El conocimiento florece en libertad, no bajo vigilancia.<\/strong><\/em><\/span><\/p>\n<p style=\"text-align: justify;\">La Universidad del Atl\u00e1ntico pertenece a su comunidad acad\u00e9mica, no a los intereses del poder pol\u00edtico de turno.<\/p>\n<p style=\"text-align: justify;\"><span style=\"text-decoration: underline;\"><em><strong>\u00abEl doble discurso del gobernador Verano\u00bb.<\/strong><\/em><\/span><\/p>\n<p style=\"text-align: justify;\">El gobernador del Atl\u00e1ntico, <span style=\"text-decoration: underline;\"><em><strong>Eduardo Verano de la Rosa,<\/strong><\/em><\/span> vot\u00f3 a favor de la designaci\u00f3n del nuevo rector.<\/p>\n<p style=\"text-align: justify;\">Hoy intenta mostrarse conciliador, afirmando que \u201cdefiende el derecho a la protesta pac\u00edfica y el pensamiento cr\u00edtico\u201d, pero su propio mensaje en redes <span style=\"text-decoration: underline;\">revela<\/span> la contradicci\u00f3n:<\/p>\n<p style=\"text-align: justify;\"><span style=\"text-decoration: underline;\"><em><strong>\u201cLas autoridades actuar\u00e1n para identificar y judicializar a quienes buscan el caos. No lo vamos a permitir.\u201d<\/strong><\/em><\/span><\/p>\n<p style=\"text-align: justify;\">Esa frase encierra el <span style=\"text-decoration: underline;\"><strong>verdadero<\/strong><\/span> mensaje: mientras aparenta defender la protesta, <span style=\"text-decoration: underline;\"><em><strong>anuncia persecuci\u00f3n.<\/strong><\/em><\/span><\/p>\n<p style=\"text-align: justify;\">Habla de di\u00e1logo mientras prepara la <span style=\"text-decoration: underline;\">represi\u00f3n<\/span>.<\/p>\n<p style=\"text-align: justify;\">Habla de pensamiento cr\u00edtico mientras <span style=\"text-decoration: underline;\">amenaza<\/span> con judicializar a quienes lo ejercen.<\/p>\n<p style=\"text-align: justify;\">La comunidad universitaria sabe leer entre l\u00edneas: <span style=\"text-decoration: underline;\"><em><strong>ese discurso no busca proteger la universidad, sino disciplinarla.<\/strong><\/em><\/span><\/p>\n<p style=\"text-align: justify;\">\u00ab<span style=\"text-decoration: underline;\"><em><strong>La posici\u00f3n firme del Gobierno Nacional\u00bb.<\/strong><\/em><\/span><\/p>\n<p style=\"text-align: justify;\">Frente a este escenario, el presidente <span style=\"text-decoration: underline;\"><em><strong>Gustavo<\/strong><\/em> <em><strong>Petro<\/strong><\/em><\/span> fue categ\u00f3rico:<\/p>\n<p style=\"text-align: justify;\">\u201cNo se pueden violentar manifestaciones pac\u00edficas de estudiantes. El derecho a reuni\u00f3n es un derecho fundamental. El caso del Atl\u00e1ntico debe ser investigado a fondo.\u201d<\/p>\n<p style=\"text-align: justify;\">El mandatario record\u00f3 que <span style=\"text-decoration: underline;\"><em><strong>la protesta social no es un delito<\/strong><\/em><\/span>, sino una forma leg\u00edtima de participaci\u00f3n democr\u00e1tica.<\/p>\n<p style=\"text-align: justify;\">Y el ministro del Interior, Armando Benedetti, reforz\u00f3 ese mensaje con una advertencia clara:<\/p>\n<p style=\"text-align: justify;\">\u201cTomaron la decisi\u00f3n de elegir un mal rector y, ante las protestas, quieren echarle la Polic\u00eda a los muchachos. Llamo la atenci\u00f3n de la Procuradur\u00eda y la Fiscal\u00eda ante cualquier abuso de poder.\u201d<\/p>\n<p style=\"text-align: justify;\">El Gobierno Nacional ha marcado una l\u00ednea \u00e9tica: <span style=\"text-decoration: underline;\"><em><strong>no se puede responder con fuerza a lo que exige di\u00e1logo<\/strong><\/em><\/span>; <span style=\"text-decoration: underline;\"><em><strong>no se puede imponer autoridad donde falta legitimidad.<\/strong><\/em><\/span><\/p>\n<p style=\"text-align: justify;\">Mientras algunos gobiernos locales apelan al garrote, el Gobierno Nacional defiende el principio.<\/p>\n<p style=\"text-align: justify;\"><span style=\"text-decoration: underline;\"><em><strong>\u00abLa comunidad universitaria dice basta\u00bb<\/strong><\/em><\/span><\/p>\n<p style=\"text-align: justify;\">La Universidad del Atl\u00e1ntico no soporta m\u00e1s imposiciones ni experimentos de poder.<\/p>\n<p style=\"text-align: justify;\">No quiere volver a ver a la fuerza p\u00fablica entrando a su campus, violando la autonom\u00eda universitaria, ni a sus estudiantes siendo tratados como enemigos del orden.<\/p>\n<p style=\"text-align: justify;\">La comunidad universitaria ha decidido no repetir la historia de Prasca, porque aprendi\u00f3 que <span style=\"text-decoration: underline;\"><em><strong>cada acto de represi\u00f3n deja una cicatriz,<\/strong> <\/em><\/span>pero tambi\u00e9n una lecci\u00f3n: que cuando la fuerza entra, la<span style=\"text-decoration: underline;\"><em><strong> academia muere.<\/strong><\/em><\/span><\/p>\n<p style=\"text-align: justify;\">Hoy, los estudiantes, profesores y trabajadores han dicho basta.<\/p>\n<p style=\"text-align: justify;\">Y ese basta es un grito de esperanza: el alma mater del Caribe colombiano no se rinde.<\/p>\n<p style=\"text-align: justify;\">Defender la autonom\u00eda universitaria no es una consigna rom\u00e1ntica, es una obligaci\u00f3n \u00e9tica.<\/p>\n<p style=\"text-align: justify;\">La universidad p\u00fablica es el espacio donde el pa\u00eds aprende a pensar, y un pa\u00eds que persigue a sus estudiantes por protestar <span style=\"text-decoration: underline;\"><em><strong>renuncia a su propio futuro<\/strong><\/em><\/span>.<\/p>\n<p style=\"text-align: justify;\">La historia est\u00e1 mirando a la Universidad del Atl\u00e1ntico.<\/p>\n<p style=\"text-align: justify;\">Y esta vez, la comunidad est\u00e1 decidida a que el eco de Prasca no se repita.<\/p>\n<p style=\"text-align: justify;\">Porque <span style=\"text-decoration: underline;\"><em><strong>la fuerza nunca podr\u00e1 reemplazar<\/strong><\/em><\/span> la raz\u00f3n,<\/p>\n<p style=\"text-align: justify;\">y la autonom\u00eda universitaria no se suplica: <span style=\"text-decoration: underline;\"><em><strong>se ejerce, se defiende y se honra.<\/strong><\/em><\/span><\/p>\n","protected":false},"excerpt":{"rendered":"<p>Por Jaime Ivan Borrero Samper\u00a0 El recuerdo que no debe repetirse. En 2019, durante la rector\u00eda de Carlos Prasca, la Universidad del Atl\u00e1ntico vivi\u00f3 una de las heridas m\u00e1s profundas de su historia. La fuerza p\u00fablica ingres\u00f3 al campus para reprimir la protesta estudiantil, violando el principio m\u00e1s sagrado de toda instituci\u00f3n universitaria: la autonom\u00eda&#8230;.<\/p>\n","protected":false},"author":2,"featured_media":7383,"comment_status":"open","ping_status":"open","sticky":false,"template":"","format":"standard","meta":{"advanced_seo_description":"","jetpack_seo_html_title":"","jetpack_seo_noindex":false,"jetpack_post_was_ever_published":false,"_jetpack_newsletter_access":"","_jetpack_dont_email_post_to_subs":false,"_jetpack_newsletter_tier_id":0,"_jetpack_memberships_contains_paywalled_content":false,"_jetpack_memberships_contains_paid_content":false,"footnotes":"","jetpack_publicize_message":"","jetpack_publicize_feature_enabled":true,"jetpack_social_post_already_shared":true,"jetpack_social_options":{"image_generator_settings":{"template":"highway","default_image_id":0,"font":"","enabled":false},"version":2}},"categories":[2],"tags":[],"class_list":["post-7381","post","type-post","status-publish","format-standard","has-post-thumbnail","hentry","category-noticias"],"jetpack_publicize_connections":[],"jetpack_featured_media_url":"https:\/\/i0.wp.com\/sintradeua.org\/co\/wp-content\/uploads\/2025\/10\/uniatlantico_16_.jpeg?fit=1280%2C720&ssl=1","jetpack_sharing_enabled":true,"jetpack_shortlink":"https:\/\/wp.me\/paSj5R-1V3","_links":{"self":[{"href":"https:\/\/sintradeua.org\/co\/wp-json\/wp\/v2\/posts\/7381","targetHints":{"allow":["GET"]}}],"collection":[{"href":"https:\/\/sintradeua.org\/co\/wp-json\/wp\/v2\/posts"}],"about":[{"href":"https:\/\/sintradeua.org\/co\/wp-json\/wp\/v2\/types\/post"}],"author":[{"embeddable":true,"href":"https:\/\/sintradeua.org\/co\/wp-json\/wp\/v2\/users\/2"}],"replies":[{"embeddable":true,"href":"https:\/\/sintradeua.org\/co\/wp-json\/wp\/v2\/comments?post=7381"}],"version-history":[{"count":5,"href":"https:\/\/sintradeua.org\/co\/wp-json\/wp\/v2\/posts\/7381\/revisions"}],"predecessor-version":[{"id":7388,"href":"https:\/\/sintradeua.org\/co\/wp-json\/wp\/v2\/posts\/7381\/revisions\/7388"}],"wp:featuredmedia":[{"embeddable":true,"href":"https:\/\/sintradeua.org\/co\/wp-json\/wp\/v2\/media\/7383"}],"wp:attachment":[{"href":"https:\/\/sintradeua.org\/co\/wp-json\/wp\/v2\/media?parent=7381"}],"wp:term":[{"taxonomy":"category","embeddable":true,"href":"https:\/\/sintradeua.org\/co\/wp-json\/wp\/v2\/categories?post=7381"},{"taxonomy":"post_tag","embeddable":true,"href":"https:\/\/sintradeua.org\/co\/wp-json\/wp\/v2\/tags?post=7381"}],"curies":[{"name":"wp","href":"https:\/\/api.w.org\/{rel}","templated":true}]}}