{"id":7223,"date":"2025-10-06T14:55:33","date_gmt":"2025-10-06T19:55:33","guid":{"rendered":"https:\/\/sintradeua.org\/co\/?p=7223"},"modified":"2025-10-06T14:55:33","modified_gmt":"2025-10-06T19:55:33","slug":"%f0%9f%93%b0-editorial-la-universidad-del-atlantico-no-se-vende-se-defiende","status":"publish","type":"post","link":"https:\/\/sintradeua.org\/co\/%f0%9f%93%b0-editorial-la-universidad-del-atlantico-no-se-vende-se-defiende\/","title":{"rendered":"\ud83d\udcf0 Editorial: La Universidad del Atl\u00e1ntico no se vende, se defiende"},"content":{"rendered":"<p><img data-recalc-dims=\"1\" loading=\"lazy\" decoding=\"async\" data-attachment-id=\"7224\" data-permalink=\"https:\/\/sintradeua.org\/co\/%f0%9f%93%b0-editorial-la-universidad-del-atlantico-no-se-vende-se-defiende\/universidad_del_atlantico_1_0-2\/\" data-orig-file=\"https:\/\/i0.wp.com\/sintradeua.org\/co\/wp-content\/uploads\/2025\/10\/universidad_del_atlantico_1_0-1.jpeg?fit=1200%2C671&amp;ssl=1\" data-orig-size=\"1200,671\" data-comments-opened=\"1\" data-image-meta=\"{&quot;aperture&quot;:&quot;0&quot;,&quot;credit&quot;:&quot;&quot;,&quot;camera&quot;:&quot;&quot;,&quot;caption&quot;:&quot;&quot;,&quot;created_timestamp&quot;:&quot;0&quot;,&quot;copyright&quot;:&quot;&quot;,&quot;focal_length&quot;:&quot;0&quot;,&quot;iso&quot;:&quot;0&quot;,&quot;shutter_speed&quot;:&quot;0&quot;,&quot;title&quot;:&quot;&quot;,&quot;orientation&quot;:&quot;0&quot;}\" data-image-title=\"universidad_del_atlantico_1_0\" data-image-description=\"\" data-image-caption=\"\" data-large-file=\"https:\/\/i0.wp.com\/sintradeua.org\/co\/wp-content\/uploads\/2025\/10\/universidad_del_atlantico_1_0-1.jpeg?fit=640%2C358&amp;ssl=1\" class=\"alignnone size-medium wp-image-7224\" src=\"https:\/\/i0.wp.com\/sintradeua.org\/co\/wp-content\/uploads\/2025\/10\/universidad_del_atlantico_1_0-1.jpeg?resize=300%2C168&#038;ssl=1\" alt=\"\" width=\"300\" height=\"168\" srcset=\"https:\/\/i0.wp.com\/sintradeua.org\/co\/wp-content\/uploads\/2025\/10\/universidad_del_atlantico_1_0-1.jpeg?resize=300%2C168&amp;ssl=1 300w, https:\/\/i0.wp.com\/sintradeua.org\/co\/wp-content\/uploads\/2025\/10\/universidad_del_atlantico_1_0-1.jpeg?resize=800%2C447&amp;ssl=1 800w, https:\/\/i0.wp.com\/sintradeua.org\/co\/wp-content\/uploads\/2025\/10\/universidad_del_atlantico_1_0-1.jpeg?w=1200&amp;ssl=1 1200w\" sizes=\"auto, (max-width: 300px) 100vw, 300px\" \/><\/p>\n<p style=\"text-align: justify;\"><strong>Por: Jaime Ivan Borrero Samper.<\/strong><\/p>\n<p style=\"text-align: justify;\">La Universidad del Atl\u00e1ntico atraviesa uno de los momentos m\u00e1s decisivos de su historia reciente.<\/p>\n<p style=\"text-align: justify;\">El pasado <strong>2 de octubre<\/strong>, la comunidad universitaria habl\u00f3 con una claridad que no admite interpretaciones: <strong>docentes y estudiantes depositaron su confianza en el profesor Danilo Hern\u00e1ndez<\/strong>, ratificando el respaldo a una gesti\u00f3n que, m\u00e1s all\u00e1 de las diferencias, ha dado estabilidad, orden y resultados a la instituci\u00f3n.<\/p>\n<p style=\"text-align: justify;\">Ese pronunciamiento democr\u00e1tico, libre, leg\u00edtimo y masivo, <strong>no puede ser ignorado ni reinterpretado al gusto de intereses ajenos al sentir universitario.<\/strong><\/p>\n<p style=\"text-align: justify;\">El mensaje de las urnas fue contundente, y toda autoridad que decida sobre el futuro de la rector\u00eda debe hacerlo con respeto a esa voluntad colectiva.<\/p>\n<p style=\"text-align: justify;\">Desconocerla ser\u00eda desconocer el alma misma de la Universidad.<\/p>\n<p style=\"text-align: justify;\">Durante los \u00faltimos d\u00edas, la opini\u00f3n p\u00fablica ha conocido <strong>documentos y certificaciones<\/strong> contradictorias sobre la trayectoria y las condiciones de ciertos aspirantes.<\/p>\n<p><img data-recalc-dims=\"1\" loading=\"lazy\" decoding=\"async\" data-attachment-id=\"7119\" data-permalink=\"https:\/\/sintradeua.org\/co\/leyton-barrios-calla-a-un-estudiante-que-reclamaba-por-los-colegios-caidos\/oplus_131072-18\/\" data-orig-file=\"https:\/\/i0.wp.com\/sintradeua.org\/co\/wp-content\/uploads\/2025\/09\/IMG_20250917_132500.jpg?fit=1080%2C1493&amp;ssl=1\" data-orig-size=\"1080,1493\" data-comments-opened=\"1\" data-image-meta=\"{&quot;aperture&quot;:&quot;0&quot;,&quot;credit&quot;:&quot;&quot;,&quot;camera&quot;:&quot;&quot;,&quot;caption&quot;:&quot;Oplus_131072&quot;,&quot;created_timestamp&quot;:&quot;0&quot;,&quot;copyright&quot;:&quot;&quot;,&quot;focal_length&quot;:&quot;0&quot;,&quot;iso&quot;:&quot;0&quot;,&quot;shutter_speed&quot;:&quot;0&quot;,&quot;title&quot;:&quot;Oplus_131072&quot;,&quot;orientation&quot;:&quot;1&quot;}\" data-image-title=\"Oplus_131072\" data-image-description=\"\" data-image-caption=\"&lt;p&gt;Oplus_131072&lt;\/p&gt;\n\" data-large-file=\"https:\/\/i0.wp.com\/sintradeua.org\/co\/wp-content\/uploads\/2025\/09\/IMG_20250917_132500.jpg?fit=579%2C800&amp;ssl=1\" class=\"size-medium wp-image-7119\" src=\"https:\/\/i0.wp.com\/sintradeua.org\/co\/wp-content\/uploads\/2025\/09\/IMG_20250917_132500.jpg?resize=217%2C300&#038;ssl=1\" alt=\"\" width=\"217\" height=\"300\" srcset=\"https:\/\/i0.wp.com\/sintradeua.org\/co\/wp-content\/uploads\/2025\/09\/IMG_20250917_132500.jpg?resize=217%2C300&amp;ssl=1 217w, https:\/\/i0.wp.com\/sintradeua.org\/co\/wp-content\/uploads\/2025\/09\/IMG_20250917_132500.jpg?resize=579%2C800&amp;ssl=1 579w, https:\/\/i0.wp.com\/sintradeua.org\/co\/wp-content\/uploads\/2025\/09\/IMG_20250917_132500.jpg?w=1080&amp;ssl=1 1080w\" sizes=\"auto, (max-width: 217px) 100vw, 217px\" \/><\/p>\n<p style=\"text-align: justify;\">Estos hechos no son simples rumores: est\u00e1n registrados, divulgados y analizados con rigor.<\/p>\n<p><img data-recalc-dims=\"1\" loading=\"lazy\" decoding=\"async\" data-attachment-id=\"7225\" data-permalink=\"https:\/\/sintradeua.org\/co\/%f0%9f%93%b0-editorial-la-universidad-del-atlantico-no-se-vende-se-defiende\/consejo-superior-ua_0\/\" data-orig-file=\"https:\/\/i0.wp.com\/sintradeua.org\/co\/wp-content\/uploads\/2025\/10\/consejo-superior-ua_0-scaled.jpeg?fit=2560%2C1130&amp;ssl=1\" data-orig-size=\"2560,1130\" data-comments-opened=\"1\" data-image-meta=\"{&quot;aperture&quot;:&quot;0&quot;,&quot;credit&quot;:&quot;&quot;,&quot;camera&quot;:&quot;&quot;,&quot;caption&quot;:&quot;&quot;,&quot;created_timestamp&quot;:&quot;0&quot;,&quot;copyright&quot;:&quot;&quot;,&quot;focal_length&quot;:&quot;0&quot;,&quot;iso&quot;:&quot;0&quot;,&quot;shutter_speed&quot;:&quot;0&quot;,&quot;title&quot;:&quot;&quot;,&quot;orientation&quot;:&quot;0&quot;}\" data-image-title=\"consejo-superior-ua_0\" data-image-description=\"\" data-image-caption=\"\" data-large-file=\"https:\/\/i0.wp.com\/sintradeua.org\/co\/wp-content\/uploads\/2025\/10\/consejo-superior-ua_0-scaled.jpeg?fit=640%2C282&amp;ssl=1\" class=\"alignnone size-medium wp-image-7225\" src=\"https:\/\/i0.wp.com\/sintradeua.org\/co\/wp-content\/uploads\/2025\/10\/consejo-superior-ua_0.jpeg?resize=300%2C132&#038;ssl=1\" alt=\"\" width=\"300\" height=\"132\" srcset=\"https:\/\/i0.wp.com\/sintradeua.org\/co\/wp-content\/uploads\/2025\/10\/consejo-superior-ua_0-scaled.jpeg?resize=300%2C132&amp;ssl=1 300w, https:\/\/i0.wp.com\/sintradeua.org\/co\/wp-content\/uploads\/2025\/10\/consejo-superior-ua_0-scaled.jpeg?resize=800%2C353&amp;ssl=1 800w, https:\/\/i0.wp.com\/sintradeua.org\/co\/wp-content\/uploads\/2025\/10\/consejo-superior-ua_0-scaled.jpeg?resize=1536%2C678&amp;ssl=1 1536w, https:\/\/i0.wp.com\/sintradeua.org\/co\/wp-content\/uploads\/2025\/10\/consejo-superior-ua_0-scaled.jpeg?resize=2048%2C904&amp;ssl=1 2048w, https:\/\/i0.wp.com\/sintradeua.org\/co\/wp-content\/uploads\/2025\/10\/consejo-superior-ua_0-scaled.jpeg?w=1280&amp;ssl=1 1280w, https:\/\/i0.wp.com\/sintradeua.org\/co\/wp-content\/uploads\/2025\/10\/consejo-superior-ua_0-scaled.jpeg?w=1920&amp;ssl=1 1920w\" sizes=\"auto, (max-width: 300px) 100vw, 300px\" \/><\/p>\n<p style=\"text-align: justify;\">Ante esa evidencia, <strong>el Consejo Superior Universitario tiene el deber \u00e9tico y legal de revisar a fondo cada antecedente antes de tomar una decisi\u00f3n que marcar\u00e1 el rumbo institucional por los pr\u00f3ximos a\u00f1os.<\/strong><\/p>\n<p style=\"text-align: justify;\">La Universidad del Atl\u00e1ntico no puede convertirse en bot\u00edn de apetitos pol\u00edticos ni en terreno de maniobra para quienes ven en ella una oportunidad de poder y no una responsabilidad social.<\/p>\n<p style=\"text-align: justify;\">Apoyar aspiraciones rodeadas de dudas, cuando existen pruebas documentadas que las cuestionan, <strong>no solo es un error institucional: es un riesgo moral para quienes las respaldan<\/strong>.<\/p>\n<p style=\"text-align: justify;\">El Atl\u00e1ntico necesita l\u00edderes <strong>capaces<\/strong> de poner la verdad por encima de los acuerdos, <strong>hombres y mujeres que entiendan que la historia juzga con m\u00e1s severidad la incoherencia que la derrota.<\/strong><\/p>\n<p style=\"text-align: justify;\">Rectificar, cuando la evidencia y el clamor ciudadano lo exigen, no es debilidad: <strong>es grandeza.<\/strong><\/p>\n<p><img data-recalc-dims=\"1\" loading=\"lazy\" decoding=\"async\" data-attachment-id=\"7227\" data-permalink=\"https:\/\/sintradeua.org\/co\/%f0%9f%93%b0-editorial-la-universidad-del-atlantico-no-se-vende-se-defiende\/15785958862365-2\/\" data-orig-file=\"https:\/\/i0.wp.com\/sintradeua.org\/co\/wp-content\/uploads\/2025\/10\/15785958862365-1.jpg?fit=990%2C557&amp;ssl=1\" data-orig-size=\"990,557\" data-comments-opened=\"1\" data-image-meta=\"{&quot;aperture&quot;:&quot;0&quot;,&quot;credit&quot;:&quot;&quot;,&quot;camera&quot;:&quot;&quot;,&quot;caption&quot;:&quot;&quot;,&quot;created_timestamp&quot;:&quot;0&quot;,&quot;copyright&quot;:&quot;&quot;,&quot;focal_length&quot;:&quot;0&quot;,&quot;iso&quot;:&quot;0&quot;,&quot;shutter_speed&quot;:&quot;0&quot;,&quot;title&quot;:&quot;&quot;,&quot;orientation&quot;:&quot;0&quot;}\" data-image-title=\"15785958862365\" data-image-description=\"\" data-image-caption=\"\" data-large-file=\"https:\/\/i0.wp.com\/sintradeua.org\/co\/wp-content\/uploads\/2025\/10\/15785958862365-1.jpg?fit=640%2C360&amp;ssl=1\" class=\"alignnone size-medium wp-image-7227\" src=\"https:\/\/i0.wp.com\/sintradeua.org\/co\/wp-content\/uploads\/2025\/10\/15785958862365-1.jpg?resize=300%2C169&#038;ssl=1\" alt=\"\" width=\"300\" height=\"169\" srcset=\"https:\/\/i0.wp.com\/sintradeua.org\/co\/wp-content\/uploads\/2025\/10\/15785958862365-1.jpg?resize=300%2C169&amp;ssl=1 300w, https:\/\/i0.wp.com\/sintradeua.org\/co\/wp-content\/uploads\/2025\/10\/15785958862365-1.jpg?resize=800%2C450&amp;ssl=1 800w, https:\/\/i0.wp.com\/sintradeua.org\/co\/wp-content\/uploads\/2025\/10\/15785958862365-1.jpg?w=990&amp;ssl=1 990w\" sizes=\"auto, (max-width: 300px) 100vw, 300px\" \/><\/p>\n<p style=\"text-align: justify;\">Por eso, hoy m\u00e1s que nunca, <strong>la comunidad universitaria, los trabajadores, los egresados y la sociedad civil observan con atenci\u00f3n lo que ocurra este vierne<\/strong>s.<\/p>\n<p style=\"text-align: justify;\">El pa\u00eds espera una decisi\u00f3n que honre la transparencia, el m\u00e9rito y el respeto a la voluntad mayoritaria expresada en las urnas.<\/p>\n<p style=\"text-align: justify;\">La Universidad del Atl\u00e1ntico no se vende, se defiende.<\/p>\n<p style=\"text-align: justify;\">Y su futuro no puede decidirse entre sombras.<\/p>\n","protected":false},"excerpt":{"rendered":"<p>Por: Jaime Ivan Borrero Samper. La Universidad del Atl\u00e1ntico atraviesa uno de los momentos m\u00e1s decisivos de su historia reciente. El pasado 2 de octubre, la comunidad universitaria habl\u00f3 con una claridad que no admite interpretaciones: docentes y estudiantes depositaron su confianza en el profesor Danilo Hern\u00e1ndez, ratificando el respaldo a una gesti\u00f3n que, m\u00e1s&#8230;<\/p>\n","protected":false},"author":2,"featured_media":7224,"comment_status":"open","ping_status":"open","sticky":false,"template":"","format":"standard","meta":{"advanced_seo_description":"","jetpack_seo_html_title":"","jetpack_seo_noindex":false,"jetpack_post_was_ever_published":false,"_jetpack_newsletter_access":"","_jetpack_dont_email_post_to_subs":false,"_jetpack_newsletter_tier_id":0,"_jetpack_memberships_contains_paywalled_content":false,"_jetpack_memberships_contains_paid_content":false,"footnotes":"","jetpack_publicize_message":"","jetpack_publicize_feature_enabled":true,"jetpack_social_post_already_shared":true,"jetpack_social_options":{"image_generator_settings":{"template":"highway","default_image_id":0,"font":"","enabled":false},"version":2}},"categories":[2],"tags":[],"class_list":["post-7223","post","type-post","status-publish","format-standard","has-post-thumbnail","hentry","category-noticias"],"jetpack_publicize_connections":[],"jetpack_featured_media_url":"https:\/\/i0.wp.com\/sintradeua.org\/co\/wp-content\/uploads\/2025\/10\/universidad_del_atlantico_1_0-1.jpeg?fit=1200%2C671&ssl=1","jetpack_sharing_enabled":true,"jetpack_shortlink":"https:\/\/wp.me\/paSj5R-1Sv","_links":{"self":[{"href":"https:\/\/sintradeua.org\/co\/wp-json\/wp\/v2\/posts\/7223","targetHints":{"allow":["GET"]}}],"collection":[{"href":"https:\/\/sintradeua.org\/co\/wp-json\/wp\/v2\/posts"}],"about":[{"href":"https:\/\/sintradeua.org\/co\/wp-json\/wp\/v2\/types\/post"}],"author":[{"embeddable":true,"href":"https:\/\/sintradeua.org\/co\/wp-json\/wp\/v2\/users\/2"}],"replies":[{"embeddable":true,"href":"https:\/\/sintradeua.org\/co\/wp-json\/wp\/v2\/comments?post=7223"}],"version-history":[{"count":1,"href":"https:\/\/sintradeua.org\/co\/wp-json\/wp\/v2\/posts\/7223\/revisions"}],"predecessor-version":[{"id":7228,"href":"https:\/\/sintradeua.org\/co\/wp-json\/wp\/v2\/posts\/7223\/revisions\/7228"}],"wp:featuredmedia":[{"embeddable":true,"href":"https:\/\/sintradeua.org\/co\/wp-json\/wp\/v2\/media\/7224"}],"wp:attachment":[{"href":"https:\/\/sintradeua.org\/co\/wp-json\/wp\/v2\/media?parent=7223"}],"wp:term":[{"taxonomy":"category","embeddable":true,"href":"https:\/\/sintradeua.org\/co\/wp-json\/wp\/v2\/categories?post=7223"},{"taxonomy":"post_tag","embeddable":true,"href":"https:\/\/sintradeua.org\/co\/wp-json\/wp\/v2\/tags?post=7223"}],"curies":[{"name":"wp","href":"https:\/\/api.w.org\/{rel}","templated":true}]}}