{"id":7215,"date":"2025-10-05T13:05:47","date_gmt":"2025-10-05T18:05:47","guid":{"rendered":"https:\/\/sintradeua.org\/co\/?p=7215"},"modified":"2025-10-05T13:05:47","modified_gmt":"2025-10-05T18:05:47","slug":"la-consulta-universitaria-un-ejercicio-legitimo-de-democracia-no-un-pretexto-para-la-desinformacion","status":"publish","type":"post","link":"https:\/\/sintradeua.org\/co\/la-consulta-universitaria-un-ejercicio-legitimo-de-democracia-no-un-pretexto-para-la-desinformacion\/","title":{"rendered":"La consulta universitaria: un ejercicio leg\u00edtimo de democracia, no un pretexto para la desinformaci\u00f3n"},"content":{"rendered":"<p style=\"text-align: justify;\"><img data-recalc-dims=\"1\" loading=\"lazy\" decoding=\"async\" data-attachment-id=\"7216\" data-permalink=\"https:\/\/sintradeua.org\/co\/la-consulta-universitaria-un-ejercicio-legitimo-de-democracia-no-un-pretexto-para-la-desinformacion\/universidad_del_atlantico_1_0\/\" data-orig-file=\"https:\/\/i0.wp.com\/sintradeua.org\/co\/wp-content\/uploads\/2025\/10\/universidad_del_atlantico_1_0.jpeg?fit=1200%2C671&amp;ssl=1\" data-orig-size=\"1200,671\" data-comments-opened=\"1\" data-image-meta=\"{&quot;aperture&quot;:&quot;0&quot;,&quot;credit&quot;:&quot;&quot;,&quot;camera&quot;:&quot;&quot;,&quot;caption&quot;:&quot;&quot;,&quot;created_timestamp&quot;:&quot;0&quot;,&quot;copyright&quot;:&quot;&quot;,&quot;focal_length&quot;:&quot;0&quot;,&quot;iso&quot;:&quot;0&quot;,&quot;shutter_speed&quot;:&quot;0&quot;,&quot;title&quot;:&quot;&quot;,&quot;orientation&quot;:&quot;0&quot;}\" data-image-title=\"universidad_del_atlantico_1_0\" data-image-description=\"\" data-image-caption=\"\" data-large-file=\"https:\/\/i0.wp.com\/sintradeua.org\/co\/wp-content\/uploads\/2025\/10\/universidad_del_atlantico_1_0.jpeg?fit=640%2C358&amp;ssl=1\" class=\"alignnone size-medium wp-image-7216\" src=\"https:\/\/i0.wp.com\/sintradeua.org\/co\/wp-content\/uploads\/2025\/10\/universidad_del_atlantico_1_0.jpeg?resize=300%2C168&#038;ssl=1\" alt=\"\" width=\"300\" height=\"168\" srcset=\"https:\/\/i0.wp.com\/sintradeua.org\/co\/wp-content\/uploads\/2025\/10\/universidad_del_atlantico_1_0.jpeg?resize=300%2C168&amp;ssl=1 300w, https:\/\/i0.wp.com\/sintradeua.org\/co\/wp-content\/uploads\/2025\/10\/universidad_del_atlantico_1_0.jpeg?resize=800%2C447&amp;ssl=1 800w, https:\/\/i0.wp.com\/sintradeua.org\/co\/wp-content\/uploads\/2025\/10\/universidad_del_atlantico_1_0.jpeg?w=1200&amp;ssl=1 1200w\" sizes=\"auto, (max-width: 300px) 100vw, 300px\" \/><\/p>\n<p style=\"text-align: justify;\"><strong>Por: Jaime Ivan Borrero Samper\u00a0<\/strong><\/p>\n<p style=\"text-align: justify;\">La consulta universitaria del pasado 2 de octubre no fue un simple tr\u00e1mite electoral: fue la expresi\u00f3n viva de la democracia universitaria, un espacio en el que docentes y estudiantes tuvieron la oportunidad de manifestar, libremente, su visi\u00f3n sobre el futuro de la Universidad del Atl\u00e1ntico.<\/p>\n<p style=\"text-align: justify;\">Fue un proceso ordenado, transparente y vigilado, amparado en el Acuerdo Superior 000023 de 2025, que garantiz\u00f3 igualdad de condiciones y reglas claras para todos los participantes.<\/p>\n<p style=\"text-align: justify;\">M\u00e1s all\u00e1 de los resultados , que reflejaron un respaldo mayoritario a la continuidad del doctor <strong>Danilo<\/strong> <strong>Hern\u00e1ndez<\/strong>, lo ocurrido ese d\u00eda reafirma que la Universidad del Atl\u00e1ntico cuenta con una comunidad consciente, cr\u00edtica y madura, que entiende que la democracia no se impone con gritos, sino se construye con participaci\u00f3n.<\/p>\n<p style=\"text-align: justify;\"><strong>\u00abUna consulta leg\u00edtima, respaldada por toda la comunidad\u00bb<\/strong><\/p>\n<p style=\"text-align: justify;\">Si bien la norma establece que <strong>solo<\/strong> <strong>docentes<\/strong> <strong>y<\/strong> <strong>estudiantes<\/strong> ejercen el voto en este tipo de consultas, los trabajadores administrativos y los egresados acompa\u00f1amos y respaldamos activamente el proceso, no desde el voto, sino desde la convicci\u00f3n.<\/p>\n<p style=\"text-align: justify;\">Lo hicimos porque creemos en <strong>la<\/strong> <strong>autonom\u00eda<\/strong> universitaria, en la estabilidad institucional y en la necesidad de proteger los logros alcanzados en los \u00faltimos a\u00f1os: el fortalecimiento acad\u00e9mico, la infraestructura, la modernizaci\u00f3n administrativa y la dignificaci\u00f3n del trabajo universitario.<\/p>\n<p style=\"text-align: justify;\">Desconocer la legitimidad de la consulta ser\u00eda, en consecuencia, desconocer la voz de la comunidad universitaria, que habl\u00f3 con claridad. Las urnas no mienten: el voto estudiantil y docente fue una manifestaci\u00f3n libre, no manipulada, y su resultado debe ser respetado como expresi\u00f3n democr\u00e1tica.<\/p>\n<p style=\"text-align: justify;\"><strong>\u00abEl discurso del odio no tiene cabida en la academia\u00bb<\/strong><\/p>\n<p style=\"text-align: justify;\">Preocupa que, tras el proceso, hayan surgido voces , como la del se\u00f1or Gary Mart\u00ednez Gordon, que pretenden deslegitimar la voluntad universitaria con discursos cargados de resentimiento, injurias y amenazas.<\/p>\n<p style=\"text-align: justify;\">Nada justifica la violencia verbal ni la incitaci\u00f3n al caos. Quien siembra odio, atenta contra la paz universitaria; y quien intenta convertir la diferencia de ideas en campo de batalla, traiciona el esp\u00edritu mismo de la academia.<\/p>\n<p style=\"text-align: justify;\">La Universidad del Atl\u00e1ntico ha vivido etapas dif\u00edciles que no pueden repetirse. Hoy, su comunidad anhela construir, no destruir; debatir, no agredir; avanzar, no retroceder.<\/p>\n<p style=\"text-align: justify;\">Y eso solo es posible si entendemos que la cr\u00edtica debe ser racional, respetuosa y constructiva.<\/p>\n<p style=\"text-align: justify;\"><strong>\u00abLa comunidad universitaria habl\u00f3<\/strong>\u00ab<\/p>\n<p style=\"text-align: justify;\">El resultado de la consulta no solo ratific\u00f3 una gesti\u00f3n, sino que valid\u00f3 un proyecto de universidad.<\/p>\n<p style=\"text-align: justify;\">Un proyecto que apuesta por la calidad acad\u00e9mica, la inclusi\u00f3n social, la investigaci\u00f3n, y la defensa de los derechos laborales y estudiantiles.<\/p>\n<p style=\"text-align: justify;\">Esa es la verdadera victoria: la de una comunidad que, por encima de las diferencias, eligi\u00f3 la continuidad de un modelo que prioriza el bienestar colectivo y la estabilidad institucional.<\/p>\n<p style=\"text-align: justify;\">\u00ab<strong>La defensa de la institucionalidad es un deber \u00e9tico<\/strong>\u00ab<\/p>\n<p style=\"text-align: justify;\">Defender la legitimidad de la consulta no significa defender personas; significa defender principios.<\/p>\n<p style=\"text-align: justify;\">Significa garantizar que la Universidad del Atl\u00e1ntico siga siendo una instituci\u00f3n gobernada por la democracia, no por la desinformaci\u00f3n ni la violencia.<\/p>\n<p style=\"text-align: justify;\">El respeto a las reglas del juego es la base de toda convivencia civilizada. Por eso, quienes hoy intentan desacreditar la consulta no est\u00e1n atacando a un candidato, sino a la misma idea de universidad que tanto nos ha costado consolidar.<\/p>\n<p style=\"text-align: justify;\">Hoy, m\u00e1s que nunca, la Universidad necesita voces que unan, no que dividan; l\u00edderes que construyan, no agitadores que destruyan.<\/p>\n<p style=\"text-align: justify;\">Porque defender la Universidad del Atl\u00e1ntico no es gritar m\u00e1s fuerte:<\/p>\n<p style=\"text-align: justify;\">es protegerla con inteligencia, con decencia y con verdad.<\/p>\n<p style=\"text-align: justify;\"><strong>\u00abSobre las declaraciones del exsenador C\u00e9sar Lorduy\u00bb<\/strong><\/p>\n<p style=\"text-align: justify;\">En las \u00faltimas horas, el exsenador C\u00e9sar Lorduy ha hecho declaraciones p\u00fablicas pretendiendo descalificar el resultado de la consulta universitaria y el respaldo mayoritario hacia el rector Danilo Hern\u00e1ndez.<\/p>\n<p style=\"text-align: justify;\">Nada m\u00e1s alejado de la realidad y del sentido de responsabilidad institucional que un discurso de ese tipo.<\/p>\n<p style=\"text-align: justify;\">El se\u00f1or Lorduy, reconocido por su cercan\u00eda con sectores pol\u00edticos tradicionales, intenta ahora desvirtuar un proceso limpio y leg\u00edtimo, tal vez porque no responde a sus intereses personales ni a los de quienes han visto en la universidad un espacio para la manipulaci\u00f3n y el clientelismo.<\/p>\n<p style=\"text-align: justify;\">Pero la Universidad del Atl\u00e1ntico no pertenece a caudillos ni a padrinos pol\u00edticos: pertenece a su comunidad, la misma que habl\u00f3 en las urnas con claridad y dignidad.<\/p>\n<p style=\"text-align: justify;\">Resulta lamentable que alguien que fue congresista utilice su voz para distorsionar los hechos, insinuando irregularidades donde no las hubo, y promoviendo la divisi\u00f3n en una instituci\u00f3n que lo que necesita hoy es serenidad, liderazgo y visi\u00f3n.<\/p>\n<p style=\"text-align: justify;\">Lo m\u00ednimo que se espera de un hombre p\u00fablico es respeto por la verdad y por los procesos democr\u00e1ticos.<\/p>\n<p style=\"text-align: justify;\">La consulta no fue un capricho ni una imposici\u00f3n: fue el cumplimiento riguroso de una norma universitaria, avalada por los organismos competentes.<\/p>\n<p style=\"text-align: justify;\">Y el resultado no se puede interpretar a conveniencia. La comunidad habl\u00f3, y el deber de los verdaderos dem\u00f3cratas es respetar esa decisi\u00f3n, no manipularla seg\u00fan sus apetencias pol\u00edticas.<\/p>\n<p style=\"text-align: justify;\">Los universitarios, los trabajadores, los docentes, los estudiantes y los egresados no necesitamos tutelas de quienes nunca han sentido el pulso de la academia.<\/p>\n<p style=\"text-align: justify;\">Sabemos pensar, sabemos decidir y sabemos defender lo que hemos construido.<\/p>\n<p style=\"text-align: justify;\">La Universidad del Atl\u00e1ntico seguir\u00e1 su rumbo, con la frente en alto, guiada por la legitimidad que le otorgan sus procesos y el respaldo de su comunidad.<\/p>\n<p style=\"text-align: justify;\">Ni la violencia verbal, ni la manipulaci\u00f3n pol\u00edtica, ni el oportunismo de turno podr\u00e1n borrar una verdad contundente:<\/p>\n<p style=\"text-align: justify;\"><strong>El pueblo universitario habl\u00f3, y su voz se respeta.<\/strong><\/p>\n","protected":false},"excerpt":{"rendered":"<p>Por: Jaime Ivan Borrero Samper\u00a0 La consulta universitaria del pasado 2 de octubre no fue un simple tr\u00e1mite electoral: fue la expresi\u00f3n viva de la democracia universitaria, un espacio en el que docentes y estudiantes tuvieron la oportunidad de manifestar, libremente, su visi\u00f3n sobre el futuro de la Universidad del Atl\u00e1ntico. Fue un proceso ordenado,&#8230;<\/p>\n","protected":false},"author":2,"featured_media":7216,"comment_status":"open","ping_status":"open","sticky":false,"template":"","format":"standard","meta":{"advanced_seo_description":"","jetpack_seo_html_title":"","jetpack_seo_noindex":false,"jetpack_post_was_ever_published":false,"_jetpack_newsletter_access":"","_jetpack_dont_email_post_to_subs":false,"_jetpack_newsletter_tier_id":0,"_jetpack_memberships_contains_paywalled_content":false,"_jetpack_memberships_contains_paid_content":false,"footnotes":"","jetpack_publicize_message":"","jetpack_publicize_feature_enabled":true,"jetpack_social_post_already_shared":true,"jetpack_social_options":{"image_generator_settings":{"template":"highway","default_image_id":0,"font":"","enabled":false},"version":2}},"categories":[2],"tags":[],"class_list":["post-7215","post","type-post","status-publish","format-standard","has-post-thumbnail","hentry","category-noticias"],"jetpack_publicize_connections":[],"jetpack_featured_media_url":"https:\/\/i0.wp.com\/sintradeua.org\/co\/wp-content\/uploads\/2025\/10\/universidad_del_atlantico_1_0.jpeg?fit=1200%2C671&ssl=1","jetpack_sharing_enabled":true,"jetpack_shortlink":"https:\/\/wp.me\/paSj5R-1Sn","_links":{"self":[{"href":"https:\/\/sintradeua.org\/co\/wp-json\/wp\/v2\/posts\/7215","targetHints":{"allow":["GET"]}}],"collection":[{"href":"https:\/\/sintradeua.org\/co\/wp-json\/wp\/v2\/posts"}],"about":[{"href":"https:\/\/sintradeua.org\/co\/wp-json\/wp\/v2\/types\/post"}],"author":[{"embeddable":true,"href":"https:\/\/sintradeua.org\/co\/wp-json\/wp\/v2\/users\/2"}],"replies":[{"embeddable":true,"href":"https:\/\/sintradeua.org\/co\/wp-json\/wp\/v2\/comments?post=7215"}],"version-history":[{"count":1,"href":"https:\/\/sintradeua.org\/co\/wp-json\/wp\/v2\/posts\/7215\/revisions"}],"predecessor-version":[{"id":7217,"href":"https:\/\/sintradeua.org\/co\/wp-json\/wp\/v2\/posts\/7215\/revisions\/7217"}],"wp:featuredmedia":[{"embeddable":true,"href":"https:\/\/sintradeua.org\/co\/wp-json\/wp\/v2\/media\/7216"}],"wp:attachment":[{"href":"https:\/\/sintradeua.org\/co\/wp-json\/wp\/v2\/media?parent=7215"}],"wp:term":[{"taxonomy":"category","embeddable":true,"href":"https:\/\/sintradeua.org\/co\/wp-json\/wp\/v2\/categories?post=7215"},{"taxonomy":"post_tag","embeddable":true,"href":"https:\/\/sintradeua.org\/co\/wp-json\/wp\/v2\/tags?post=7215"}],"curies":[{"name":"wp","href":"https:\/\/api.w.org\/{rel}","templated":true}]}}