{"id":7195,"date":"2025-10-03T09:44:39","date_gmt":"2025-10-03T14:44:39","guid":{"rendered":"https:\/\/sintradeua.org\/co\/?p=7195"},"modified":"2025-10-03T09:58:12","modified_gmt":"2025-10-03T14:58:12","slug":"la-voz-de-la-comunidad-universitaria-debe-ser-respetada","status":"publish","type":"post","link":"https:\/\/sintradeua.org\/co\/la-voz-de-la-comunidad-universitaria-debe-ser-respetada\/","title":{"rendered":"La voz de la comunidad universitaria debe ser respetada"},"content":{"rendered":"<p style=\"text-align: justify;\"><strong><span style=\"text-decoration: underline;\"><em><img data-recalc-dims=\"1\" loading=\"lazy\" decoding=\"async\" data-attachment-id=\"7196\" data-permalink=\"https:\/\/sintradeua.org\/co\/la-voz-de-la-comunidad-universitaria-debe-ser-respetada\/img_0173\/\" data-orig-file=\"https:\/\/i0.wp.com\/sintradeua.org\/co\/wp-content\/uploads\/2025\/10\/IMG_0173.jpeg?fit=1280%2C960&amp;ssl=1\" data-orig-size=\"1280,960\" data-comments-opened=\"1\" data-image-meta=\"{&quot;aperture&quot;:&quot;0&quot;,&quot;credit&quot;:&quot;&quot;,&quot;camera&quot;:&quot;&quot;,&quot;caption&quot;:&quot;&quot;,&quot;created_timestamp&quot;:&quot;0&quot;,&quot;copyright&quot;:&quot;&quot;,&quot;focal_length&quot;:&quot;0&quot;,&quot;iso&quot;:&quot;0&quot;,&quot;shutter_speed&quot;:&quot;0&quot;,&quot;title&quot;:&quot;&quot;,&quot;orientation&quot;:&quot;1&quot;}\" data-image-title=\"IMG_0173\" data-image-description=\"\" data-image-caption=\"\" data-large-file=\"https:\/\/i0.wp.com\/sintradeua.org\/co\/wp-content\/uploads\/2025\/10\/IMG_0173.jpeg?fit=640%2C480&amp;ssl=1\" class=\"alignnone size-medium wp-image-7196\" src=\"https:\/\/i0.wp.com\/sintradeua.org\/co\/wp-content\/uploads\/2025\/10\/IMG_0173.jpeg?resize=300%2C225&#038;ssl=1\" alt=\"\" width=\"300\" height=\"225\" srcset=\"https:\/\/i0.wp.com\/sintradeua.org\/co\/wp-content\/uploads\/2025\/10\/IMG_0173.jpeg?resize=300%2C225&amp;ssl=1 300w, https:\/\/i0.wp.com\/sintradeua.org\/co\/wp-content\/uploads\/2025\/10\/IMG_0173.jpeg?resize=800%2C600&amp;ssl=1 800w, https:\/\/i0.wp.com\/sintradeua.org\/co\/wp-content\/uploads\/2025\/10\/IMG_0173.jpeg?resize=320%2C240&amp;ssl=1 320w, https:\/\/i0.wp.com\/sintradeua.org\/co\/wp-content\/uploads\/2025\/10\/IMG_0173.jpeg?w=1280&amp;ssl=1 1280w\" sizes=\"auto, (max-width: 300px) 100vw, 300px\" \/><\/em><\/span><\/strong><\/p>\n<p style=\"text-align: justify;\"><strong>Por: Jaime Ivan Borrero Samper\u00a0<\/strong><\/p>\n<p style=\"text-align: justify;\">La consulta universitaria celebrada el pasado 2 de octubre en la Universidad del Atl\u00e1ntico dej\u00f3 un mensaje claro e inequ\u00edvoco: la comunidad universitaria eligi\u00f3, con un margen contundente frente a los dem\u00e1s aspirantes, al doctor <strong>Danilo<\/strong> <strong>Hern\u00e1ndez<\/strong> como el l\u00edder que debe continuar al frente de nuestra Alma Mater.<\/p>\n<p style=\"text-align: justify;\">Este no es un triunfo personal ni de un sector particular; es la victoria de <strong>estudiantes<\/strong> y <strong>docentes<\/strong>, quienes con su voto masivo depositaron la confianza en quien <strong><em><span style=\"text-decoration: underline;\">ha demostrado con hechos y liderazgo la capacidad de consolidar los avances de la Universidad.<\/span> <\/em><\/strong>A este respaldo se suman tambi\u00e9n los trabajadores y egresados, que aunque no participaban directamente en la votaci\u00f3n, han acompa\u00f1ado decididamente este proceso y lo han hecho suyo como parte esencial de la comunidad universitaria.<\/p>\n<p style=\"text-align: justify;\">El pr\u00f3ximo <strong>10 de octubre<\/strong>, el Consejo Superior Universitario tendr\u00e1 en sus manos una decisi\u00f3n trascendental. Deber\u00e1 escoger entre las cinco primeras votaciones de la consulta al pr\u00f3ximo rector. Pero m\u00e1s all\u00e1 de una formalidad procedimental, este es un momento hist\u00f3rico para honrar la voluntad democr\u00e1tica de la comunidad universitaria.<\/p>\n<p style=\"text-align: justify;\">Resultar\u00eda incoherente que, en contrav\u00eda del sentir mayoritario expresado en las urnas, se ignore el clamor de quienes sostienen d\u00eda a d\u00eda la vida acad\u00e9mica e institucional de la Universidad del Atl\u00e1ntico. <strong>El mandato categ\u00f3rico de la comunidad universitaria<\/strong> es respetar el triunfo de Danilo Hern\u00e1ndez y ratificarlo en el Consejo Superior.<\/p>\n<p style=\"text-align: justify;\">A los consejeros representantes del Gobierno Nacional les corresponde actuar con coherencia frente al discurso del presidente <strong>Gustavo<\/strong> <strong>Petro<\/strong>, quien ha insistido en la importancia de respetar la decisi\u00f3n democr\u00e1tica. Ese respeto debe traducirse en un voto en favor del candidato que gan\u00f3 de manera clara y leg\u00edtima: Danilo Hern\u00e1ndez.<\/p>\n<p style=\"text-align: justify;\">De igual manera, los representantes estudiantiles, llamados a encarnar la voz de las mayor\u00edas, deben ser fieles al mandato que sus compa\u00f1eros expresaron en las urnas, consolidando as\u00ed la confianza depositada en ellos.<\/p>\n<p style=\"text-align: justify;\">La comunidad universitaria no pide un favor; exige respeto. Respeto a la democracia, a la participaci\u00f3n y a los resultados. Ignorar ese mandato ser\u00eda traicionar la esencia misma de la Universidad como espacio plural, democr\u00e1tico y aut\u00f3nomo.<\/p>\n<p style=\"text-align: justify;\">Hoy, con la contundencia de las cifras y la fuerza del respaldo mayoritario, <strong>la Universidad del Atl\u00e1ntico ha hablado<\/strong>. Ahora, la coherencia y la responsabilidad recaen sobre el Consejo Superior.<\/p>\n<p style=\"text-align: justify;\">El mensaje es claro: la comunidad eligi\u00f3, y su decisi\u00f3n debe ser respetada.<\/p>\n","protected":false},"excerpt":{"rendered":"<p>Por: Jaime Ivan Borrero Samper\u00a0 La consulta universitaria celebrada el pasado 2 de octubre en la Universidad del Atl\u00e1ntico dej\u00f3 un mensaje claro e inequ\u00edvoco: la comunidad universitaria eligi\u00f3, con un margen contundente frente a los dem\u00e1s aspirantes, al doctor Danilo Hern\u00e1ndez como el l\u00edder que debe continuar al frente de nuestra Alma Mater. Este&#8230;<\/p>\n","protected":false},"author":2,"featured_media":7196,"comment_status":"open","ping_status":"open","sticky":false,"template":"","format":"standard","meta":{"advanced_seo_description":"","jetpack_seo_html_title":"","jetpack_seo_noindex":false,"jetpack_post_was_ever_published":false,"_jetpack_newsletter_access":"","_jetpack_dont_email_post_to_subs":false,"_jetpack_newsletter_tier_id":0,"_jetpack_memberships_contains_paywalled_content":false,"_jetpack_memberships_contains_paid_content":false,"footnotes":"","jetpack_publicize_message":"","jetpack_publicize_feature_enabled":true,"jetpack_social_post_already_shared":true,"jetpack_social_options":{"image_generator_settings":{"template":"highway","default_image_id":0,"font":"","enabled":false},"version":2}},"categories":[2],"tags":[],"class_list":["post-7195","post","type-post","status-publish","format-standard","has-post-thumbnail","hentry","category-noticias"],"jetpack_publicize_connections":[],"jetpack_featured_media_url":"https:\/\/i0.wp.com\/sintradeua.org\/co\/wp-content\/uploads\/2025\/10\/IMG_0173.jpeg?fit=1280%2C960&ssl=1","jetpack_sharing_enabled":true,"jetpack_shortlink":"https:\/\/wp.me\/paSj5R-1S3","_links":{"self":[{"href":"https:\/\/sintradeua.org\/co\/wp-json\/wp\/v2\/posts\/7195","targetHints":{"allow":["GET"]}}],"collection":[{"href":"https:\/\/sintradeua.org\/co\/wp-json\/wp\/v2\/posts"}],"about":[{"href":"https:\/\/sintradeua.org\/co\/wp-json\/wp\/v2\/types\/post"}],"author":[{"embeddable":true,"href":"https:\/\/sintradeua.org\/co\/wp-json\/wp\/v2\/users\/2"}],"replies":[{"embeddable":true,"href":"https:\/\/sintradeua.org\/co\/wp-json\/wp\/v2\/comments?post=7195"}],"version-history":[{"count":3,"href":"https:\/\/sintradeua.org\/co\/wp-json\/wp\/v2\/posts\/7195\/revisions"}],"predecessor-version":[{"id":7199,"href":"https:\/\/sintradeua.org\/co\/wp-json\/wp\/v2\/posts\/7195\/revisions\/7199"}],"wp:featuredmedia":[{"embeddable":true,"href":"https:\/\/sintradeua.org\/co\/wp-json\/wp\/v2\/media\/7196"}],"wp:attachment":[{"href":"https:\/\/sintradeua.org\/co\/wp-json\/wp\/v2\/media?parent=7195"}],"wp:term":[{"taxonomy":"category","embeddable":true,"href":"https:\/\/sintradeua.org\/co\/wp-json\/wp\/v2\/categories?post=7195"},{"taxonomy":"post_tag","embeddable":true,"href":"https:\/\/sintradeua.org\/co\/wp-json\/wp\/v2\/tags?post=7195"}],"curies":[{"name":"wp","href":"https:\/\/api.w.org\/{rel}","templated":true}]}}