{"id":7183,"date":"2025-09-30T10:59:10","date_gmt":"2025-09-30T15:59:10","guid":{"rendered":"https:\/\/sintradeua.org\/co\/?p=7183"},"modified":"2025-09-30T11:19:17","modified_gmt":"2025-09-30T16:19:17","slug":"rectoria-bajo-la-lupa-entrega-ii-wilson-quinbayo-la-ficha-de-benedetti-disfrazada-de-izquierda","status":"publish","type":"post","link":"https:\/\/sintradeua.org\/co\/rectoria-bajo-la-lupa-entrega-ii-wilson-quinbayo-la-ficha-de-benedetti-disfrazada-de-izquierda\/","title":{"rendered":"Rector\u00eda bajo la lupa: Entrega II: Wilson Quimbayo, la ficha de Benedetti disfrazada de izquierda"},"content":{"rendered":"<p style=\"text-align: justify;\"><img data-recalc-dims=\"1\" loading=\"lazy\" decoding=\"async\" data-attachment-id=\"7186\" data-permalink=\"https:\/\/sintradeua.org\/co\/rectoria-bajo-la-lupa-entrega-ii-wilson-quinbayo-la-ficha-de-benedetti-disfrazada-de-izquierda\/11-2\/\" data-orig-file=\"https:\/\/i0.wp.com\/sintradeua.org\/co\/wp-content\/uploads\/2025\/09\/11.jpeg?fit=611%2C680&amp;ssl=1\" data-orig-size=\"611,680\" data-comments-opened=\"1\" data-image-meta=\"{&quot;aperture&quot;:&quot;0&quot;,&quot;credit&quot;:&quot;&quot;,&quot;camera&quot;:&quot;&quot;,&quot;caption&quot;:&quot;&quot;,&quot;created_timestamp&quot;:&quot;0&quot;,&quot;copyright&quot;:&quot;&quot;,&quot;focal_length&quot;:&quot;0&quot;,&quot;iso&quot;:&quot;0&quot;,&quot;shutter_speed&quot;:&quot;0&quot;,&quot;title&quot;:&quot;&quot;,&quot;orientation&quot;:&quot;0&quot;}\" data-image-title=\"11\" data-image-description=\"\" data-image-caption=\"\" data-large-file=\"https:\/\/i0.wp.com\/sintradeua.org\/co\/wp-content\/uploads\/2025\/09\/11.jpeg?fit=611%2C680&amp;ssl=1\" class=\"alignnone size-medium wp-image-7186\" src=\"https:\/\/i0.wp.com\/sintradeua.org\/co\/wp-content\/uploads\/2025\/09\/11.jpeg?resize=270%2C300&#038;ssl=1\" alt=\"\" width=\"270\" height=\"300\" srcset=\"https:\/\/i0.wp.com\/sintradeua.org\/co\/wp-content\/uploads\/2025\/09\/11.jpeg?resize=270%2C300&amp;ssl=1 270w, https:\/\/i0.wp.com\/sintradeua.org\/co\/wp-content\/uploads\/2025\/09\/11.jpeg?w=611&amp;ssl=1 611w\" sizes=\"auto, (max-width: 270px) 100vw, 270px\" \/><\/p>\n<p style=\"text-align: justify;\"><strong>Por: Jaime Ivan Borrero Samper.<\/strong><\/p>\n<p style=\"text-align: justify;\">En v\u00edsperas de la consulta universitaria, resulta indispensable analizar a fondo a quienes aspiran a dirigir la Universidad del Atl\u00e1ntico. M\u00e1s all\u00e1 de los discursos y los apoyos de ocasi\u00f3n, lo que est\u00e1 en juego es el futuro de nuestra Alma Mater. Esta serie busca desnudar los intereses y contradicciones que rodean a cada candidato.<\/p>\n<p style=\"text-align: justify;\">En los pasillos de la Universidad del Atl\u00e1ntico se repite un relato que suena atractivo: la candidatura de Wilson Quimbayo como un proyecto progresista, respaldado por sectores de izquierda, casi como una extensi\u00f3n del Pacto Hist\u00f3rico dentro de la academia. Pero basta rascar un poco para descubrir la verdad: <strong>Quimbayo no es el candidato del Pacto Hist\u00f3rico ni de la izquierda universitaria. Es, simple y llanamente, la apuesta pol\u00edtica de Armando Benedetti.<\/strong><\/p>\n<p style=\"text-align: justify;\">Y aqu\u00ed comienza la gran incoherencia. Porque Benedetti podr\u00e1 ser muchas cosas \u2014astuto, experimentado, h\u00e1bil en las movidas del poder\u2014, pero lo que no es ni ha sido nunca es un representante de la izquierda. Su carrera lo muestra: <em><span style=\"text-decoration: underline;\">liberal de cepa, uribista cuando le convino, santista cuando lo necesit\u00f3 y ahora aliado del petrismo, m\u00e1s por c\u00e1lculo pol\u00edtico que por convicci\u00f3n ideol\u00f3gica<\/span><\/em>. <strong>Benedetti representa la clase pol\u00edtica tradicional, esa misma contra la que la izquierda dice luchar.<\/strong><\/p>\n<p style=\"text-align: justify;\"><strong>\u00ab\u00bfD\u00f3nde queda el discurso progresista?\u00bb<\/strong><\/p>\n<p style=\"text-align: justify;\">La pregunta que debemos hacernos es simple: \u00bfqu\u00e9 queda del discurso \u00e9tico y moral de quienes se presentan como guardianes del cambio, si hoy se pliegan a una candidatura apadrinada por la vieja pol\u00edtica?<\/p>\n<p style=\"text-align: justify;\">Es un contrasentido que sectores que atacan con fuerza los clanes tradicionales del Atl\u00e1ntico, callen o justifiquen cuando el padrino se llama Benedetti. \u00bf<strong><span style=\"text-decoration: underline;\"><em>Acaso un candidato respaldado por Benedetti es distinto a uno respaldado por los Char? \u00bfCu\u00e1l es la diferencia entre el clientelismo de unos y las movidas burocr\u00e1ticas de otros?<\/em><\/span><\/strong> Ninguna.<\/p>\n<p style=\"text-align: justify;\"><strong>\u00abEl olvido a Dalin Miranda\u00bb<\/strong><\/p>\n<p style=\"text-align: justify;\">Todav\u00eda m\u00e1s doloroso resulta ver c\u00f3mo se dej\u00f3 de lado a figuras aut\u00e9nticamente ligadas a la izquierda universitaria, como el decano de Ciencias Humanas, Dalin Miranda, un acad\u00e9mico con trayectoria, compromiso y ra\u00edces en los movimientos progresistas. Ese nombre, que representa el pensamiento cr\u00edtico y la lucha social, fue ignorado por los mismos que ahora aplauden a Quinbayo.<\/p>\n<p style=\"text-align: justify;\">La conclusi\u00f3n es clara: <strong>prefirieron un candidato con padrino pol\u00edtico antes que respaldar a un acad\u00e9mico genuino<\/strong>.<\/p>\n<p style=\"text-align: justify;\"><strong>\u00abLa incoherencia como estrategia\u00bb<\/strong><\/p>\n<p style=\"text-align: justify;\">Hoy nos quieren vender a Quimbayo como progresista, pero lo cierto es que detr\u00e1s no hay m\u00e1s que el c\u00e1lculo de un sector pol\u00edtico que usa la m\u00e1scara de la izquierda para posicionar a un hombre de su confianza. Si aceptamos esto sin cuestionar, entonces habremos renunciado a toda coherencia.<\/p>\n<p style=\"text-align: justify;\"><strong>\u00abReflexi\u00f3n final\u00bb<\/strong><\/p>\n<p style=\"text-align: justify;\">La Universidad del Atl\u00e1ntico no puede ser el bot\u00edn de quienes dicen una cosa y hacen otra. Wilson Quimbayo es la ficha de Benedetti, no la de la izquierda. Si este proyecto prospera bajo el disfraz del progresismo, \u00bfqu\u00e9 nos diferenciar\u00e1 de aquellos clanes y maquinarias que tanto criticamos?<\/p>\n<p style=\"text-align: justify;\">El futuro de la Universidad no puede construirse sobre la incoherencia ni sobre los c\u00e1lculos de la clase pol\u00edtica tradicional.<\/p>\n<p style=\"text-align: justify;\"><strong>Este es el segundo an\u00e1lisis de nuestra serie Rector\u00eda bajo la lupa. Ma\u00f1ana abordaremos la candidatura de \u00c1lvaro Gonz\u00e1lez, para seguir entregando a la comunidad universitaria una visi\u00f3n clara y sin maquillajes de quienes buscan dirigir el destino de la Universidad del Atl\u00e1ntico.<\/strong><\/p>\n","protected":false},"excerpt":{"rendered":"<p>Por: Jaime Ivan Borrero Samper. En v\u00edsperas de la consulta universitaria, resulta indispensable analizar a fondo a quienes aspiran a dirigir la Universidad del Atl\u00e1ntico. M\u00e1s all\u00e1 de los discursos y los apoyos de ocasi\u00f3n, lo que est\u00e1 en juego es el futuro de nuestra Alma Mater. Esta serie busca desnudar los intereses y contradicciones&#8230;<\/p>\n","protected":false},"author":2,"featured_media":0,"comment_status":"open","ping_status":"open","sticky":false,"template":"","format":"standard","meta":{"advanced_seo_description":"","jetpack_seo_html_title":"","jetpack_seo_noindex":false,"jetpack_post_was_ever_published":false,"_jetpack_newsletter_access":"","_jetpack_dont_email_post_to_subs":false,"_jetpack_newsletter_tier_id":0,"_jetpack_memberships_contains_paywalled_content":false,"_jetpack_memberships_contains_paid_content":false,"footnotes":"","jetpack_publicize_message":"","jetpack_publicize_feature_enabled":true,"jetpack_social_post_already_shared":true,"jetpack_social_options":{"image_generator_settings":{"template":"highway","default_image_id":0,"font":"","enabled":false},"version":2}},"categories":[2],"tags":[],"class_list":["post-7183","post","type-post","status-publish","format-standard","hentry","category-noticias"],"jetpack_publicize_connections":[],"jetpack_featured_media_url":"","jetpack_sharing_enabled":true,"jetpack_shortlink":"https:\/\/wp.me\/paSj5R-1RR","_links":{"self":[{"href":"https:\/\/sintradeua.org\/co\/wp-json\/wp\/v2\/posts\/7183","targetHints":{"allow":["GET"]}}],"collection":[{"href":"https:\/\/sintradeua.org\/co\/wp-json\/wp\/v2\/posts"}],"about":[{"href":"https:\/\/sintradeua.org\/co\/wp-json\/wp\/v2\/types\/post"}],"author":[{"embeddable":true,"href":"https:\/\/sintradeua.org\/co\/wp-json\/wp\/v2\/users\/2"}],"replies":[{"embeddable":true,"href":"https:\/\/sintradeua.org\/co\/wp-json\/wp\/v2\/comments?post=7183"}],"version-history":[{"count":8,"href":"https:\/\/sintradeua.org\/co\/wp-json\/wp\/v2\/posts\/7183\/revisions"}],"predecessor-version":[{"id":7192,"href":"https:\/\/sintradeua.org\/co\/wp-json\/wp\/v2\/posts\/7183\/revisions\/7192"}],"wp:attachment":[{"href":"https:\/\/sintradeua.org\/co\/wp-json\/wp\/v2\/media?parent=7183"}],"wp:term":[{"taxonomy":"category","embeddable":true,"href":"https:\/\/sintradeua.org\/co\/wp-json\/wp\/v2\/categories?post=7183"},{"taxonomy":"post_tag","embeddable":true,"href":"https:\/\/sintradeua.org\/co\/wp-json\/wp\/v2\/tags?post=7183"}],"curies":[{"name":"wp","href":"https:\/\/api.w.org\/{rel}","templated":true}]}}