{"id":7181,"date":"2025-09-29T06:49:02","date_gmt":"2025-09-29T11:49:02","guid":{"rendered":"https:\/\/sintradeua.org\/co\/?p=7181"},"modified":"2025-09-29T06:49:02","modified_gmt":"2025-09-29T11:49:02","slug":"la-credibilidad-en-juego-el-comite-de-credenciales-y-la-inscripcion-cuestionada-de-leyton-barrios","status":"publish","type":"post","link":"https:\/\/sintradeua.org\/co\/la-credibilidad-en-juego-el-comite-de-credenciales-y-la-inscripcion-cuestionada-de-leyton-barrios\/","title":{"rendered":"La credibilidad en juego: el Comit\u00e9 de Credenciales y la inscripci\u00f3n cuestionada de Leyton Barrios"},"content":{"rendered":"<p style=\"text-align: justify;\"><img data-recalc-dims=\"1\" loading=\"lazy\" decoding=\"async\" data-attachment-id=\"6566\" data-permalink=\"https:\/\/sintradeua.org\/co\/la-modificacion-del-estatuto-general-de-la-uniatlantico-entre-recusaciones-y-verdades-a-medias\/estudiantes-universidad-del-atlantico\/\" data-orig-file=\"https:\/\/i0.wp.com\/sintradeua.org\/co\/wp-content\/uploads\/2025\/02\/Estudiantes-Universidad-del-Atlantico.jpg?fit=960%2C640&amp;ssl=1\" data-orig-size=\"960,640\" data-comments-opened=\"1\" data-image-meta=\"{&quot;aperture&quot;:&quot;0&quot;,&quot;credit&quot;:&quot;&quot;,&quot;camera&quot;:&quot;&quot;,&quot;caption&quot;:&quot;&quot;,&quot;created_timestamp&quot;:&quot;0&quot;,&quot;copyright&quot;:&quot;&quot;,&quot;focal_length&quot;:&quot;0&quot;,&quot;iso&quot;:&quot;0&quot;,&quot;shutter_speed&quot;:&quot;0&quot;,&quot;title&quot;:&quot;&quot;,&quot;orientation&quot;:&quot;1&quot;}\" data-image-title=\"Estudiantes-Universidad-del-Atlantico\" data-image-description=\"\" data-image-caption=\"\" data-large-file=\"https:\/\/i0.wp.com\/sintradeua.org\/co\/wp-content\/uploads\/2025\/02\/Estudiantes-Universidad-del-Atlantico.jpg?fit=640%2C426&amp;ssl=1\" class=\"alignnone size-medium wp-image-6566\" src=\"https:\/\/i0.wp.com\/sintradeua.org\/co\/wp-content\/uploads\/2025\/02\/Estudiantes-Universidad-del-Atlantico.jpg?resize=300%2C200&#038;ssl=1\" alt=\"\" width=\"300\" height=\"200\" srcset=\"https:\/\/i0.wp.com\/sintradeua.org\/co\/wp-content\/uploads\/2025\/02\/Estudiantes-Universidad-del-Atlantico.jpg?resize=300%2C200&amp;ssl=1 300w, https:\/\/i0.wp.com\/sintradeua.org\/co\/wp-content\/uploads\/2025\/02\/Estudiantes-Universidad-del-Atlantico.jpg?resize=800%2C533&amp;ssl=1 800w, https:\/\/i0.wp.com\/sintradeua.org\/co\/wp-content\/uploads\/2025\/02\/Estudiantes-Universidad-del-Atlantico.jpg?resize=820%2C545&amp;ssl=1 820w, https:\/\/i0.wp.com\/sintradeua.org\/co\/wp-content\/uploads\/2025\/02\/Estudiantes-Universidad-del-Atlantico.jpg?resize=600%2C400&amp;ssl=1 600w, https:\/\/i0.wp.com\/sintradeua.org\/co\/wp-content\/uploads\/2025\/02\/Estudiantes-Universidad-del-Atlantico.jpg?w=960&amp;ssl=1 960w\" sizes=\"auto, (max-width: 300px) 100vw, 300px\" \/><\/p>\n<p style=\"text-align: justify;\"><strong>Por: Jaime Ivan Borrero Samper\u00a0<\/strong><\/p>\n<p style=\"text-align: justify;\">La Universidad del Atl\u00e1ntico atraviesa una coyuntura cr\u00edtica. A pocos d\u00edas de la consulta universitaria para elegir rector, se cierne una sombra de duda sobre la transparencia del proceso. El foco est\u00e1 en la inscripci\u00f3n del candidato <strong>Leyton Daniel Barrios Torres,<\/strong> avalada por el Comit\u00e9 de Credenciales pese a m\u00faltiples inconsistencias legales y f\u00e1cticas.<\/p>\n<p style=\"text-align: justify;\"><strong>\u00abEl requisito ineludible de la experiencia\u00bb<\/strong><\/p>\n<p style=\"text-align: justify;\">El Acuerdo Superior 023 de 2025 exige de manera inequ\u00edvoca: experiencia m\u00ednima de cuatro a\u00f1os <strong>en docencia universitaria, o en cargos administrativos de nivel directivo en educaci\u00f3n superior, o en actividades investigativas<\/strong>. Esa experiencia debe acreditarse con certificaciones claras, que especifiquen <strong>tipo de vinculaci\u00f3n, n\u00famero de horas y funciones.<\/strong><\/p>\n<p style=\"text-align: justify;\">Aqu\u00ed surge la primera irregularidad. Las certificaciones aportadas por Barrios no cumplen con la precisi\u00f3n exigida: aparecen per\u00edodos como OPS o ad honorem, sin registro de horas c\u00e1tedra ni evidencias claras de dedicaci\u00f3n. En derecho, esas certificaciones no son suficientes para acreditar la experiencia m\u00ednima.<\/p>\n<p style=\"text-align: justify;\"><strong>\u00abHora c\u00e1tedra: jurisprudencia ignorada\u00bb<\/strong><\/p>\n<p style=\"text-align: justify;\">La <strong>Corte Constitucional (Sentencia C-517 de 1999)<\/strong> ha establecido que el tiempo de experiencia docente por hora c\u00e1tedra debe calcularse de manera proporcional, con base en horas efectivas dictadas, no simplemente por fechas. El art\u00edculo 2.2.5.5.20 del Decreto 1083 de 2015 confirma que un funcionario p\u00fablico solo puede dictar m\u00e1ximo cinco horas semanales de c\u00e1tedra.<\/p>\n<p style=\"text-align: justify;\">En consecuencia, resulta imposible que Barrios acumule cuatro a\u00f1os de experiencia docente v\u00e1lida, tal como lo exige la norma. El Comit\u00e9, en vez de aplicar este criterio restrictivo, opt\u00f3 por una interpretaci\u00f3n laxa que abre la puerta a la manipulaci\u00f3n.<\/p>\n<p style=\"text-align: justify;\"><strong>\u00abLa falsa equivalencia de experiencia administrativa\u00bb<\/strong><\/p>\n<p style=\"text-align: justify;\">Otro argumento usado por el Comit\u00e9 es que Barrios acredita experiencia como \u201cdirectivo\u201d por haber sido miembro del Consejo Superior Universitario. Sin embargo, la <strong>Ley 489 de 1998 (art. 74)<\/strong> y la jurisprudencia del Consejo de Estado son claras: los particulares que integran consejos directivos ejercen funciones p\u00fablicas, pero <strong>no adquieren la calidad de empleados p\u00fablicos ni de directivos administrativos<\/strong>. Ser consejero no equivale a ser directivo.<\/p>\n<p style=\"text-align: justify;\">A esto se suma un aspecto de fondo que ha sido se\u00f1alado por expertos: <strong>la m\u00e1xima autoridad administrativa de la universidad es el rector, <\/strong>no el Consejo Superior. Este \u00faltimo tiene un rol pol\u00edtico y de orientaci\u00f3n general \u2014traza pol\u00edticas, aprueba presupuestos y designa rector\u2014, pero no ejerce funciones administrativas diarias ni de gesti\u00f3n.<\/p>\n<p style=\"text-align: justify;\">En consecuencia, ning\u00fan consejero puede alegar que su rol equivale a experiencia administrativa directiva. Tal como se ha recordado, <strong>los acuerdos superiores no los firman los consejeros individualmente, sino el presidente del Consejo, que en el caso de la Universidad del Atl\u00e1ntico es el Gobernador del departamento.<\/strong><\/p>\n<p style=\"text-align: justify;\">Barrios nunca firm\u00f3 actos administrativos ni ejerci\u00f3 funciones de direcci\u00f3n universitaria. Su rol fue estrictamente pol\u00edtico y colegiado, lo que desmonta el argumento de experiencia directiva.<\/p>\n<p style=\"text-align: justify;\"><strong>\u00abLa respuesta del Comit\u00e9: un manto de duda\u00bb<\/strong><\/p>\n<p style=\"text-align: justify;\">En su respuesta oficial , el Comit\u00e9 de Credenciales sostiene que Barrios present\u00f3 certificaciones tanto de docencia como de cargos administrativos y que, en conjunto, cumplen con los requisitos. Sin embargo, evita pronunciarse sobre:<\/p>\n<p style=\"text-align: justify;\">-La falta de registro de horas c\u00e1tedra.<\/p>\n<p style=\"text-align: justify;\">-La ausencia de experiencia directiva real.<\/p>\n<p style=\"text-align: justify;\">-La omisi\u00f3n en la hoja de vida del SIGEP, donde nunca report\u00f3 la supuesta docencia.<\/p>\n<p style=\"text-align: justify;\">El silencio frente a estas inconsistencias alimenta la sospecha de que el Comit\u00e9 ha actuado con <strong>prevaricato<\/strong> <strong>por<\/strong> <strong>acci\u00f3n<\/strong>, avalando una inscripci\u00f3n que contraviene la norma.<\/p>\n<p style=\"text-align: justify;\"><strong>\u00abUna denuncia penal ya en curso\u00bb<\/strong><\/p>\n<p style=\"text-align: justify;\">Ante estos hechos, una ciudadana interpuso denuncia penal contra Leyton Barrios por los delitos de <strong>fraude procesal y falsedad<\/strong> <strong>documental<\/strong>, al considerar que indujo en error al Comit\u00e9 para ser habilitado como candidato. La Fiscal\u00eda tendr\u00e1 la palabra, pero lo cierto es que la Universidad no puede permitirse que su proceso electoral se vea contaminado por decisiones que ponen en jaque su legitimidad.<\/p>\n<p style=\"text-align: justify;\">\u00ab<strong>El llamado a la coherencia\u00bb<\/strong><\/p>\n<p style=\"text-align: justify;\">En este contexto, la comunidad universitaria espera coherencia tambi\u00e9n de los liderazgos pol\u00edticos. El apoyo de figuras como <strong>Arturo<\/strong> <strong>Char<\/strong>, quien p\u00fablicamente ha respaldado a Danilo Hern\u00e1ndez, debe expresarse no solo en palabras sino en la defensa de la transparencia. La familia Char, con toda su influencia en el Atl\u00e1ntico, tiene la oportunidad hist\u00f3rica de demostrar que la Universidad no es un bot\u00edn pol\u00edtico sino un patrimonio acad\u00e9mico que merece respeto.<\/p>\n<p style=\"text-align: justify;\"><strong>Conclusi\u00f3n<\/strong><\/p>\n<p style=\"text-align: justify;\">El caso de Leyton Barrios es m\u00e1s que una controversia jur\u00eddica: es una prueba de fuego para la institucionalidad de la Universidad del Atl\u00e1ntico. La pregunta sigue en el aire: <span style=\"text-decoration: underline;\"><em><strong>\u00bfestamos frente a un proceso limpio, o ante la habilitaci\u00f3n irregular de un candidato?<\/strong><\/em><\/span> El Comit\u00e9 de Credenciales ha dejado m\u00e1s dudas que certezas. Y en democracia, la duda es el peor enemigo de la confianza.<\/p>\n","protected":false},"excerpt":{"rendered":"<p>Por: Jaime Ivan Borrero Samper\u00a0 La Universidad del Atl\u00e1ntico atraviesa una coyuntura cr\u00edtica. A pocos d\u00edas de la consulta universitaria para elegir rector, se cierne una sombra de duda sobre la transparencia del proceso. El foco est\u00e1 en la inscripci\u00f3n del candidato Leyton Daniel Barrios Torres, avalada por el Comit\u00e9 de Credenciales pese a m\u00faltiples&#8230;<\/p>\n","protected":false},"author":2,"featured_media":7126,"comment_status":"open","ping_status":"open","sticky":false,"template":"","format":"standard","meta":{"advanced_seo_description":"","jetpack_seo_html_title":"","jetpack_seo_noindex":false,"jetpack_post_was_ever_published":false,"_jetpack_newsletter_access":"","_jetpack_dont_email_post_to_subs":false,"_jetpack_newsletter_tier_id":0,"_jetpack_memberships_contains_paywalled_content":false,"_jetpack_memberships_contains_paid_content":false,"footnotes":"","jetpack_publicize_message":"","jetpack_publicize_feature_enabled":true,"jetpack_social_post_already_shared":true,"jetpack_social_options":{"image_generator_settings":{"template":"highway","default_image_id":0,"font":"","enabled":false},"version":2}},"categories":[2],"tags":[],"class_list":["post-7181","post","type-post","status-publish","format-standard","has-post-thumbnail","hentry","category-noticias"],"jetpack_publicize_connections":[],"jetpack_featured_media_url":"https:\/\/i0.wp.com\/sintradeua.org\/co\/wp-content\/uploads\/2025\/09\/60cf41c178a66.jpeg?fit=1200%2C535&ssl=1","jetpack_sharing_enabled":true,"jetpack_shortlink":"https:\/\/wp.me\/paSj5R-1RP","_links":{"self":[{"href":"https:\/\/sintradeua.org\/co\/wp-json\/wp\/v2\/posts\/7181","targetHints":{"allow":["GET"]}}],"collection":[{"href":"https:\/\/sintradeua.org\/co\/wp-json\/wp\/v2\/posts"}],"about":[{"href":"https:\/\/sintradeua.org\/co\/wp-json\/wp\/v2\/types\/post"}],"author":[{"embeddable":true,"href":"https:\/\/sintradeua.org\/co\/wp-json\/wp\/v2\/users\/2"}],"replies":[{"embeddable":true,"href":"https:\/\/sintradeua.org\/co\/wp-json\/wp\/v2\/comments?post=7181"}],"version-history":[{"count":1,"href":"https:\/\/sintradeua.org\/co\/wp-json\/wp\/v2\/posts\/7181\/revisions"}],"predecessor-version":[{"id":7182,"href":"https:\/\/sintradeua.org\/co\/wp-json\/wp\/v2\/posts\/7181\/revisions\/7182"}],"wp:featuredmedia":[{"embeddable":true,"href":"https:\/\/sintradeua.org\/co\/wp-json\/wp\/v2\/media\/7126"}],"wp:attachment":[{"href":"https:\/\/sintradeua.org\/co\/wp-json\/wp\/v2\/media?parent=7181"}],"wp:term":[{"taxonomy":"category","embeddable":true,"href":"https:\/\/sintradeua.org\/co\/wp-json\/wp\/v2\/categories?post=7181"},{"taxonomy":"post_tag","embeddable":true,"href":"https:\/\/sintradeua.org\/co\/wp-json\/wp\/v2\/tags?post=7181"}],"curies":[{"name":"wp","href":"https:\/\/api.w.org\/{rel}","templated":true}]}}