{"id":7020,"date":"2025-08-18T14:50:06","date_gmt":"2025-08-18T19:50:06","guid":{"rendered":"https:\/\/sintradeua.org\/co\/?p=7020"},"modified":"2025-08-18T14:50:06","modified_gmt":"2025-08-18T19:50:06","slug":"%f0%9f%93%98-rectoria-en-juego-entrega-ii-de-la-politica-al-campus-el-salto-vacio-de-leyton-barrios","status":"publish","type":"post","link":"https:\/\/sintradeua.org\/co\/%f0%9f%93%98-rectoria-en-juego-entrega-ii-de-la-politica-al-campus-el-salto-vacio-de-leyton-barrios\/","title":{"rendered":"\ud83d\udcd8 Rector\u00eda en juego \u2013 Entrega II De la pol\u00edtica al campus: el salto vac\u00edo de Leyton Barrios"},"content":{"rendered":"<p style=\"text-align: justify;\"><img data-recalc-dims=\"1\" loading=\"lazy\" decoding=\"async\" data-attachment-id=\"7021\" data-permalink=\"https:\/\/sintradeua.org\/co\/%f0%9f%93%98-rectoria-en-juego-entrega-ii-de-la-politica-al-campus-el-salto-vacio-de-leyton-barrios\/img-20240930-wa0144\/\" data-orig-file=\"https:\/\/i0.wp.com\/sintradeua.org\/co\/wp-content\/uploads\/2025\/08\/IMG-20240930-WA0144.jpg?fit=1280%2C853&amp;ssl=1\" data-orig-size=\"1280,853\" data-comments-opened=\"1\" data-image-meta=\"{&quot;aperture&quot;:&quot;0&quot;,&quot;credit&quot;:&quot;&quot;,&quot;camera&quot;:&quot;&quot;,&quot;caption&quot;:&quot;&quot;,&quot;created_timestamp&quot;:&quot;0&quot;,&quot;copyright&quot;:&quot;&quot;,&quot;focal_length&quot;:&quot;0&quot;,&quot;iso&quot;:&quot;0&quot;,&quot;shutter_speed&quot;:&quot;0&quot;,&quot;title&quot;:&quot;&quot;,&quot;orientation&quot;:&quot;0&quot;}\" data-image-title=\"IMG-20240930-WA0144\" data-image-description=\"\" data-image-caption=\"\" data-large-file=\"https:\/\/i0.wp.com\/sintradeua.org\/co\/wp-content\/uploads\/2025\/08\/IMG-20240930-WA0144.jpg?fit=640%2C426&amp;ssl=1\" class=\"alignnone size-medium wp-image-7021\" src=\"https:\/\/i0.wp.com\/sintradeua.org\/co\/wp-content\/uploads\/2025\/08\/IMG-20240930-WA0144.jpg?resize=300%2C200&#038;ssl=1\" alt=\"\" width=\"300\" height=\"200\" srcset=\"https:\/\/i0.wp.com\/sintradeua.org\/co\/wp-content\/uploads\/2025\/08\/IMG-20240930-WA0144.jpg?resize=300%2C200&amp;ssl=1 300w, https:\/\/i0.wp.com\/sintradeua.org\/co\/wp-content\/uploads\/2025\/08\/IMG-20240930-WA0144.jpg?resize=800%2C533&amp;ssl=1 800w, https:\/\/i0.wp.com\/sintradeua.org\/co\/wp-content\/uploads\/2025\/08\/IMG-20240930-WA0144.jpg?resize=820%2C545&amp;ssl=1 820w, https:\/\/i0.wp.com\/sintradeua.org\/co\/wp-content\/uploads\/2025\/08\/IMG-20240930-WA0144.jpg?resize=600%2C400&amp;ssl=1 600w, https:\/\/i0.wp.com\/sintradeua.org\/co\/wp-content\/uploads\/2025\/08\/IMG-20240930-WA0144.jpg?w=1280&amp;ssl=1 1280w\" sizes=\"auto, (max-width: 300px) 100vw, 300px\" \/><\/p>\n<p style=\"text-align: justify;\"><strong>Por: Jaime Iv\u00e1n Borrero Samper\u00a0<\/strong><\/p>\n<p style=\"text-align: justify;\">Cada tanto aparece un nombre que pretende irrumpir en la vida universitaria sin haberla vivido, sin haberla pensado, sin haberla construido. Esta vez se trata de Leyton Daniel Barrios Torres, abogado, exconcejal de Barranquilla y actual Secretario de Educaci\u00f3n del Atl\u00e1ntico. Hoy, con ambiciones declaradas, quiere convertirse en rector de la Universidad del Atl\u00e1ntico.<\/p>\n<p style=\"text-align: justify;\">El problema no es que aspire. Todos los ciudadanos tienen derecho a postularse a cargos p\u00fablicos. El problema es c\u00f3mo lo hace, desde d\u00f3nde lo hace y con qu\u00e9 hoja de vida acad\u00e9mica pretende hacerlo.<\/p>\n<p style=\"text-align: justify;\">Leyton no tiene experiencia en docencia universitaria, ni en investigaci\u00f3n, ni en gesti\u00f3n dentro de una instituci\u00f3n de educaci\u00f3n superior. No ha dirigido un programa acad\u00e9mico, una facultad, ni una unidad acad\u00e9mica. No se le conoce una sola publicaci\u00f3n en el \u00e1mbito cient\u00edfico o pedag\u00f3gico. Su recorrido ha sido estrictamente pol\u00edtico, y su postulaci\u00f3n responde a una l\u00f3gica de poder, no a una vocaci\u00f3n universitaria.<\/p>\n<p><img data-recalc-dims=\"1\" loading=\"lazy\" decoding=\"async\" data-attachment-id=\"7022\" data-permalink=\"https:\/\/sintradeua.org\/co\/%f0%9f%93%98-rectoria-en-juego-entrega-ii-de-la-politica-al-campus-el-salto-vacio-de-leyton-barrios\/oplus_131072-12\/\" data-orig-file=\"https:\/\/i0.wp.com\/sintradeua.org\/co\/wp-content\/uploads\/2025\/08\/IMG_20250818_144142.jpg?fit=1080%2C1444&amp;ssl=1\" data-orig-size=\"1080,1444\" data-comments-opened=\"1\" data-image-meta=\"{&quot;aperture&quot;:&quot;0&quot;,&quot;credit&quot;:&quot;&quot;,&quot;camera&quot;:&quot;&quot;,&quot;caption&quot;:&quot;Oplus_131072&quot;,&quot;created_timestamp&quot;:&quot;0&quot;,&quot;copyright&quot;:&quot;&quot;,&quot;focal_length&quot;:&quot;0&quot;,&quot;iso&quot;:&quot;0&quot;,&quot;shutter_speed&quot;:&quot;0&quot;,&quot;title&quot;:&quot;Oplus_131072&quot;,&quot;orientation&quot;:&quot;1&quot;}\" data-image-title=\"Oplus_131072\" data-image-description=\"\" data-image-caption=\"&lt;p&gt;Oplus_131072&lt;\/p&gt;\n\" data-large-file=\"https:\/\/i0.wp.com\/sintradeua.org\/co\/wp-content\/uploads\/2025\/08\/IMG_20250818_144142.jpg?fit=598%2C800&amp;ssl=1\" class=\"size-medium wp-image-7022\" src=\"https:\/\/i0.wp.com\/sintradeua.org\/co\/wp-content\/uploads\/2025\/08\/IMG_20250818_144142.jpg?resize=224%2C300&#038;ssl=1\" alt=\"\" width=\"224\" height=\"300\" srcset=\"https:\/\/i0.wp.com\/sintradeua.org\/co\/wp-content\/uploads\/2025\/08\/IMG_20250818_144142.jpg?resize=224%2C300&amp;ssl=1 224w, https:\/\/i0.wp.com\/sintradeua.org\/co\/wp-content\/uploads\/2025\/08\/IMG_20250818_144142.jpg?resize=598%2C800&amp;ssl=1 598w, https:\/\/i0.wp.com\/sintradeua.org\/co\/wp-content\/uploads\/2025\/08\/IMG_20250818_144142.jpg?w=1080&amp;ssl=1 1080w\" sizes=\"auto, (max-width: 224px) 100vw, 224px\" \/><\/p>\n<p style=\"text-align: justify;\">A ello se suma un detalle no menor: ocupa actualmente el cargo de Secretario de Educaci\u00f3n del Departamento del Atl\u00e1ntico, nombrado por el gobernador Eduardo Verano de la Rosa, quien es adem\u00e1s presidente del Consejo Superior Universitario. <strong>\u00bfC\u00f3mo garantizar independencia cuando el superior pol\u00edtico del candidato preside el \u00f3rgano que elige al rector?<\/strong> <strong>\u00bfC\u00f3mo hablar de meritocracia si lo que se impone es el patrocinio pol\u00edtico?<\/strong><\/p>\n<p style=\"text-align: justify;\">Lo m\u00e1s preocupante, sin embargo, no es su falta de experiencia universitaria. Es la peligrosa idea que representa: <strong>la de que un t\u00edtulo profesional y una carrera pol\u00edtica bastan para dirigir una universidad p\u00fablica.<\/strong> Esa visi\u00f3n tecnocr\u00e1tica y reduccionista es la misma que ha minado durante d\u00e9cadas la autonom\u00eda universitaria en Colombia. No podemos permitir que el Atl\u00e1ntico repita esa historia.<\/p>\n<p style=\"text-align: justify;\">La Universidad del Atl\u00e1ntico no necesita un pol\u00edtico sin trayectoria acad\u00e9mica. Necesita continuidad institucional, capacidad de gesti\u00f3n, legitimidad ante la comunidad, y visi\u00f3n universitaria. Lo ha venido logrando con una rector\u00eda que ha priorizado la estabilidad, el di\u00e1logo y los resultados concretos. Cambiar ese rumbo para entregar el tim\u00f3n a la improvisaci\u00f3n pol\u00edtica ser\u00eda un error hist\u00f3rico.<\/p>\n<p style=\"text-align: justify;\">Esta entrega no pretende ser un ataque personal. Es una alerta. Una defensa firme de lo que la universidad ha construido y un llamado a la sensatez colectiva. No se trata de nombres. Se trata de principios.<\/p>\n<p style=\"text-align: justify;\"><strong>La Universidad del Atl\u00e1ntico no est\u00e1 en venta, ni en alquiler para intereses pol\u00edticos.<\/strong><\/p>\n<p style=\"text-align: justify;\"><strong>La rector\u00eda no puede ser un experimento ni un trampol\u00edn electoral.<\/strong><\/p>\n<p style=\"text-align: justify;\"><strong>Hoy m\u00e1s que nunca, profesores, estudiantes, trabajadores y egresados debemos cerrar filas en defensa de nuestra autonom\u00eda.<\/strong><\/p>\n<p style=\"text-align: justify;\"><strong>El futuro de la universidad no se negocia: se defiende con car\u00e1cter, con argumentos y con unidad.<\/strong><\/p>\n<p style=\"text-align: justify;\"><strong>El poder pol\u00edtico pasa; la universidad queda. Y quienes hoy pretenden usarla como pelda\u00f1o deben saber que aqu\u00ed no tendr\u00e1n cabida.<\/strong><\/p>\n","protected":false},"excerpt":{"rendered":"<p>Por: Jaime Iv\u00e1n Borrero Samper\u00a0 Cada tanto aparece un nombre que pretende irrumpir en la vida universitaria sin haberla vivido, sin haberla pensado, sin haberla construido. Esta vez se trata de Leyton Daniel Barrios Torres, abogado, exconcejal de Barranquilla y actual Secretario de Educaci\u00f3n del Atl\u00e1ntico. Hoy, con ambiciones declaradas, quiere convertirse en rector de&#8230;<\/p>\n","protected":false},"author":2,"featured_media":7022,"comment_status":"open","ping_status":"open","sticky":false,"template":"","format":"standard","meta":{"advanced_seo_description":"","jetpack_seo_html_title":"","jetpack_seo_noindex":false,"jetpack_post_was_ever_published":false,"_jetpack_newsletter_access":"","_jetpack_dont_email_post_to_subs":false,"_jetpack_newsletter_tier_id":0,"_jetpack_memberships_contains_paywalled_content":false,"_jetpack_memberships_contains_paid_content":false,"footnotes":"","jetpack_publicize_message":"","jetpack_publicize_feature_enabled":true,"jetpack_social_post_already_shared":true,"jetpack_social_options":{"image_generator_settings":{"template":"highway","default_image_id":0,"font":"","enabled":false},"version":2}},"categories":[2],"tags":[],"class_list":["post-7020","post","type-post","status-publish","format-standard","has-post-thumbnail","hentry","category-noticias"],"jetpack_publicize_connections":[],"jetpack_featured_media_url":"https:\/\/i0.wp.com\/sintradeua.org\/co\/wp-content\/uploads\/2025\/08\/IMG_20250818_144142.jpg?fit=1080%2C1444&ssl=1","jetpack_sharing_enabled":true,"jetpack_shortlink":"https:\/\/wp.me\/paSj5R-1Pe","_links":{"self":[{"href":"https:\/\/sintradeua.org\/co\/wp-json\/wp\/v2\/posts\/7020","targetHints":{"allow":["GET"]}}],"collection":[{"href":"https:\/\/sintradeua.org\/co\/wp-json\/wp\/v2\/posts"}],"about":[{"href":"https:\/\/sintradeua.org\/co\/wp-json\/wp\/v2\/types\/post"}],"author":[{"embeddable":true,"href":"https:\/\/sintradeua.org\/co\/wp-json\/wp\/v2\/users\/2"}],"replies":[{"embeddable":true,"href":"https:\/\/sintradeua.org\/co\/wp-json\/wp\/v2\/comments?post=7020"}],"version-history":[{"count":2,"href":"https:\/\/sintradeua.org\/co\/wp-json\/wp\/v2\/posts\/7020\/revisions"}],"predecessor-version":[{"id":7024,"href":"https:\/\/sintradeua.org\/co\/wp-json\/wp\/v2\/posts\/7020\/revisions\/7024"}],"wp:featuredmedia":[{"embeddable":true,"href":"https:\/\/sintradeua.org\/co\/wp-json\/wp\/v2\/media\/7022"}],"wp:attachment":[{"href":"https:\/\/sintradeua.org\/co\/wp-json\/wp\/v2\/media?parent=7020"}],"wp:term":[{"taxonomy":"category","embeddable":true,"href":"https:\/\/sintradeua.org\/co\/wp-json\/wp\/v2\/categories?post=7020"},{"taxonomy":"post_tag","embeddable":true,"href":"https:\/\/sintradeua.org\/co\/wp-json\/wp\/v2\/tags?post=7020"}],"curies":[{"name":"wp","href":"https:\/\/api.w.org\/{rel}","templated":true}]}}