{"id":6880,"date":"2025-05-23T10:34:57","date_gmt":"2025-05-23T15:34:57","guid":{"rendered":"https:\/\/sintradeua.org\/co\/?p=6880"},"modified":"2025-05-23T10:34:57","modified_gmt":"2025-05-23T15:34:57","slug":"y-la-coherencia-presidente-petro-autonomia-si-pero-para-todos","status":"publish","type":"post","link":"https:\/\/sintradeua.org\/co\/y-la-coherencia-presidente-petro-autonomia-si-pero-para-todos\/","title":{"rendered":"\u201c\u00bfY la coherencia, presidente Petro? Autonom\u00eda s\u00ed, pero para todos\u201d"},"content":{"rendered":"<p><img data-recalc-dims=\"1\" loading=\"lazy\" decoding=\"async\" data-attachment-id=\"6881\" data-permalink=\"https:\/\/sintradeua.org\/co\/y-la-coherencia-presidente-petro-autonomia-si-pero-para-todos\/54436469217_fcf70d9d73_c_0\/\" data-orig-file=\"https:\/\/i0.wp.com\/sintradeua.org\/co\/wp-content\/uploads\/2025\/05\/54436469217_fcf70d9d73_c_0.jpg?fit=1200%2C900&amp;ssl=1\" data-orig-size=\"1200,900\" data-comments-opened=\"1\" data-image-meta=\"{&quot;aperture&quot;:&quot;0&quot;,&quot;credit&quot;:&quot;&quot;,&quot;camera&quot;:&quot;&quot;,&quot;caption&quot;:&quot;&quot;,&quot;created_timestamp&quot;:&quot;0&quot;,&quot;copyright&quot;:&quot;&quot;,&quot;focal_length&quot;:&quot;0&quot;,&quot;iso&quot;:&quot;0&quot;,&quot;shutter_speed&quot;:&quot;0&quot;,&quot;title&quot;:&quot;&quot;,&quot;orientation&quot;:&quot;0&quot;}\" data-image-title=\"54436469217_fcf70d9d73_c_0\" data-image-description=\"\" data-image-caption=\"\" data-large-file=\"https:\/\/i0.wp.com\/sintradeua.org\/co\/wp-content\/uploads\/2025\/05\/54436469217_fcf70d9d73_c_0.jpg?fit=640%2C480&amp;ssl=1\" class=\"alignnone size-medium wp-image-6881\" src=\"https:\/\/i0.wp.com\/sintradeua.org\/co\/wp-content\/uploads\/2025\/05\/54436469217_fcf70d9d73_c_0.jpg?resize=300%2C225&#038;ssl=1\" alt=\"\" width=\"300\" height=\"225\" srcset=\"https:\/\/i0.wp.com\/sintradeua.org\/co\/wp-content\/uploads\/2025\/05\/54436469217_fcf70d9d73_c_0.jpg?resize=300%2C225&amp;ssl=1 300w, https:\/\/i0.wp.com\/sintradeua.org\/co\/wp-content\/uploads\/2025\/05\/54436469217_fcf70d9d73_c_0.jpg?resize=800%2C600&amp;ssl=1 800w, https:\/\/i0.wp.com\/sintradeua.org\/co\/wp-content\/uploads\/2025\/05\/54436469217_fcf70d9d73_c_0.jpg?resize=320%2C240&amp;ssl=1 320w, https:\/\/i0.wp.com\/sintradeua.org\/co\/wp-content\/uploads\/2025\/05\/54436469217_fcf70d9d73_c_0.jpg?w=1200&amp;ssl=1 1200w\" sizes=\"auto, (max-width: 300px) 100vw, 300px\" \/><\/p>\n<p style=\"text-align: justify;\"><strong>Por<\/strong> <strong>JIBS<\/strong>\u00a0<\/p>\n<p style=\"text-align: justify;\">En los \u00faltimos d\u00edas, se ha agitado el debate en torno a la Universidad del Atl\u00e1ntico y su actual rector, el profesor Danilo Hern\u00e1ndez. Lo parad\u00f3jico \u2013y profundamente preocupante\u2013 es que mientras una gran parte de la comunidad universitaria valora su gesti\u00f3n, defiende la institucionalidad y promueve una reforma estatutaria que permita su posible reelecci\u00f3n, un peque\u00f1o sector, derrotado en los espacios democr\u00e1ticos y desprovisto de legitimidad interna, recurre a la vieja y peligrosa f\u00f3rmula de la estigmatizaci\u00f3n.<\/p>\n<p style=\"text-align: justify;\">Denuncias sin fundamento, acusaciones de presencias ilegales y narrativas alarmistas son utilizadas como herramientas para justificar la intervenci\u00f3n del Estado. Y lo m\u00e1s desconcertante es que el propio presidente de la Rep\u00fablica, quien ha promovido mecanismos de consulta popular en defensa de la democracia participativa, amenaza con intervenir la universidad por escuchar solo a una minor\u00eda ruidosa.<\/p>\n<p style=\"text-align: justify;\"><strong>\u00bfNo ser\u00eda m\u00e1s coherente, entonces, promover una consulta interna que permita a la comunidad universitaria definir el rumbo de su instituci\u00f3n? \u00bfPor qu\u00e9 s\u00ed a las consultas populares en el pa\u00eds y no a una deliberaci\u00f3n democr\u00e1tica en el seno de nuestras universidades p\u00fablicas?<\/strong> La autonom\u00eda universitaria no puede ser defendida a conveniencia. O se respeta siempre, o se pierde por completo.<\/p>\n<p style=\"text-align: justify;\">El art\u00edculo 69 de la Constituci\u00f3n Pol\u00edtica de Colombia es claro: \u00ab<strong>Se garantiza la autonom\u00eda universitaria. Las universidades podr\u00e1n darse sus directivas y regirse por sus propios estatutos, de acuerdo con la ley<\/strong>.\u00bb Esa garant\u00eda constitucional no es un saludo a la bandera; es un principio estructural del Estado Social de Derecho.<\/p>\n<p style=\"text-align: justify;\">El Consejo de Estado y la Procuradur\u00eda General de la Naci\u00f3n han dejado sentado en recientes pronunciamientos \u2013como el caso de la Universidad Nacional y la elecci\u00f3n de Jos\u00e9 Ismael Pe\u00f1a\u2013 <strong>que la consulta interna en las universidades no tiene car\u00e1cter vinculante, y que los consejos superiores gozan de plena autonom\u00eda para elegir a sus rectores, siempre que respeten sus reglamentos internos.<\/strong><\/p>\n<p style=\"text-align: justify;\">Tal como lo se\u00f1al\u00f3 la Procuradora S\u00e9ptima Delegada ante el Consejo de Estado, \u201c<strong>la autonom\u00eda del Consejo Superior Universitario est\u00e1 garantizada de conformidad con las reglas que regulan el proceso electoral\u201d<\/strong>, y no puede ser desconocida por ning\u00fan ente externo, <strong>incluyendo el Ministerio de Educaci\u00f3n.<\/strong><\/p>\n<p style=\"text-align: justify;\">El profesor Danilo Hern\u00e1ndez ha demostrado un liderazgo sereno pero firme, que ha priorizado el bienestar de la comunidad universitaria por encima de intereses personales o mezquindades pol\u00edticas. Su gesti\u00f3n ha estado marcada por la transparencia, la capacidad t\u00e9cnica y el respeto por los procesos participativos. Lo que deber\u00eda ser ejemplo nacional, hoy se pretende deslegitimar con rumores y presiones externas.<\/p>\n<p style=\"text-align: justify;\">La Universidad del Atl\u00e1ntico no necesita interventores, necesita l\u00edderes. No necesita salvadores de \u00faltimo minuto, sino servidores p\u00fablicos comprometidos con la educaci\u00f3n p\u00fablica, la transparencia y el bienestar de su comunidad. Lo que se requiere es fortalecer la autonom\u00eda, blindarla de las mafias y del clientelismo, y devolverle a la comunidad universitaria su papel protag\u00f3nico en la construcci\u00f3n de su futuro.<\/p>\n<p style=\"text-align: justify;\">La izquierda, en su cr\u00edtica al autoritarismo de la derecha, ha exigido hist\u00f3ricamente respeto por la autonom\u00eda, la deliberaci\u00f3n democr\u00e1tica y la soberan\u00eda popular. <strong>Pero imponer visiones desde el poder del Estado, sin el m\u00e1s m\u00ednimo di\u00e1logo con los \u00f3rganos colegiados de una universidad p\u00fablica, equivale a reproducir los mismos vicios que tanto se han criticado.<\/strong><\/p>\n<p style=\"text-align: justify;\">La defensa de la autonom\u00eda universitaria no es patrimonio de una ideolog\u00eda. Es una obligaci\u00f3n constitucional y un compromiso \u00e9tico con la inteligencia colectiva, el pensamiento libre y la institucionalidad democr\u00e1tica. <strong>Si el gobierno nacional desea dialogar con la universidad, debe hacerlo desde el respeto a sus \u00f3rganos leg\u00edtimos, no desde la imposici\u00f3n ni la amenaza.<\/strong><\/p>\n<p style=\"text-align: justify;\"><strong>Lo contrario, adem\u00e1s de incoherente, ser\u00eda profundamente peligroso.<\/strong><\/p>\n<p style=\"text-align: justify;\">Entre la dignidad y la intromisi\u00f3n arbitraria, el pa\u00eds debe escoger. Y nosotros, como ciudadanos, como trabajadores, como estudiantes, como docentes, como defensores de la educaci\u00f3n p\u00fablica, debemos levantar la voz. Porque defender la autonom\u00eda no es defender a personas o cargos; <strong>es defender una idea de pa\u00eds donde el conocimiento se construye con libertad, con diversidad y con respeto por la democracia.<\/strong><\/p>\n","protected":false},"excerpt":{"rendered":"<p>Por JIBS\u00a0 En los \u00faltimos d\u00edas, se ha agitado el debate en torno a la Universidad del Atl\u00e1ntico y su actual rector, el profesor Danilo Hern\u00e1ndez. Lo parad\u00f3jico \u2013y profundamente preocupante\u2013 es que mientras una gran parte de la comunidad universitaria valora su gesti\u00f3n, defiende la institucionalidad y promueve una reforma estatutaria que permita su&#8230;<\/p>\n","protected":false},"author":2,"featured_media":6881,"comment_status":"open","ping_status":"open","sticky":false,"template":"","format":"standard","meta":{"advanced_seo_description":"","jetpack_seo_html_title":"","jetpack_seo_noindex":false,"jetpack_post_was_ever_published":false,"_jetpack_newsletter_access":"","_jetpack_dont_email_post_to_subs":false,"_jetpack_newsletter_tier_id":0,"_jetpack_memberships_contains_paywalled_content":false,"_jetpack_memberships_contains_paid_content":false,"footnotes":"","jetpack_publicize_message":"","jetpack_publicize_feature_enabled":true,"jetpack_social_post_already_shared":true,"jetpack_social_options":{"image_generator_settings":{"template":"highway","default_image_id":0,"font":"","enabled":false},"version":2}},"categories":[2],"tags":[],"class_list":["post-6880","post","type-post","status-publish","format-standard","has-post-thumbnail","hentry","category-noticias"],"jetpack_publicize_connections":[],"jetpack_featured_media_url":"https:\/\/i0.wp.com\/sintradeua.org\/co\/wp-content\/uploads\/2025\/05\/54436469217_fcf70d9d73_c_0.jpg?fit=1200%2C900&ssl=1","jetpack_sharing_enabled":true,"jetpack_shortlink":"https:\/\/wp.me\/paSj5R-1MY","_links":{"self":[{"href":"https:\/\/sintradeua.org\/co\/wp-json\/wp\/v2\/posts\/6880","targetHints":{"allow":["GET"]}}],"collection":[{"href":"https:\/\/sintradeua.org\/co\/wp-json\/wp\/v2\/posts"}],"about":[{"href":"https:\/\/sintradeua.org\/co\/wp-json\/wp\/v2\/types\/post"}],"author":[{"embeddable":true,"href":"https:\/\/sintradeua.org\/co\/wp-json\/wp\/v2\/users\/2"}],"replies":[{"embeddable":true,"href":"https:\/\/sintradeua.org\/co\/wp-json\/wp\/v2\/comments?post=6880"}],"version-history":[{"count":1,"href":"https:\/\/sintradeua.org\/co\/wp-json\/wp\/v2\/posts\/6880\/revisions"}],"predecessor-version":[{"id":6882,"href":"https:\/\/sintradeua.org\/co\/wp-json\/wp\/v2\/posts\/6880\/revisions\/6882"}],"wp:featuredmedia":[{"embeddable":true,"href":"https:\/\/sintradeua.org\/co\/wp-json\/wp\/v2\/media\/6881"}],"wp:attachment":[{"href":"https:\/\/sintradeua.org\/co\/wp-json\/wp\/v2\/media?parent=6880"}],"wp:term":[{"taxonomy":"category","embeddable":true,"href":"https:\/\/sintradeua.org\/co\/wp-json\/wp\/v2\/categories?post=6880"},{"taxonomy":"post_tag","embeddable":true,"href":"https:\/\/sintradeua.org\/co\/wp-json\/wp\/v2\/tags?post=6880"}],"curies":[{"name":"wp","href":"https:\/\/api.w.org\/{rel}","templated":true}]}}