{"id":6876,"date":"2025-05-23T06:57:14","date_gmt":"2025-05-23T11:57:14","guid":{"rendered":"https:\/\/sintradeua.org\/co\/?p=6876"},"modified":"2025-05-23T06:58:01","modified_gmt":"2025-05-23T11:58:01","slug":"autonomia-universitaria-entre-la-dignidad-y-la-intromision-arbitraria","status":"publish","type":"post","link":"https:\/\/sintradeua.org\/co\/autonomia-universitaria-entre-la-dignidad-y-la-intromision-arbitraria\/","title":{"rendered":"Autonom\u00eda Universitaria: Entre la Dignidad y la Intromisi\u00f3n Arbitraria"},"content":{"rendered":"<p style=\"text-align: justify;\"><img data-recalc-dims=\"1\" loading=\"lazy\" decoding=\"async\" data-attachment-id=\"6578\" data-permalink=\"https:\/\/sintradeua.org\/co\/reeleccion-para-decanos-pero-no-para-el-rector-la-contradiccion-que-debe-resolverse\/3fpjz6g7krgtdpwfodnlytwxle\/\" data-orig-file=\"https:\/\/i0.wp.com\/sintradeua.org\/co\/wp-content\/uploads\/2025\/02\/3FPJZ6G7KRGTDPWFODNLYTWXLE.jpg?fit=1280%2C720&amp;ssl=1\" data-orig-size=\"1280,720\" data-comments-opened=\"1\" data-image-meta=\"{&quot;aperture&quot;:&quot;0&quot;,&quot;credit&quot;:&quot;&quot;,&quot;camera&quot;:&quot;&quot;,&quot;caption&quot;:&quot;&quot;,&quot;created_timestamp&quot;:&quot;0&quot;,&quot;copyright&quot;:&quot;&quot;,&quot;focal_length&quot;:&quot;0&quot;,&quot;iso&quot;:&quot;0&quot;,&quot;shutter_speed&quot;:&quot;0&quot;,&quot;title&quot;:&quot;&quot;,&quot;orientation&quot;:&quot;0&quot;}\" data-image-title=\"3FPJZ6G7KRGTDPWFODNLYTWXLE\" data-image-description=\"\" data-image-caption=\"\" data-large-file=\"https:\/\/i0.wp.com\/sintradeua.org\/co\/wp-content\/uploads\/2025\/02\/3FPJZ6G7KRGTDPWFODNLYTWXLE.jpg?fit=640%2C360&amp;ssl=1\" class=\"alignnone size-medium wp-image-6578\" src=\"https:\/\/i0.wp.com\/sintradeua.org\/co\/wp-content\/uploads\/2025\/02\/3FPJZ6G7KRGTDPWFODNLYTWXLE.jpg?resize=300%2C169&#038;ssl=1\" alt=\"\" width=\"300\" height=\"169\" srcset=\"https:\/\/i0.wp.com\/sintradeua.org\/co\/wp-content\/uploads\/2025\/02\/3FPJZ6G7KRGTDPWFODNLYTWXLE.jpg?resize=300%2C169&amp;ssl=1 300w, https:\/\/i0.wp.com\/sintradeua.org\/co\/wp-content\/uploads\/2025\/02\/3FPJZ6G7KRGTDPWFODNLYTWXLE.jpg?resize=800%2C450&amp;ssl=1 800w, https:\/\/i0.wp.com\/sintradeua.org\/co\/wp-content\/uploads\/2025\/02\/3FPJZ6G7KRGTDPWFODNLYTWXLE.jpg?w=1280&amp;ssl=1 1280w\" sizes=\"auto, (max-width: 300px) 100vw, 300px\" \/><\/p>\n<p><strong>Por: JIBS<\/strong><\/p>\n<p style=\"text-align: justify;\">La Universidad del Atl\u00e1ntico atraviesa uno de los momentos m\u00e1s delicados de su historia reciente. No por una crisis acad\u00e9mica, ni por el colapso de sus finanzas, sino por la amenaza de una intervenci\u00f3n que, m\u00e1s que t\u00e9cnica o jur\u00eddica, parece ser el desenlace de una disputa pol\u00edtica mal gestionada desde el mismo coraz\u00f3n del Gobierno Nacional.<\/p>\n<p style=\"text-align: justify;\">El concepto de autonom\u00eda universitaria no es un privilegio ni un slogan de coyuntura. Es una conquista hist\u00f3rica que garantiza que nuestras instituciones de educaci\u00f3n superior puedan gobernarse por s\u00ed mismas, definir sus rumbos acad\u00e9micos y administrativos, y decidir sus liderazgos a trav\u00e9s de procesos democr\u00e1ticos. Pero, cuando se convierte en terreno de pugnas ideol\u00f3gicas o en bot\u00edn de facciones internas, se desdibuja su esencia.<\/p>\n<p style=\"text-align: justify;\">Durante este gobierno, los grupos que se han presentado como sus representantes en el escenario universitario han tenido todas las condiciones para construir una propuesta seria, coherente y transformadora. Sin embargo, lo que hemos presenciado ha sido un desfile de improvisaciones, divisiones internas y una profunda incapacidad para interpretar los anhelos de una comunidad universitaria que exige respeto, inclusi\u00f3n y resultados.<\/p>\n<p style=\"text-align: justify;\">Los delegados del Gobierno ante el Consejo Superior brillaron por su ausencia o, peor a\u00fan, por su inoperancia. No estuvieron a la altura de la dignidad del cargo ni de la responsabilidad hist\u00f3rica que implicaba representar a un gobierno que prometi\u00f3 el cambio. No lideraron, no mediaron, no construyeron consensos ni impulsaron transformaciones estructurales. Y ahora, cuando las urnas y los procesos democr\u00e1ticos internos no les son favorables, pretenden deslegitimar todo lo actuado con se\u00f1alamientos infundados, denuncias sin pruebas y una narrativa que criminaliza al que piensa distinto.<\/p>\n<p style=\"text-align: justify;\">La intervenci\u00f3n que hoy se propone \u2014o amenaza\u2014 no responde a criterios t\u00e9cnicos ni a un inter\u00e9s genuino por salvaguardar la calidad acad\u00e9mica o administrativa de la Universidad del Atl\u00e1ntico. Responde, m\u00e1s bien, a la necesidad de controlar pol\u00edticamente un espacio que no pudieron conquistar con argumentos ni con votos.<\/p>\n<p style=\"text-align: justify;\">Y eso es lo m\u00e1s grave.<\/p>\n<p style=\"text-align: justify;\">Porque cuando se utiliza el poder del Estado para imponer decisiones arbitrarias, desconociendo los mecanismos democr\u00e1ticos internos de una universidad, se abre un precedente peligroso que vulnera la autonom\u00eda y erosiona la confianza en las instituciones. Lo que no se gana en las aulas, en los claustros, en los debates o en las urnas, no se debe imponer desde los escritorios ministeriales ni con la complicidad de sectores que ven en la Universidad un bot\u00edn, no una misi\u00f3n.<\/p>\n<p style=\"text-align: justify;\">En este punto, es imposible no recordar el reciente pronunciamiento de la <strong>Procuradur\u00eda General de la Naci\u00f3n<\/strong> sobre el caso de la Universidad Nacional de Colombia, en el que <strong>defendi\u00f3<\/strong> <strong>con claridad meridiana la autonom\u00eda universitaria<\/strong> frente a las decisiones caprichosas del Ministerio de Educaci\u00f3n. <strong>El \u00f3rgano de control advirti\u00f3 que el Ejecutivo no puede invadir competencias que son exclusivas de las universidades, ni imponer medidas que desconozcan los procesos internos establecidos por sus estatutos y reglamentos.<\/strong> Ese precedente institucional, a\u00fan fresco, deja en evidencia que lo que se vive hoy en la Universidad del Atl\u00e1ntico no es un hecho aislado, sino parte de una preocupante tendencia autoritaria que debe ser frenada con contundencia.<\/p>\n<p><a href=\"https:\/\/www.universidad.edu.co\/procuraduria-protege-la-autonomia-universitaria-y-de-paso-rescata-opcion-rectoral-de-jose-ismael-pena\/\">https:\/\/www.universidad.edu.co\/procuraduria-protege-la-autonomia-universitaria-y-de-paso-rescata-opcion-rectoral-de-jose-ismael-pena\/<\/a><\/p>\n<p style=\"text-align: justify;\">En medio de este panorama complejo, hay que destacar el papel del profesor <strong>Danilo Hern\u00e1ndez<\/strong>, actual rector de la universidad, quien ha encarnado con valent\u00eda y compromiso el esp\u00edritu de esa autonom\u00eda hoy amenazada. Su gesti\u00f3n ha estado marcada por la b\u00fasqueda de consensos, el respeto a la institucionalidad, y un liderazgo sereno pero firme que ha priorizado el bienestar de la comunidad universitaria por encima de intereses personales o mezquindades pol\u00edticas. El profesor Hern\u00e1ndez no solo ha ejercido el cargo con capacidad t\u00e9cnica, sino con una dignidad que deber\u00eda ser ejemplo para quienes pretenden hoy deslegitimarlo.<\/p>\n<p style=\"text-align: justify;\">La Universidad del Atl\u00e1ntico no necesita interventores, necesita l\u00edderes. No necesita salvadores de \u00faltimo minuto, sino servidores p\u00fablicos comprometidos con la educaci\u00f3n p\u00fablica, la transparencia y el bienestar de su comunidad. Lo que se requiere es fortalecer la autonom\u00eda, blindarla de las mafias y del clientelismo, y devolverle a la comunidad universitaria su papel protag\u00f3nico en la construcci\u00f3n de su futuro.<\/p>\n<p style=\"text-align: justify;\">Entre la dignidad y la intromisi\u00f3n arbitraria, el pa\u00eds debe escoger. Y nosotros, como ciudadanos, como trabajadores, como estudiantes, como docentes, como defensores de la educaci\u00f3n p\u00fablica, debemos levantar la voz. Porque defender la autonom\u00eda no es defender a personas o cargos; es defender una idea de pa\u00eds donde el conocimiento se construye con libertad, con diversidad y con respeto por la democracia.<\/p>\n","protected":false},"excerpt":{"rendered":"<p>Por: JIBS La Universidad del Atl\u00e1ntico atraviesa uno de los momentos m\u00e1s delicados de su historia reciente. No por una crisis acad\u00e9mica, ni por el colapso de sus finanzas, sino por la amenaza de una intervenci\u00f3n que, m\u00e1s que t\u00e9cnica o jur\u00eddica, parece ser el desenlace de una disputa pol\u00edtica mal gestionada desde el mismo&#8230;<\/p>\n","protected":false},"author":2,"featured_media":6578,"comment_status":"open","ping_status":"open","sticky":false,"template":"","format":"standard","meta":{"advanced_seo_description":"","jetpack_seo_html_title":"","jetpack_seo_noindex":false,"jetpack_post_was_ever_published":false,"_jetpack_newsletter_access":"","_jetpack_dont_email_post_to_subs":false,"_jetpack_newsletter_tier_id":0,"_jetpack_memberships_contains_paywalled_content":false,"_jetpack_memberships_contains_paid_content":false,"footnotes":"","jetpack_publicize_message":"","jetpack_publicize_feature_enabled":true,"jetpack_social_post_already_shared":true,"jetpack_social_options":{"image_generator_settings":{"template":"highway","default_image_id":0,"font":"","enabled":false},"version":2}},"categories":[2],"tags":[],"class_list":["post-6876","post","type-post","status-publish","format-standard","has-post-thumbnail","hentry","category-noticias"],"jetpack_publicize_connections":[],"jetpack_featured_media_url":"https:\/\/i0.wp.com\/sintradeua.org\/co\/wp-content\/uploads\/2025\/02\/3FPJZ6G7KRGTDPWFODNLYTWXLE.jpg?fit=1280%2C720&ssl=1","jetpack_sharing_enabled":true,"jetpack_shortlink":"https:\/\/wp.me\/paSj5R-1MU","_links":{"self":[{"href":"https:\/\/sintradeua.org\/co\/wp-json\/wp\/v2\/posts\/6876","targetHints":{"allow":["GET"]}}],"collection":[{"href":"https:\/\/sintradeua.org\/co\/wp-json\/wp\/v2\/posts"}],"about":[{"href":"https:\/\/sintradeua.org\/co\/wp-json\/wp\/v2\/types\/post"}],"author":[{"embeddable":true,"href":"https:\/\/sintradeua.org\/co\/wp-json\/wp\/v2\/users\/2"}],"replies":[{"embeddable":true,"href":"https:\/\/sintradeua.org\/co\/wp-json\/wp\/v2\/comments?post=6876"}],"version-history":[{"count":3,"href":"https:\/\/sintradeua.org\/co\/wp-json\/wp\/v2\/posts\/6876\/revisions"}],"predecessor-version":[{"id":6879,"href":"https:\/\/sintradeua.org\/co\/wp-json\/wp\/v2\/posts\/6876\/revisions\/6879"}],"wp:featuredmedia":[{"embeddable":true,"href":"https:\/\/sintradeua.org\/co\/wp-json\/wp\/v2\/media\/6578"}],"wp:attachment":[{"href":"https:\/\/sintradeua.org\/co\/wp-json\/wp\/v2\/media?parent=6876"}],"wp:term":[{"taxonomy":"category","embeddable":true,"href":"https:\/\/sintradeua.org\/co\/wp-json\/wp\/v2\/categories?post=6876"},{"taxonomy":"post_tag","embeddable":true,"href":"https:\/\/sintradeua.org\/co\/wp-json\/wp\/v2\/tags?post=6876"}],"curies":[{"name":"wp","href":"https:\/\/api.w.org\/{rel}","templated":true}]}}