{"id":6862,"date":"2025-05-21T12:24:22","date_gmt":"2025-05-21T17:24:22","guid":{"rendered":"https:\/\/sintradeua.org\/co\/?p=6862"},"modified":"2025-05-21T12:27:31","modified_gmt":"2025-05-21T17:27:31","slug":"piedad-cotes-ospina-un-faro-de-franqueza-y-vocacion-en-la-universidad-del-atlantico","status":"publish","type":"post","link":"https:\/\/sintradeua.org\/co\/piedad-cotes-ospina-un-faro-de-franqueza-y-vocacion-en-la-universidad-del-atlantico\/","title":{"rendered":"Piedad Cotes Ospina  Un faro de franqueza y vocaci\u00f3n en la Universidad del Atl\u00e1ntico"},"content":{"rendered":"<p><img data-recalc-dims=\"1\" loading=\"lazy\" decoding=\"async\" data-attachment-id=\"6864\" data-permalink=\"https:\/\/sintradeua.org\/co\/piedad-cotes-ospina-un-faro-de-franqueza-y-vocacion-en-la-universidad-del-atlantico\/oplus_131072-2\/\" data-orig-file=\"https:\/\/i0.wp.com\/sintradeua.org\/co\/wp-content\/uploads\/2025\/05\/IMG_20250521_121821.jpg?fit=720%2C964&amp;ssl=1\" data-orig-size=\"720,964\" data-comments-opened=\"1\" data-image-meta=\"{&quot;aperture&quot;:&quot;0&quot;,&quot;credit&quot;:&quot;&quot;,&quot;camera&quot;:&quot;&quot;,&quot;caption&quot;:&quot;Oplus_131072&quot;,&quot;created_timestamp&quot;:&quot;0&quot;,&quot;copyright&quot;:&quot;&quot;,&quot;focal_length&quot;:&quot;0&quot;,&quot;iso&quot;:&quot;0&quot;,&quot;shutter_speed&quot;:&quot;0&quot;,&quot;title&quot;:&quot;Oplus_131072&quot;,&quot;orientation&quot;:&quot;1&quot;}\" data-image-title=\"Oplus_131072\" data-image-description=\"\" data-image-caption=\"&lt;p&gt;Oplus_131072&lt;\/p&gt;\n\" data-large-file=\"https:\/\/i0.wp.com\/sintradeua.org\/co\/wp-content\/uploads\/2025\/05\/IMG_20250521_121821.jpg?fit=598%2C800&amp;ssl=1\" class=\"size-medium wp-image-6864\" src=\"https:\/\/i0.wp.com\/sintradeua.org\/co\/wp-content\/uploads\/2025\/05\/IMG_20250521_121821.jpg?resize=224%2C300&#038;ssl=1\" alt=\"\" width=\"224\" height=\"300\" srcset=\"https:\/\/i0.wp.com\/sintradeua.org\/co\/wp-content\/uploads\/2025\/05\/IMG_20250521_121821.jpg?resize=224%2C300&amp;ssl=1 224w, https:\/\/i0.wp.com\/sintradeua.org\/co\/wp-content\/uploads\/2025\/05\/IMG_20250521_121821.jpg?resize=598%2C800&amp;ssl=1 598w, https:\/\/i0.wp.com\/sintradeua.org\/co\/wp-content\/uploads\/2025\/05\/IMG_20250521_121821.jpg?w=720&amp;ssl=1 720w\" sizes=\"auto, (max-width: 224px) 100vw, 224px\" \/><\/p>\n<p><strong>Por JIBS<\/strong><\/p>\n<p style=\"text-align: justify;\">Hay personas cuya sola presencia ilumina los pasillos de una instituci\u00f3n; otras dejan huellas tan profundas que se vuelven parte de la memoria colectiva. Piedad Cotes Ospina pertenece a ambas categor\u00edas. Hoy, en el d\u00eda de su cumplea\u00f1os, celebramos no solo los a\u00f1os que ha vivido, sino la fuerza, la calidez y la valent\u00eda con que ha sabido vivirlos.<\/p>\n<p style=\"text-align: justify;\"><strong>Trabajo que trasciende el deber<\/strong><\/p>\n<p style=\"text-align: justify;\">Para Piedad, el trabajo nunca ha sido un simple listado de funciones; es un acto de servicio. Quienes la han visto llegar a primera hora \u2014cuando la bruma a\u00fan cubre el Atl\u00e1ntico\u2014 saben que su energ\u00eda es inagotable. Con la misma convicci\u00f3n con la que deja sus propios asuntos en pausa, abraza las necesidades de la universidad, demostrando que el compromiso genuino no conoce horario de salida.<\/p>\n<p style=\"text-align: justify;\"><strong>Una voz directa, un coraz\u00f3n noble<\/strong><\/p>\n<p style=\"text-align: justify;\">No hay reuni\u00f3n en la que Piedad no haga sentir la fuerza de su palabra. Habla de frente, sin rodeos, y por eso mismo despierta debates, sacude inercias y, a veces, alborota sensibilidades. Pero basta mirarla m\u00e1s de cerca para descubrir que tras esa franqueza se esconde un coraz\u00f3n generoso. Su cr\u00edtica es dura solo porque su amor por la instituci\u00f3n \u2014y por las personas que la habitan\u2014 es todav\u00eda m\u00e1s grande.<\/p>\n<p style=\"text-align: justify;\"><strong>Tejedora de comunidad<\/strong><\/p>\n<p style=\"text-align: justify;\">En los caf\u00e9s improvisados de pasillo, Piedad es la chispa que enciende conversaciones memorables. En las jornadas marat\u00f3nicas de trabajo, es la mano que reparte aliento y buen humor. Ha visto generaciones de estudiantes llegar con miedos y despedirse con sue\u00f1os, y en todos ha dejado un gui\u00f1o, un consejo o una an\u00e9cdota que marca la diferencia. All\u00ed radica su magia: cada interacci\u00f3n, por breve que sea, se convierte en un recuerdo que suma identidad a nuestra universidad.<\/p>\n<p style=\"text-align: justify;\"><strong>Legado de autenticidad<\/strong><\/p>\n<p style=\"text-align: justify;\">Lo que hace de Piedad un verdadero personaje no es solo el resultado tangible de sus proyectos, sino el mensaje invisible que deja: la autenticidad importa. En tiempos de diplomacias calculadas, ella nos recuerda que la coherencia entre lo que se piensa, se dice y se hace es el m\u00e1s poderoso acto de liderazgo.<\/p>\n<p style=\"text-align: justify;\"><strong>Feliz cumplea\u00f1os, Piedad<\/strong><\/p>\n<p style=\"text-align: justify;\">Hoy soplas velas rodeada de quienes te queremos y admiramos. Que cada llama sea un s\u00edmbolo de las causas que has encendido y de las luces que a\u00fan te quedan por prender. Gracias por tu entrega, tu valent\u00eda y tu humanidad. La Universidad del Atl\u00e1ntico \u2014y todos los que la habitamos\u2014 celebramos tu vida con gratitud y orgullo.<\/p>\n<p style=\"text-align: justify;\"><strong>\u00a1Feliz cumplea\u00f1os, querida Piedad! Que la franqueza siga guiando tu voz y la nobleza tu camino.<\/strong><\/p>\n","protected":false},"excerpt":{"rendered":"<p>Por JIBS Hay personas cuya sola presencia ilumina los pasillos de una instituci\u00f3n; otras dejan huellas tan profundas que se vuelven parte de la memoria colectiva. Piedad Cotes Ospina pertenece a ambas categor\u00edas. Hoy, en el d\u00eda de su cumplea\u00f1os, celebramos no solo los a\u00f1os que ha vivido, sino la fuerza, la calidez y la&#8230;<\/p>\n","protected":false},"author":2,"featured_media":6864,"comment_status":"open","ping_status":"open","sticky":false,"template":"","format":"standard","meta":{"advanced_seo_description":"","jetpack_seo_html_title":"","jetpack_seo_noindex":false,"jetpack_post_was_ever_published":false,"_jetpack_newsletter_access":"","_jetpack_dont_email_post_to_subs":false,"_jetpack_newsletter_tier_id":0,"_jetpack_memberships_contains_paywalled_content":false,"_jetpack_memberships_contains_paid_content":false,"footnotes":"","jetpack_publicize_message":"","jetpack_publicize_feature_enabled":true,"jetpack_social_post_already_shared":true,"jetpack_social_options":{"image_generator_settings":{"template":"highway","default_image_id":0,"font":"","enabled":false},"version":2}},"categories":[2],"tags":[],"class_list":["post-6862","post","type-post","status-publish","format-standard","has-post-thumbnail","hentry","category-noticias"],"jetpack_publicize_connections":[],"jetpack_featured_media_url":"https:\/\/i0.wp.com\/sintradeua.org\/co\/wp-content\/uploads\/2025\/05\/IMG_20250521_121821.jpg?fit=720%2C964&ssl=1","jetpack_sharing_enabled":true,"jetpack_shortlink":"https:\/\/wp.me\/paSj5R-1MG","_links":{"self":[{"href":"https:\/\/sintradeua.org\/co\/wp-json\/wp\/v2\/posts\/6862","targetHints":{"allow":["GET"]}}],"collection":[{"href":"https:\/\/sintradeua.org\/co\/wp-json\/wp\/v2\/posts"}],"about":[{"href":"https:\/\/sintradeua.org\/co\/wp-json\/wp\/v2\/types\/post"}],"author":[{"embeddable":true,"href":"https:\/\/sintradeua.org\/co\/wp-json\/wp\/v2\/users\/2"}],"replies":[{"embeddable":true,"href":"https:\/\/sintradeua.org\/co\/wp-json\/wp\/v2\/comments?post=6862"}],"version-history":[{"count":3,"href":"https:\/\/sintradeua.org\/co\/wp-json\/wp\/v2\/posts\/6862\/revisions"}],"predecessor-version":[{"id":6868,"href":"https:\/\/sintradeua.org\/co\/wp-json\/wp\/v2\/posts\/6862\/revisions\/6868"}],"wp:featuredmedia":[{"embeddable":true,"href":"https:\/\/sintradeua.org\/co\/wp-json\/wp\/v2\/media\/6864"}],"wp:attachment":[{"href":"https:\/\/sintradeua.org\/co\/wp-json\/wp\/v2\/media?parent=6862"}],"wp:term":[{"taxonomy":"category","embeddable":true,"href":"https:\/\/sintradeua.org\/co\/wp-json\/wp\/v2\/categories?post=6862"},{"taxonomy":"post_tag","embeddable":true,"href":"https:\/\/sintradeua.org\/co\/wp-json\/wp\/v2\/tags?post=6862"}],"curies":[{"name":"wp","href":"https:\/\/api.w.org\/{rel}","templated":true}]}}