{"id":6846,"date":"2025-05-16T09:42:00","date_gmt":"2025-05-16T14:42:00","guid":{"rendered":"https:\/\/sintradeua.org\/co\/?p=6846"},"modified":"2025-05-16T09:42:00","modified_gmt":"2025-05-16T14:42:00","slug":"sintradeua-se-une-al-dolor-de-nuestra-companera-bleidis-gamarra","status":"publish","type":"post","link":"https:\/\/sintradeua.org\/co\/sintradeua-se-une-al-dolor-de-nuestra-companera-bleidis-gamarra\/","title":{"rendered":"\u00abSINTRADEUA se une al dolor de nuestra compa\u00f1era Bleidis Gamarra\u00bb"},"content":{"rendered":"<p style=\"text-align: justify;\"><img data-recalc-dims=\"1\" loading=\"lazy\" decoding=\"async\" data-attachment-id=\"5688\" data-permalink=\"https:\/\/sintradeua.org\/co\/condolencias-5\/mensaje-de-condolencias\/\" data-orig-file=\"https:\/\/i0.wp.com\/sintradeua.org\/co\/wp-content\/uploads\/2023\/02\/mensaje-de-condolencias.jpg?fit=960%2C512&amp;ssl=1\" data-orig-size=\"960,512\" data-comments-opened=\"1\" data-image-meta=\"{&quot;aperture&quot;:&quot;0&quot;,&quot;credit&quot;:&quot;&quot;,&quot;camera&quot;:&quot;&quot;,&quot;caption&quot;:&quot;&quot;,&quot;created_timestamp&quot;:&quot;0&quot;,&quot;copyright&quot;:&quot;&quot;,&quot;focal_length&quot;:&quot;0&quot;,&quot;iso&quot;:&quot;0&quot;,&quot;shutter_speed&quot;:&quot;0&quot;,&quot;title&quot;:&quot;&quot;,&quot;orientation&quot;:&quot;0&quot;}\" data-image-title=\"mensaje-de-condolencias\" data-image-description=\"\" data-image-caption=\"\" data-large-file=\"https:\/\/i0.wp.com\/sintradeua.org\/co\/wp-content\/uploads\/2023\/02\/mensaje-de-condolencias.jpg?fit=640%2C342&amp;ssl=1\" class=\"alignnone size-medium wp-image-5688\" src=\"https:\/\/i0.wp.com\/sintradeua.org\/co\/wp-content\/uploads\/2023\/02\/mensaje-de-condolencias.jpg?resize=300%2C160&#038;ssl=1\" alt=\"\" width=\"300\" height=\"160\" srcset=\"https:\/\/i0.wp.com\/sintradeua.org\/co\/wp-content\/uploads\/2023\/02\/mensaje-de-condolencias.jpg?resize=300%2C160&amp;ssl=1 300w, https:\/\/i0.wp.com\/sintradeua.org\/co\/wp-content\/uploads\/2023\/02\/mensaje-de-condolencias.jpg?resize=800%2C427&amp;ssl=1 800w, https:\/\/i0.wp.com\/sintradeua.org\/co\/wp-content\/uploads\/2023\/02\/mensaje-de-condolencias.jpg?w=960&amp;ssl=1 960w\" sizes=\"auto, (max-width: 300px) 100vw, 300px\" \/><\/p>\n<p style=\"text-align: justify;\">Desde el Sindicato de Trabajadores de la Universidad del Atl\u00e1ntico \u2013 <strong>SINTRADEUA<\/strong>, expresamos nuestro m\u00e1s profundo sentimiento de pesar por el fallecimiento del se\u00f1or <strong>Eutimio Manuel Gamarra<\/strong> <strong>Benavides<\/strong>, padre de nuestra compa\u00f1era y afiliada Bleidis Gamarra.<\/p>\n<p style=\"text-align: justify;\">Acompa\u00f1amos a Bleidis, a su madre <strong>Mar\u00eda del Carmen Mazo,<\/strong> a sus hermanas Ana Patricia, Marlys y Yesica Gamarra, as\u00ed como a sus nietos, hermanos y dem\u00e1s familiares en este momento de dolor. Que la serenidad del recuerdo y el cari\u00f1o de quienes los rodean les den consuelo en esta despedida.<\/p>\n<p style=\"text-align: justify;\">Sabemos que no hay palabras suficientes ante la p\u00e9rdida de un ser amado, pero como organizaci\u00f3n sindical queremos que se sientan acompa\u00f1ados. <strong>El duelo compartido se vuelve m\u00e1s llevadero<\/strong>, y en esta ocasi\u00f3n nos unimos como familia sindical para abrazar a nuestra compa\u00f1era.<\/p>\n<p style=\"text-align: justify;\"><img data-recalc-dims=\"1\" loading=\"lazy\" decoding=\"async\" data-attachment-id=\"6847\" data-permalink=\"https:\/\/sintradeua.org\/co\/sintradeua-se-une-al-dolor-de-nuestra-companera-bleidis-gamarra\/img-20250516-wa0012\/\" data-orig-file=\"https:\/\/i0.wp.com\/sintradeua.org\/co\/wp-content\/uploads\/2025\/05\/IMG-20250516-WA0012.jpg?fit=627%2C461&amp;ssl=1\" data-orig-size=\"627,461\" data-comments-opened=\"1\" data-image-meta=\"{&quot;aperture&quot;:&quot;0&quot;,&quot;credit&quot;:&quot;&quot;,&quot;camera&quot;:&quot;&quot;,&quot;caption&quot;:&quot;&quot;,&quot;created_timestamp&quot;:&quot;0&quot;,&quot;copyright&quot;:&quot;&quot;,&quot;focal_length&quot;:&quot;0&quot;,&quot;iso&quot;:&quot;0&quot;,&quot;shutter_speed&quot;:&quot;0&quot;,&quot;title&quot;:&quot;&quot;,&quot;orientation&quot;:&quot;0&quot;}\" data-image-title=\"IMG-20250516-WA0012\" data-image-description=\"\" data-image-caption=\"\" data-large-file=\"https:\/\/i0.wp.com\/sintradeua.org\/co\/wp-content\/uploads\/2025\/05\/IMG-20250516-WA0012.jpg?fit=627%2C461&amp;ssl=1\" class=\"alignnone size-medium wp-image-6847\" src=\"https:\/\/i0.wp.com\/sintradeua.org\/co\/wp-content\/uploads\/2025\/05\/IMG-20250516-WA0012.jpg?resize=300%2C221&#038;ssl=1\" alt=\"\" width=\"300\" height=\"221\" srcset=\"https:\/\/i0.wp.com\/sintradeua.org\/co\/wp-content\/uploads\/2025\/05\/IMG-20250516-WA0012.jpg?resize=300%2C221&amp;ssl=1 300w, https:\/\/i0.wp.com\/sintradeua.org\/co\/wp-content\/uploads\/2025\/05\/IMG-20250516-WA0012.jpg?w=627&amp;ssl=1 627w\" sizes=\"auto, (max-width: 300px) 100vw, 300px\" \/><\/p>\n<p style=\"text-align: justify;\"><strong>Las exequias se llevar\u00e1n a cabo en Jardines de la Eternidad del Sur:<\/strong><\/p>\n<p style=\"text-align: justify;\">Velaci\u00f3n: Sala #3, desde las 9:00 a.m. del 16 de mayo de 2025.<\/p>\n<p style=\"text-align: justify;\">Ceremonia: 17 de mayo de 2025, a las 9:45 a.m.<\/p>\n<p style=\"text-align: justify;\">Destino final: Inhumaci\u00f3n en Jardines de la Eternidad.<\/p>\n<p style=\"text-align: justify;\">Paz en su tumba, fortaleza para su familia.<\/p>\n<p style=\"text-align: justify;\"><strong>SINTRADEUA<\/strong> est\u00e1 con ustedes.<\/p>\n","protected":false},"excerpt":{"rendered":"<p>Desde el Sindicato de Trabajadores de la Universidad del Atl\u00e1ntico \u2013 SINTRADEUA, expresamos nuestro m\u00e1s profundo sentimiento de pesar por el fallecimiento del se\u00f1or Eutimio Manuel Gamarra Benavides, padre de nuestra compa\u00f1era y afiliada Bleidis Gamarra. Acompa\u00f1amos a Bleidis, a su madre Mar\u00eda del Carmen Mazo, a sus hermanas Ana Patricia, Marlys y Yesica Gamarra,&#8230;<\/p>\n","protected":false},"author":2,"featured_media":5688,"comment_status":"open","ping_status":"open","sticky":false,"template":"","format":"standard","meta":{"advanced_seo_description":"","jetpack_seo_html_title":"","jetpack_seo_noindex":false,"jetpack_post_was_ever_published":false,"_jetpack_newsletter_access":"","_jetpack_dont_email_post_to_subs":false,"_jetpack_newsletter_tier_id":0,"_jetpack_memberships_contains_paywalled_content":false,"_jetpack_memberships_contains_paid_content":false,"footnotes":"","jetpack_publicize_message":"","jetpack_publicize_feature_enabled":true,"jetpack_social_post_already_shared":true,"jetpack_social_options":{"image_generator_settings":{"template":"highway","default_image_id":0,"font":"","enabled":false},"version":2}},"categories":[2],"tags":[],"class_list":["post-6846","post","type-post","status-publish","format-standard","has-post-thumbnail","hentry","category-noticias"],"jetpack_publicize_connections":[],"jetpack_featured_media_url":"https:\/\/i0.wp.com\/sintradeua.org\/co\/wp-content\/uploads\/2023\/02\/mensaje-de-condolencias.jpg?fit=960%2C512&ssl=1","jetpack_sharing_enabled":true,"jetpack_shortlink":"https:\/\/wp.me\/paSj5R-1Mq","_links":{"self":[{"href":"https:\/\/sintradeua.org\/co\/wp-json\/wp\/v2\/posts\/6846","targetHints":{"allow":["GET"]}}],"collection":[{"href":"https:\/\/sintradeua.org\/co\/wp-json\/wp\/v2\/posts"}],"about":[{"href":"https:\/\/sintradeua.org\/co\/wp-json\/wp\/v2\/types\/post"}],"author":[{"embeddable":true,"href":"https:\/\/sintradeua.org\/co\/wp-json\/wp\/v2\/users\/2"}],"replies":[{"embeddable":true,"href":"https:\/\/sintradeua.org\/co\/wp-json\/wp\/v2\/comments?post=6846"}],"version-history":[{"count":1,"href":"https:\/\/sintradeua.org\/co\/wp-json\/wp\/v2\/posts\/6846\/revisions"}],"predecessor-version":[{"id":6848,"href":"https:\/\/sintradeua.org\/co\/wp-json\/wp\/v2\/posts\/6846\/revisions\/6848"}],"wp:featuredmedia":[{"embeddable":true,"href":"https:\/\/sintradeua.org\/co\/wp-json\/wp\/v2\/media\/5688"}],"wp:attachment":[{"href":"https:\/\/sintradeua.org\/co\/wp-json\/wp\/v2\/media?parent=6846"}],"wp:term":[{"taxonomy":"category","embeddable":true,"href":"https:\/\/sintradeua.org\/co\/wp-json\/wp\/v2\/categories?post=6846"},{"taxonomy":"post_tag","embeddable":true,"href":"https:\/\/sintradeua.org\/co\/wp-json\/wp\/v2\/tags?post=6846"}],"curies":[{"name":"wp","href":"https:\/\/api.w.org\/{rel}","templated":true}]}}