{"id":6840,"date":"2025-05-16T09:29:43","date_gmt":"2025-05-16T14:29:43","guid":{"rendered":"https:\/\/sintradeua.org\/co\/?p=6840"},"modified":"2025-05-16T09:29:43","modified_gmt":"2025-05-16T14:29:43","slug":"el-temor-no-puede-ser-rutina-sintradeua-se-une-al-clamor-por-seguridad","status":"publish","type":"post","link":"https:\/\/sintradeua.org\/co\/el-temor-no-puede-ser-rutina-sintradeua-se-une-al-clamor-por-seguridad\/","title":{"rendered":"El temor no puede ser rutina: SINTRADEUA se une al clamor por seguridad"},"content":{"rendered":"<p style=\"text-align: justify;\"><img data-recalc-dims=\"1\" loading=\"lazy\" decoding=\"async\" data-attachment-id=\"6841\" data-permalink=\"https:\/\/sintradeua.org\/co\/el-temor-no-puede-ser-rutina-sintradeua-se-une-al-clamor-por-seguridad\/img-20250516-wa0007\/\" data-orig-file=\"https:\/\/i0.wp.com\/sintradeua.org\/co\/wp-content\/uploads\/2025\/05\/IMG-20250516-WA0007.jpg?fit=1080%2C1308&amp;ssl=1\" data-orig-size=\"1080,1308\" data-comments-opened=\"1\" data-image-meta=\"{&quot;aperture&quot;:&quot;0&quot;,&quot;credit&quot;:&quot;&quot;,&quot;camera&quot;:&quot;&quot;,&quot;caption&quot;:&quot;&quot;,&quot;created_timestamp&quot;:&quot;0&quot;,&quot;copyright&quot;:&quot;&quot;,&quot;focal_length&quot;:&quot;0&quot;,&quot;iso&quot;:&quot;0&quot;,&quot;shutter_speed&quot;:&quot;0&quot;,&quot;title&quot;:&quot;&quot;,&quot;orientation&quot;:&quot;0&quot;}\" data-image-title=\"IMG-20250516-WA0007\" data-image-description=\"\" data-image-caption=\"\" data-large-file=\"https:\/\/i0.wp.com\/sintradeua.org\/co\/wp-content\/uploads\/2025\/05\/IMG-20250516-WA0007.jpg?fit=640%2C775&amp;ssl=1\" class=\"alignnone size-medium wp-image-6841\" src=\"https:\/\/i0.wp.com\/sintradeua.org\/co\/wp-content\/uploads\/2025\/05\/IMG-20250516-WA0007.jpg?resize=248%2C300&#038;ssl=1\" alt=\"\" width=\"248\" height=\"300\" srcset=\"https:\/\/i0.wp.com\/sintradeua.org\/co\/wp-content\/uploads\/2025\/05\/IMG-20250516-WA0007.jpg?resize=248%2C300&amp;ssl=1 248w, https:\/\/i0.wp.com\/sintradeua.org\/co\/wp-content\/uploads\/2025\/05\/IMG-20250516-WA0007.jpg?resize=661%2C800&amp;ssl=1 661w, https:\/\/i0.wp.com\/sintradeua.org\/co\/wp-content\/uploads\/2025\/05\/IMG-20250516-WA0007.jpg?w=1080&amp;ssl=1 1080w\" sizes=\"auto, (max-width: 248px) 100vw, 248px\" \/><\/p>\n<p style=\"text-align: justify;\">Desde <strong>SINTRADEUA<\/strong> respaldamos las declaraciones del rector Danilo Hern\u00e1ndez sobre la grave situaci\u00f3n de inseguridad que vive la comunidad universitaria en sus alrededores. Valoramos que se haya hecho p\u00fablica una denuncia que durante a\u00f1os se ha sentido en la piel de estudiantes, profesores, trabajadores y vecinos: <strong>robo constante, amenazas, intimidaci\u00f3n y una creciente sensaci\u00f3n de abandono.<\/strong><\/p>\n<p style=\"text-align: justify;\"><img data-recalc-dims=\"1\" loading=\"lazy\" decoding=\"async\" data-attachment-id=\"6842\" data-permalink=\"https:\/\/sintradeua.org\/co\/el-temor-no-puede-ser-rutina-sintradeua-se-une-al-clamor-por-seguridad\/img-20250516-wa0006\/\" data-orig-file=\"https:\/\/i0.wp.com\/sintradeua.org\/co\/wp-content\/uploads\/2025\/05\/IMG-20250516-WA0006.jpg?fit=1080%2C1367&amp;ssl=1\" data-orig-size=\"1080,1367\" data-comments-opened=\"1\" data-image-meta=\"{&quot;aperture&quot;:&quot;0&quot;,&quot;credit&quot;:&quot;&quot;,&quot;camera&quot;:&quot;&quot;,&quot;caption&quot;:&quot;&quot;,&quot;created_timestamp&quot;:&quot;0&quot;,&quot;copyright&quot;:&quot;&quot;,&quot;focal_length&quot;:&quot;0&quot;,&quot;iso&quot;:&quot;0&quot;,&quot;shutter_speed&quot;:&quot;0&quot;,&quot;title&quot;:&quot;&quot;,&quot;orientation&quot;:&quot;0&quot;}\" data-image-title=\"IMG-20250516-WA0006\" data-image-description=\"\" data-image-caption=\"\" data-large-file=\"https:\/\/i0.wp.com\/sintradeua.org\/co\/wp-content\/uploads\/2025\/05\/IMG-20250516-WA0006.jpg?fit=632%2C800&amp;ssl=1\" class=\"alignnone size-medium wp-image-6842\" src=\"https:\/\/i0.wp.com\/sintradeua.org\/co\/wp-content\/uploads\/2025\/05\/IMG-20250516-WA0006.jpg?resize=237%2C300&#038;ssl=1\" alt=\"\" width=\"237\" height=\"300\" srcset=\"https:\/\/i0.wp.com\/sintradeua.org\/co\/wp-content\/uploads\/2025\/05\/IMG-20250516-WA0006.jpg?resize=237%2C300&amp;ssl=1 237w, https:\/\/i0.wp.com\/sintradeua.org\/co\/wp-content\/uploads\/2025\/05\/IMG-20250516-WA0006.jpg?resize=632%2C800&amp;ssl=1 632w, https:\/\/i0.wp.com\/sintradeua.org\/co\/wp-content\/uploads\/2025\/05\/IMG-20250516-WA0006.jpg?w=1080&amp;ssl=1 1080w\" sizes=\"auto, (max-width: 237px) 100vw, 237px\" \/><\/p>\n<p style=\"text-align: justify;\"><strong>Reconocemos, adem\u00e1s, los esfuerzos que desde el Departamento de Infraestructura F\u00edsica y Servicios Generales se han hecho para mejorar la iluminaci\u00f3n, instalar c\u00e1maras y adecuar espacios. Sabemos que hay voluntad.<\/strong> Pero tambi\u00e9n sabemos que la magnitud del problema <strong>supera la capacidad institucional de la universidad. <\/strong>Y en ese punto queremos ser enf\u00e1ticos:<\/p>\n<p style=\"text-align: justify;\"><strong>La seguridad ciudadana es responsabilidad del Estado<\/strong>. No es aceptable que el rector y la instituci\u00f3n carguen solos con una problem\u00e1tica que exige presencia del Gobierno Nacional, la Gobernaci\u00f3n del Atl\u00e1ntico, la Alcald\u00eda de Barranquilla, la Polic\u00eda Nacional y los entes de control.<\/p>\n<p style=\"text-align: justify;\"><img data-recalc-dims=\"1\" loading=\"lazy\" decoding=\"async\" data-attachment-id=\"6843\" data-permalink=\"https:\/\/sintradeua.org\/co\/el-temor-no-puede-ser-rutina-sintradeua-se-une-al-clamor-por-seguridad\/33f64df3a5b445429d2a61800a8868cb\/\" data-orig-file=\"https:\/\/i0.wp.com\/sintradeua.org\/co\/wp-content\/uploads\/2025\/05\/33f64df3a5b445429d2a61800a8868cb.jpg?fit=719%2C1071&amp;ssl=1\" data-orig-size=\"719,1071\" data-comments-opened=\"1\" data-image-meta=\"{&quot;aperture&quot;:&quot;0&quot;,&quot;credit&quot;:&quot;&quot;,&quot;camera&quot;:&quot;&quot;,&quot;caption&quot;:&quot;&quot;,&quot;created_timestamp&quot;:&quot;0&quot;,&quot;copyright&quot;:&quot;&quot;,&quot;focal_length&quot;:&quot;0&quot;,&quot;iso&quot;:&quot;0&quot;,&quot;shutter_speed&quot;:&quot;0&quot;,&quot;title&quot;:&quot;&quot;,&quot;orientation&quot;:&quot;0&quot;}\" data-image-title=\"33f64df3a5b445429d2a61800a8868cb\" data-image-description=\"\" data-image-caption=\"\" data-large-file=\"https:\/\/i0.wp.com\/sintradeua.org\/co\/wp-content\/uploads\/2025\/05\/33f64df3a5b445429d2a61800a8868cb.jpg?fit=537%2C800&amp;ssl=1\" class=\"alignnone size-medium wp-image-6843\" src=\"https:\/\/i0.wp.com\/sintradeua.org\/co\/wp-content\/uploads\/2025\/05\/33f64df3a5b445429d2a61800a8868cb.jpg?resize=201%2C300&#038;ssl=1\" alt=\"\" width=\"201\" height=\"300\" srcset=\"https:\/\/i0.wp.com\/sintradeua.org\/co\/wp-content\/uploads\/2025\/05\/33f64df3a5b445429d2a61800a8868cb.jpg?resize=201%2C300&amp;ssl=1 201w, https:\/\/i0.wp.com\/sintradeua.org\/co\/wp-content\/uploads\/2025\/05\/33f64df3a5b445429d2a61800a8868cb.jpg?resize=537%2C800&amp;ssl=1 537w, https:\/\/i0.wp.com\/sintradeua.org\/co\/wp-content\/uploads\/2025\/05\/33f64df3a5b445429d2a61800a8868cb.jpg?w=719&amp;ssl=1 719w\" sizes=\"auto, (max-width: 201px) 100vw, 201px\" \/><\/p>\n<p style=\"text-align: justify;\">Por eso, como sindicato con voz y compromiso, planteamos:<\/p>\n<p style=\"text-align: justify;\">1. <strong>Acompa\u00f1amos al rector en su denuncia, pero exigimos que no lo dejen solo.<\/strong> El Presidente de la Rep\u00fablica, el Ministro del Interior, el Gobernador y la Alcald\u00eda deben actuar.<\/p>\n<p style=\"text-align: justify;\">2. <strong>Proponemos la creaci\u00f3n inmediata de una Mesa Interinstitucional por la Seguridad Universitaria<\/strong>, con participaci\u00f3n de todos los actores: comunidad, autoridades, entes de control y Gobierno Nacional.<\/p>\n<p style=\"text-align: justify;\">3. <strong>Solicitamos acciones urgentes en los horarios nocturnos<\/strong>, rutas seguras, patrullaje conjunto y mecanismos eficaces de respuesta ante emergencias.<\/p>\n<p style=\"text-align: justify;\">4. <strong>Pedimos que se eval\u00fae p\u00fablicamente el impacto de las medidas adoptadas hasta ahora<\/strong>, para saber qu\u00e9 ha funcionado y d\u00f3nde seguimos fallando.<\/p>\n<p style=\"text-align: justify;\">La educaci\u00f3n no puede florecer bajo el miedo. No se puede investigar ni trabajar si salir de la universidad es un riesgo. Desde <strong>SINTRADEUA<\/strong> decimos: <strong>la seguridad de nuestra comunidad no es una petici\u00f3n, es un derecho.<\/strong><\/p>\n<p style=\"text-align: justify;\">Apoyamos al rector. Pero, sobre todo, <strong>defendemos a nuestra comunidad y exigimos respuestas reales de quienes tienen la obligaci\u00f3n constitucional de garantizarlas.<\/strong><\/p>\n","protected":false},"excerpt":{"rendered":"<p>Desde SINTRADEUA respaldamos las declaraciones del rector Danilo Hern\u00e1ndez sobre la grave situaci\u00f3n de inseguridad que vive la comunidad universitaria en sus alrededores. Valoramos que se haya hecho p\u00fablica una denuncia que durante a\u00f1os se ha sentido en la piel de estudiantes, profesores, trabajadores y vecinos: robo constante, amenazas, intimidaci\u00f3n y una creciente sensaci\u00f3n de&#8230;<\/p>\n","protected":false},"author":2,"featured_media":6843,"comment_status":"open","ping_status":"open","sticky":false,"template":"","format":"standard","meta":{"advanced_seo_description":"","jetpack_seo_html_title":"","jetpack_seo_noindex":false,"jetpack_post_was_ever_published":false,"_jetpack_newsletter_access":"","_jetpack_dont_email_post_to_subs":false,"_jetpack_newsletter_tier_id":0,"_jetpack_memberships_contains_paywalled_content":false,"_jetpack_memberships_contains_paid_content":false,"footnotes":"","jetpack_publicize_message":"","jetpack_publicize_feature_enabled":true,"jetpack_social_post_already_shared":true,"jetpack_social_options":{"image_generator_settings":{"template":"highway","default_image_id":0,"font":"","enabled":false},"version":2}},"categories":[2],"tags":[],"class_list":["post-6840","post","type-post","status-publish","format-standard","has-post-thumbnail","hentry","category-noticias"],"jetpack_publicize_connections":[],"jetpack_featured_media_url":"https:\/\/i0.wp.com\/sintradeua.org\/co\/wp-content\/uploads\/2025\/05\/33f64df3a5b445429d2a61800a8868cb.jpg?fit=719%2C1071&ssl=1","jetpack_sharing_enabled":true,"jetpack_shortlink":"https:\/\/wp.me\/paSj5R-1Mk","_links":{"self":[{"href":"https:\/\/sintradeua.org\/co\/wp-json\/wp\/v2\/posts\/6840","targetHints":{"allow":["GET"]}}],"collection":[{"href":"https:\/\/sintradeua.org\/co\/wp-json\/wp\/v2\/posts"}],"about":[{"href":"https:\/\/sintradeua.org\/co\/wp-json\/wp\/v2\/types\/post"}],"author":[{"embeddable":true,"href":"https:\/\/sintradeua.org\/co\/wp-json\/wp\/v2\/users\/2"}],"replies":[{"embeddable":true,"href":"https:\/\/sintradeua.org\/co\/wp-json\/wp\/v2\/comments?post=6840"}],"version-history":[{"count":2,"href":"https:\/\/sintradeua.org\/co\/wp-json\/wp\/v2\/posts\/6840\/revisions"}],"predecessor-version":[{"id":6845,"href":"https:\/\/sintradeua.org\/co\/wp-json\/wp\/v2\/posts\/6840\/revisions\/6845"}],"wp:featuredmedia":[{"embeddable":true,"href":"https:\/\/sintradeua.org\/co\/wp-json\/wp\/v2\/media\/6843"}],"wp:attachment":[{"href":"https:\/\/sintradeua.org\/co\/wp-json\/wp\/v2\/media?parent=6840"}],"wp:term":[{"taxonomy":"category","embeddable":true,"href":"https:\/\/sintradeua.org\/co\/wp-json\/wp\/v2\/categories?post=6840"},{"taxonomy":"post_tag","embeddable":true,"href":"https:\/\/sintradeua.org\/co\/wp-json\/wp\/v2\/tags?post=6840"}],"curies":[{"name":"wp","href":"https:\/\/api.w.org\/{rel}","templated":true}]}}