{"id":6834,"date":"2025-05-13T20:53:55","date_gmt":"2025-05-14T01:53:55","guid":{"rendered":"https:\/\/sintradeua.org\/co\/?p=6834"},"modified":"2025-05-14T07:27:51","modified_gmt":"2025-05-14T12:27:51","slug":"triunfa-la-autonomia-universitaria-en-la-universidad-del-atlantico","status":"publish","type":"post","link":"https:\/\/sintradeua.org\/co\/triunfa-la-autonomia-universitaria-en-la-universidad-del-atlantico\/","title":{"rendered":"Triunfa la Autonom\u00eda Universitaria en la Universidad del Atl\u00e1ntico"},"content":{"rendered":"<p style=\"text-align: justify;\"><img data-recalc-dims=\"1\" loading=\"lazy\" decoding=\"async\" data-attachment-id=\"6656\" data-permalink=\"https:\/\/sintradeua.org\/co\/defendamos-la-gobernabilidad-y-la-autonomia-de-la-universidad-del-atlantico\/imagen-uniatlantico-qu0jhzts0bqpktof53nyzao52reeksn5o1lywbc09u\/\" data-orig-file=\"https:\/\/i0.wp.com\/sintradeua.org\/co\/wp-content\/uploads\/2025\/03\/Imagen-uniatlantico-qu0jhzts0bqpktof53nyzao52reeksn5o1lywbc09u.jpg?fit=600%2C445&amp;ssl=1\" data-orig-size=\"600,445\" data-comments-opened=\"1\" data-image-meta=\"{&quot;aperture&quot;:&quot;0&quot;,&quot;credit&quot;:&quot;&quot;,&quot;camera&quot;:&quot;&quot;,&quot;caption&quot;:&quot;&quot;,&quot;created_timestamp&quot;:&quot;0&quot;,&quot;copyright&quot;:&quot;&quot;,&quot;focal_length&quot;:&quot;0&quot;,&quot;iso&quot;:&quot;0&quot;,&quot;shutter_speed&quot;:&quot;0&quot;,&quot;title&quot;:&quot;&quot;,&quot;orientation&quot;:&quot;0&quot;}\" data-image-title=\"Imagen-uniatlantico-qu0jhzts0bqpktof53nyzao52reeksn5o1lywbc09u\" data-image-description=\"\" data-image-caption=\"\" data-large-file=\"https:\/\/i0.wp.com\/sintradeua.org\/co\/wp-content\/uploads\/2025\/03\/Imagen-uniatlantico-qu0jhzts0bqpktof53nyzao52reeksn5o1lywbc09u.jpg?fit=600%2C445&amp;ssl=1\" class=\"alignnone size-medium wp-image-6656\" src=\"https:\/\/i0.wp.com\/sintradeua.org\/co\/wp-content\/uploads\/2025\/03\/Imagen-uniatlantico-qu0jhzts0bqpktof53nyzao52reeksn5o1lywbc09u.jpg?resize=300%2C223&#038;ssl=1\" alt=\"\" width=\"300\" height=\"223\" srcset=\"https:\/\/i0.wp.com\/sintradeua.org\/co\/wp-content\/uploads\/2025\/03\/Imagen-uniatlantico-qu0jhzts0bqpktof53nyzao52reeksn5o1lywbc09u.jpg?resize=300%2C223&amp;ssl=1 300w, https:\/\/i0.wp.com\/sintradeua.org\/co\/wp-content\/uploads\/2025\/03\/Imagen-uniatlantico-qu0jhzts0bqpktof53nyzao52reeksn5o1lywbc09u.jpg?w=600&amp;ssl=1 600w\" sizes=\"auto, (max-width: 300px) 100vw, 300px\" \/><\/p>\n<p><strong>Por JIBS<\/strong><\/p>\n<p style=\"text-align: justify;\">Despu\u00e9s de meses de tensiones, recusaciones y argucias pol\u00edticas propias del viejo estilo politiquero, hoy la Universidad del Atl\u00e1ntico ha dado un paso firme y digno en defensa de su autonom\u00eda. En sesi\u00f3n del Consejo Superior Universitario, fue aprobado en primer debate el ajuste al Estatuto General que permite la reelecci\u00f3n inmediata del actual rector, el doctor Danilo Hern\u00e1ndez Rodr\u00edguez, <strong>si el decide postularse nuevamente al cargo<\/strong>.<\/p>\n<p style=\"text-align: justify;\">La votaci\u00f3n \u20145 votos a favor, 2 abstenciones y 2 votos en contra\u2014 refleja no solo una decisi\u00f3n mayoritaria, sino una apuesta consciente por el liderazgo acad\u00e9mico, institucional y \u00e9tico de quien ha sabido conducir la universidad por caminos de transformaci\u00f3n y estabilidad. Votaron afirmativamente los representantes de estudiantes, profesores, gremios, directivas acad\u00e9micas y egresados. Se abstuvieron el gobernador del Atl\u00e1ntico y el delegado de los exrectores. Como era previsible, los representantes del Gobierno Nacional votaron en contra, revelando una vez m\u00e1s el inter\u00e9s centralista de intervenir en la vida universitaria desde c\u00e1lculos ajenos a la comunidad acad\u00e9mica.<\/p>\n<p style=\"text-align: justify;\">Pero esta vez no pudieron. Esta vez no les alcanz\u00f3 la maniobra. Porque esta vez hubo universidad, hubo dignidad y hubo autonom\u00eda. Y eso es lo que hoy celebramos.<\/p>\n<p style=\"text-align: justify;\"><img data-recalc-dims=\"1\" loading=\"lazy\" decoding=\"async\" data-attachment-id=\"6666\" data-permalink=\"https:\/\/sintradeua.org\/co\/la-razon-contra-la-violencia-sintradeua-firme-en-su-apoyo-a-la-reeleccion-del-rector-danilo-hernandez\/img-20250317-wa0084\/\" data-orig-file=\"https:\/\/i0.wp.com\/sintradeua.org\/co\/wp-content\/uploads\/2025\/03\/IMG-20250317-WA0084.jpg?fit=1600%2C1200&amp;ssl=1\" data-orig-size=\"1600,1200\" data-comments-opened=\"1\" data-image-meta=\"{&quot;aperture&quot;:&quot;0&quot;,&quot;credit&quot;:&quot;&quot;,&quot;camera&quot;:&quot;&quot;,&quot;caption&quot;:&quot;&quot;,&quot;created_timestamp&quot;:&quot;0&quot;,&quot;copyright&quot;:&quot;&quot;,&quot;focal_length&quot;:&quot;0&quot;,&quot;iso&quot;:&quot;0&quot;,&quot;shutter_speed&quot;:&quot;0&quot;,&quot;title&quot;:&quot;&quot;,&quot;orientation&quot;:&quot;0&quot;}\" data-image-title=\"IMG-20250317-WA0084\" data-image-description=\"\" data-image-caption=\"\" data-large-file=\"https:\/\/i0.wp.com\/sintradeua.org\/co\/wp-content\/uploads\/2025\/03\/IMG-20250317-WA0084.jpg?fit=640%2C480&amp;ssl=1\" class=\"alignnone size-medium wp-image-6666\" src=\"https:\/\/i0.wp.com\/sintradeua.org\/co\/wp-content\/uploads\/2025\/03\/IMG-20250317-WA0084.jpg?resize=300%2C225&#038;ssl=1\" alt=\"\" width=\"300\" height=\"225\" srcset=\"https:\/\/i0.wp.com\/sintradeua.org\/co\/wp-content\/uploads\/2025\/03\/IMG-20250317-WA0084.jpg?resize=300%2C225&amp;ssl=1 300w, https:\/\/i0.wp.com\/sintradeua.org\/co\/wp-content\/uploads\/2025\/03\/IMG-20250317-WA0084.jpg?resize=800%2C600&amp;ssl=1 800w, https:\/\/i0.wp.com\/sintradeua.org\/co\/wp-content\/uploads\/2025\/03\/IMG-20250317-WA0084.jpg?resize=1536%2C1152&amp;ssl=1 1536w, https:\/\/i0.wp.com\/sintradeua.org\/co\/wp-content\/uploads\/2025\/03\/IMG-20250317-WA0084.jpg?resize=320%2C240&amp;ssl=1 320w, https:\/\/i0.wp.com\/sintradeua.org\/co\/wp-content\/uploads\/2025\/03\/IMG-20250317-WA0084.jpg?w=1600&amp;ssl=1 1600w, https:\/\/i0.wp.com\/sintradeua.org\/co\/wp-content\/uploads\/2025\/03\/IMG-20250317-WA0084.jpg?w=1280&amp;ssl=1 1280w\" sizes=\"auto, (max-width: 300px) 100vw, 300px\" \/><\/p>\n<p style=\"text-align: justify;\">Desde <strong>SINTRADEUA<\/strong>, como organizaci\u00f3n sindical comprometida con la defensa de los intereses de los trabajadores y con el fortalecimiento institucional de nuestra alma mater, hemos respaldado con firmeza la continuidad del doctor Danilo Hern\u00e1ndez Rodr\u00edguez, no por capricho, sino por convicci\u00f3n: su gesti\u00f3n ha sido transparente, efectiva, cercana al sentir de la comunidad, y orientada a consolidar una universidad p\u00fablica, cr\u00edtica y al servicio de la regi\u00f3n.<\/p>\n<p style=\"text-align: justify;\">Cabe resaltar que este acto no constituye una reelecci\u00f3n autom\u00e1tica, sino la habilitaci\u00f3n legal para que, <strong>si el doctor Danilo Hern\u00e1ndez as\u00ed lo decide,<\/strong> pueda aspirar nuevamente al cargo y someter su nombre al juicio del Consejo Superior Universitario, como lo establece la normatividad vigente.<\/p>\n<p style=\"text-align: justify;\">La autonom\u00eda universitaria no es una consigna vac\u00eda, ni un adorno para discursos protocolarios. Es una garant\u00eda constitucional que hoy fue honrada y defendida por quienes creen en la universidad como un espacio libre, plural y capaz de autodeterminar su rumbo sin tutelajes externos.<\/p>\n<p style=\"text-align: justify;\"><strong>Hoy gan\u00f3 la Universidad del Atl\u00e1ntico. Ma\u00f1ana, con m\u00e1s fuerza, seguiremos luchando por su grandeza.<\/strong><\/p>\n","protected":false},"excerpt":{"rendered":"<p>Por JIBS Despu\u00e9s de meses de tensiones, recusaciones y argucias pol\u00edticas propias del viejo estilo politiquero, hoy la Universidad del Atl\u00e1ntico ha dado un paso firme y digno en defensa de su autonom\u00eda. En sesi\u00f3n del Consejo Superior Universitario, fue aprobado en primer debate el ajuste al Estatuto General que permite la reelecci\u00f3n inmediata del&#8230;<\/p>\n","protected":false},"author":2,"featured_media":6656,"comment_status":"open","ping_status":"open","sticky":false,"template":"","format":"standard","meta":{"advanced_seo_description":"","jetpack_seo_html_title":"","jetpack_seo_noindex":false,"jetpack_post_was_ever_published":false,"_jetpack_newsletter_access":"","_jetpack_dont_email_post_to_subs":false,"_jetpack_newsletter_tier_id":0,"_jetpack_memberships_contains_paywalled_content":false,"_jetpack_memberships_contains_paid_content":false,"footnotes":"","jetpack_publicize_message":"","jetpack_publicize_feature_enabled":true,"jetpack_social_post_already_shared":true,"jetpack_social_options":{"image_generator_settings":{"template":"highway","default_image_id":0,"font":"","enabled":false},"version":2}},"categories":[2],"tags":[],"class_list":["post-6834","post","type-post","status-publish","format-standard","has-post-thumbnail","hentry","category-noticias"],"jetpack_publicize_connections":[],"jetpack_featured_media_url":"https:\/\/i0.wp.com\/sintradeua.org\/co\/wp-content\/uploads\/2025\/03\/Imagen-uniatlantico-qu0jhzts0bqpktof53nyzao52reeksn5o1lywbc09u.jpg?fit=600%2C445&ssl=1","jetpack_sharing_enabled":true,"jetpack_shortlink":"https:\/\/wp.me\/paSj5R-1Me","_links":{"self":[{"href":"https:\/\/sintradeua.org\/co\/wp-json\/wp\/v2\/posts\/6834","targetHints":{"allow":["GET"]}}],"collection":[{"href":"https:\/\/sintradeua.org\/co\/wp-json\/wp\/v2\/posts"}],"about":[{"href":"https:\/\/sintradeua.org\/co\/wp-json\/wp\/v2\/types\/post"}],"author":[{"embeddable":true,"href":"https:\/\/sintradeua.org\/co\/wp-json\/wp\/v2\/users\/2"}],"replies":[{"embeddable":true,"href":"https:\/\/sintradeua.org\/co\/wp-json\/wp\/v2\/comments?post=6834"}],"version-history":[{"count":4,"href":"https:\/\/sintradeua.org\/co\/wp-json\/wp\/v2\/posts\/6834\/revisions"}],"predecessor-version":[{"id":6838,"href":"https:\/\/sintradeua.org\/co\/wp-json\/wp\/v2\/posts\/6834\/revisions\/6838"}],"wp:featuredmedia":[{"embeddable":true,"href":"https:\/\/sintradeua.org\/co\/wp-json\/wp\/v2\/media\/6656"}],"wp:attachment":[{"href":"https:\/\/sintradeua.org\/co\/wp-json\/wp\/v2\/media?parent=6834"}],"wp:term":[{"taxonomy":"category","embeddable":true,"href":"https:\/\/sintradeua.org\/co\/wp-json\/wp\/v2\/categories?post=6834"},{"taxonomy":"post_tag","embeddable":true,"href":"https:\/\/sintradeua.org\/co\/wp-json\/wp\/v2\/tags?post=6834"}],"curies":[{"name":"wp","href":"https:\/\/api.w.org\/{rel}","templated":true}]}}