{"id":6807,"date":"2025-04-30T20:04:58","date_gmt":"2025-05-01T01:04:58","guid":{"rendered":"https:\/\/sintradeua.org\/co\/?p=6807"},"modified":"2025-04-30T20:38:06","modified_gmt":"2025-05-01T01:38:06","slug":"aumento-salarial-a-empleados-publicos-victoria-sindical-o-mero-pano-de-agua-tibia","status":"publish","type":"post","link":"https:\/\/sintradeua.org\/co\/aumento-salarial-a-empleados-publicos-victoria-sindical-o-mero-pano-de-agua-tibia\/","title":{"rendered":"Aumento Salarial a Empleados P\u00fablicos: \u00bfVictoria Sindical o Mero Pa\u00f1o de Agua Tibia?"},"content":{"rendered":"<p><img data-recalc-dims=\"1\" loading=\"lazy\" decoding=\"async\" data-attachment-id=\"6808\" data-permalink=\"https:\/\/sintradeua.org\/co\/aumento-salarial-a-empleados-publicos-victoria-sindical-o-mero-pano-de-agua-tibia\/y3e3lc7glzoby4vi7d6lkp5r4i\/\" data-orig-file=\"https:\/\/i0.wp.com\/sintradeua.org\/co\/wp-content\/uploads\/2025\/04\/Y3E3LC7GLZOBY4VI7D6LKP5R4I.jpg?fit=992%2C661&amp;ssl=1\" data-orig-size=\"992,661\" data-comments-opened=\"1\" data-image-meta=\"{&quot;aperture&quot;:&quot;0&quot;,&quot;credit&quot;:&quot;&quot;,&quot;camera&quot;:&quot;&quot;,&quot;caption&quot;:&quot;&quot;,&quot;created_timestamp&quot;:&quot;0&quot;,&quot;copyright&quot;:&quot;&quot;,&quot;focal_length&quot;:&quot;0&quot;,&quot;iso&quot;:&quot;0&quot;,&quot;shutter_speed&quot;:&quot;0&quot;,&quot;title&quot;:&quot;&quot;,&quot;orientation&quot;:&quot;0&quot;}\" data-image-title=\"Y3E3LC7GLZOBY4VI7D6LKP5R4I\" data-image-description=\"\" data-image-caption=\"\" data-large-file=\"https:\/\/i0.wp.com\/sintradeua.org\/co\/wp-content\/uploads\/2025\/04\/Y3E3LC7GLZOBY4VI7D6LKP5R4I.jpg?fit=640%2C426&amp;ssl=1\" class=\"alignnone size-medium wp-image-6808\" src=\"https:\/\/i0.wp.com\/sintradeua.org\/co\/wp-content\/uploads\/2025\/04\/Y3E3LC7GLZOBY4VI7D6LKP5R4I.jpg?resize=300%2C200&#038;ssl=1\" alt=\"\" width=\"300\" height=\"200\" srcset=\"https:\/\/i0.wp.com\/sintradeua.org\/co\/wp-content\/uploads\/2025\/04\/Y3E3LC7GLZOBY4VI7D6LKP5R4I.jpg?resize=300%2C200&amp;ssl=1 300w, https:\/\/i0.wp.com\/sintradeua.org\/co\/wp-content\/uploads\/2025\/04\/Y3E3LC7GLZOBY4VI7D6LKP5R4I.jpg?resize=800%2C533&amp;ssl=1 800w, https:\/\/i0.wp.com\/sintradeua.org\/co\/wp-content\/uploads\/2025\/04\/Y3E3LC7GLZOBY4VI7D6LKP5R4I.jpg?resize=820%2C545&amp;ssl=1 820w, https:\/\/i0.wp.com\/sintradeua.org\/co\/wp-content\/uploads\/2025\/04\/Y3E3LC7GLZOBY4VI7D6LKP5R4I.jpg?resize=600%2C400&amp;ssl=1 600w, https:\/\/i0.wp.com\/sintradeua.org\/co\/wp-content\/uploads\/2025\/04\/Y3E3LC7GLZOBY4VI7D6LKP5R4I.jpg?w=992&amp;ssl=1 992w\" sizes=\"auto, (max-width: 300px) 100vw, 300px\" \/><\/p>\n<p style=\"text-align: justify;\"><strong>Por Jaime Iv\u00e1n Borrero Samper<\/strong><\/p>\n<p style=\"text-align: justify;\">El anuncio del aumento salarial para empleados p\u00fablicos en Colombia, fruto del acuerdo entre sindicatos y el Gobierno Nacional, llega con aplausos oficiales y alivio para muchos trabajadores. Sin embargo, la pregunta que deber\u00edamos hacernos no es si hubo un aumento, sino si este responde realmente a las condiciones socioecon\u00f3micas que enfrenta el pa\u00eds y a las necesidades hist\u00f3ricamente postergadas del sector p\u00fablico.<\/p>\n<p style=\"text-align: justify;\">El gobierno, representado por el ministro de Hacienda, Germ\u00e1n \u00c1vila, celebr\u00f3 la concertaci\u00f3n como un logro del di\u00e1logo social. Pero tras esa imagen de armon\u00eda institucional, persisten dudas leg\u00edtimas: \u00bffue este un aumento digno o simplemente una cifra maquillada para frenar la presi\u00f3n sindical? \u00bfCu\u00e1nto impacta realmente en el bolsillo de un docente, un funcionario judicial o un trabajador de planta, si lo contrastamos con la inflaci\u00f3n proyectada, el costo de vida y el rezago salarial acumulado?<\/p>\n<p style=\"text-align: justify;\">M\u00e1s a\u00fan, \u00bfpor qu\u00e9 seguimos negociando a\u00f1o tras a\u00f1o con una l\u00f3gica reactiva, cuando lo que urge es una reforma estructural al sistema salarial del sector p\u00fablico? No se trata solo de subir porcentajes, sino de redefinir la relaci\u00f3n entre el Estado y sus trabajadores, reconocer el valor estrat\u00e9gico del empleo p\u00fablico y superar el enfoque asistencialista que a menudo ti\u00f1e estas negociaciones.<\/p>\n<p style=\"text-align: justify;\">Este aumento, aunque representa un alivio temporal, no debe distraernos del debate de fondo: Colombia necesita una pol\u00edtica salarial p\u00fablica coherente, progresiva, y anclada a la dignificaci\u00f3n real del trabajo estatal. De lo contrario, seguiremos celebrando victorias simb\u00f3licas en un tablero que se niega a cambiar las reglas del juego.<\/p>\n","protected":false},"excerpt":{"rendered":"<p>Por Jaime Iv\u00e1n Borrero Samper El anuncio del aumento salarial para empleados p\u00fablicos en Colombia, fruto del acuerdo entre sindicatos y el Gobierno Nacional, llega con aplausos oficiales y alivio para muchos trabajadores. Sin embargo, la pregunta que deber\u00edamos hacernos no es si hubo un aumento, sino si este responde realmente a las condiciones socioecon\u00f3micas&#8230;<\/p>\n","protected":false},"author":2,"featured_media":6808,"comment_status":"open","ping_status":"open","sticky":false,"template":"","format":"standard","meta":{"advanced_seo_description":"","jetpack_seo_html_title":"","jetpack_seo_noindex":false,"jetpack_post_was_ever_published":false,"_jetpack_newsletter_access":"","_jetpack_dont_email_post_to_subs":false,"_jetpack_newsletter_tier_id":0,"_jetpack_memberships_contains_paywalled_content":false,"_jetpack_memberships_contains_paid_content":false,"footnotes":"","jetpack_publicize_message":"","jetpack_publicize_feature_enabled":true,"jetpack_social_post_already_shared":true,"jetpack_social_options":{"image_generator_settings":{"template":"highway","default_image_id":0,"font":"","enabled":false},"version":2}},"categories":[2],"tags":[],"class_list":["post-6807","post","type-post","status-publish","format-standard","has-post-thumbnail","hentry","category-noticias"],"jetpack_publicize_connections":[],"jetpack_featured_media_url":"https:\/\/i0.wp.com\/sintradeua.org\/co\/wp-content\/uploads\/2025\/04\/Y3E3LC7GLZOBY4VI7D6LKP5R4I.jpg?fit=992%2C661&ssl=1","jetpack_sharing_enabled":true,"jetpack_shortlink":"https:\/\/wp.me\/paSj5R-1LN","_links":{"self":[{"href":"https:\/\/sintradeua.org\/co\/wp-json\/wp\/v2\/posts\/6807","targetHints":{"allow":["GET"]}}],"collection":[{"href":"https:\/\/sintradeua.org\/co\/wp-json\/wp\/v2\/posts"}],"about":[{"href":"https:\/\/sintradeua.org\/co\/wp-json\/wp\/v2\/types\/post"}],"author":[{"embeddable":true,"href":"https:\/\/sintradeua.org\/co\/wp-json\/wp\/v2\/users\/2"}],"replies":[{"embeddable":true,"href":"https:\/\/sintradeua.org\/co\/wp-json\/wp\/v2\/comments?post=6807"}],"version-history":[{"count":2,"href":"https:\/\/sintradeua.org\/co\/wp-json\/wp\/v2\/posts\/6807\/revisions"}],"predecessor-version":[{"id":6810,"href":"https:\/\/sintradeua.org\/co\/wp-json\/wp\/v2\/posts\/6807\/revisions\/6810"}],"wp:featuredmedia":[{"embeddable":true,"href":"https:\/\/sintradeua.org\/co\/wp-json\/wp\/v2\/media\/6808"}],"wp:attachment":[{"href":"https:\/\/sintradeua.org\/co\/wp-json\/wp\/v2\/media?parent=6807"}],"wp:term":[{"taxonomy":"category","embeddable":true,"href":"https:\/\/sintradeua.org\/co\/wp-json\/wp\/v2\/categories?post=6807"},{"taxonomy":"post_tag","embeddable":true,"href":"https:\/\/sintradeua.org\/co\/wp-json\/wp\/v2\/tags?post=6807"}],"curies":[{"name":"wp","href":"https:\/\/api.w.org\/{rel}","templated":true}]}}