{"id":6800,"date":"2025-04-29T11:32:45","date_gmt":"2025-04-29T16:32:45","guid":{"rendered":"https:\/\/sintradeua.org\/co\/?p=6800"},"modified":"2025-04-29T11:32:45","modified_gmt":"2025-04-29T16:32:45","slug":"dos-campeones-dos-amigos-dos-leyendas-feliz-cumpleanos-juan-jose-alvarez-pretel-y-jose-manga-charris","status":"publish","type":"post","link":"https:\/\/sintradeua.org\/co\/dos-campeones-dos-amigos-dos-leyendas-feliz-cumpleanos-juan-jose-alvarez-pretel-y-jose-manga-charris\/","title":{"rendered":"Dos campeones, dos amigos, dos leyendas: \u00a1Feliz cumplea\u00f1os Juan Jos\u00e9 \u00c1lvarez Pretel y Jos\u00e9 Manga Charris!"},"content":{"rendered":"<p style=\"text-align: justify;\">Hoy no es un d\u00eda cualquiera. Hoy celebramos la vida de dos hombres que con su car\u00e1cter, talento y entrega se han ganado el respeto y el cari\u00f1o de quienes tenemos el privilegio de conocerlos.<\/p>\n<p><img data-recalc-dims=\"1\" loading=\"lazy\" decoding=\"async\" data-attachment-id=\"6805\" data-permalink=\"https:\/\/sintradeua.org\/co\/dos-campeones-dos-amigos-dos-leyendas-feliz-cumpleanos-juan-jose-alvarez-pretel-y-jose-manga-charris\/fb_img_1682651960539\/\" data-orig-file=\"https:\/\/i0.wp.com\/sintradeua.org\/co\/wp-content\/uploads\/2025\/04\/FB_IMG_1682651960539.jpg?fit=1080%2C1080&amp;ssl=1\" data-orig-size=\"1080,1080\" data-comments-opened=\"1\" data-image-meta=\"{&quot;aperture&quot;:&quot;0&quot;,&quot;credit&quot;:&quot;&quot;,&quot;camera&quot;:&quot;&quot;,&quot;caption&quot;:&quot;&quot;,&quot;created_timestamp&quot;:&quot;0&quot;,&quot;copyright&quot;:&quot;&quot;,&quot;focal_length&quot;:&quot;0&quot;,&quot;iso&quot;:&quot;0&quot;,&quot;shutter_speed&quot;:&quot;0&quot;,&quot;title&quot;:&quot;&quot;,&quot;orientation&quot;:&quot;0&quot;}\" data-image-title=\"FB_IMG_1682651960539\" data-image-description=\"\" data-image-caption=\"\" data-large-file=\"https:\/\/i0.wp.com\/sintradeua.org\/co\/wp-content\/uploads\/2025\/04\/FB_IMG_1682651960539.jpg?fit=640%2C640&amp;ssl=1\" class=\"alignnone size-medium wp-image-6805\" src=\"https:\/\/i0.wp.com\/sintradeua.org\/co\/wp-content\/uploads\/2025\/04\/FB_IMG_1682651960539.jpg?resize=300%2C300&#038;ssl=1\" alt=\"\" width=\"300\" height=\"300\" srcset=\"https:\/\/i0.wp.com\/sintradeua.org\/co\/wp-content\/uploads\/2025\/04\/FB_IMG_1682651960539.jpg?resize=300%2C300&amp;ssl=1 300w, https:\/\/i0.wp.com\/sintradeua.org\/co\/wp-content\/uploads\/2025\/04\/FB_IMG_1682651960539.jpg?resize=800%2C800&amp;ssl=1 800w, https:\/\/i0.wp.com\/sintradeua.org\/co\/wp-content\/uploads\/2025\/04\/FB_IMG_1682651960539.jpg?resize=150%2C150&amp;ssl=1 150w, https:\/\/i0.wp.com\/sintradeua.org\/co\/wp-content\/uploads\/2025\/04\/FB_IMG_1682651960539.jpg?resize=65%2C65&amp;ssl=1 65w, https:\/\/i0.wp.com\/sintradeua.org\/co\/wp-content\/uploads\/2025\/04\/FB_IMG_1682651960539.jpg?w=1080&amp;ssl=1 1080w\" sizes=\"auto, (max-width: 300px) 100vw, 300px\" \/><\/p>\n<p style=\"text-align: justify;\"><strong>Juan Jos\u00e9 \u00c1lvarez Pretel,<\/strong> el guerrero de la palabra directa, el amigo leal que no teme decir las cosas como son. Su firmeza, su disciplina y su compromiso con el trabajo lo han convertido en una figura que impone respeto. No pretende caerle bien a todo el mundo, porque prefiere la autenticidad antes que la apariencia. Hoy, adem\u00e1s, lo saludamos como campe\u00f3n nacional de domin\u00f3 en los Juegos Deportivos de Fenasintrap, una competencia que re\u00fane a los mejores de todo el pa\u00eds. \u00a1Qu\u00e9 orgullo tenerlo en nuestras filas!<\/p>\n<p><img data-recalc-dims=\"1\" loading=\"lazy\" decoding=\"async\" data-attachment-id=\"6802\" data-permalink=\"https:\/\/sintradeua.org\/co\/dos-campeones-dos-amigos-dos-leyendas-feliz-cumpleanos-juan-jose-alvarez-pretel-y-jose-manga-charris\/dav-2\/\" data-orig-file=\"https:\/\/i0.wp.com\/sintradeua.org\/co\/wp-content\/uploads\/2025\/04\/IMG_20191003_114616-scaled.jpg?fit=2560%2C1280&amp;ssl=1\" data-orig-size=\"2560,1280\" data-comments-opened=\"1\" data-image-meta=\"{&quot;aperture&quot;:&quot;2.2&quot;,&quot;credit&quot;:&quot;&quot;,&quot;camera&quot;:&quot;FLA-LX3&quot;,&quot;caption&quot;:&quot;dav&quot;,&quot;created_timestamp&quot;:&quot;1570103177&quot;,&quot;copyright&quot;:&quot;&quot;,&quot;focal_length&quot;:&quot;3.46&quot;,&quot;iso&quot;:&quot;125&quot;,&quot;shutter_speed&quot;:&quot;0.033333&quot;,&quot;title&quot;:&quot;dav&quot;,&quot;orientation&quot;:&quot;0&quot;}\" data-image-title=\"dav\" data-image-description=\"\" data-image-caption=\"&lt;p&gt;dav&lt;\/p&gt;\n\" data-large-file=\"https:\/\/i0.wp.com\/sintradeua.org\/co\/wp-content\/uploads\/2025\/04\/IMG_20191003_114616-scaled.jpg?fit=640%2C320&amp;ssl=1\" class=\"size-medium wp-image-6802\" src=\"https:\/\/i0.wp.com\/sintradeua.org\/co\/wp-content\/uploads\/2025\/04\/IMG_20191003_114616.jpg?resize=300%2C150&#038;ssl=1\" alt=\"\" width=\"300\" height=\"150\" srcset=\"https:\/\/i0.wp.com\/sintradeua.org\/co\/wp-content\/uploads\/2025\/04\/IMG_20191003_114616-scaled.jpg?resize=300%2C150&amp;ssl=1 300w, https:\/\/i0.wp.com\/sintradeua.org\/co\/wp-content\/uploads\/2025\/04\/IMG_20191003_114616-scaled.jpg?resize=800%2C400&amp;ssl=1 800w, https:\/\/i0.wp.com\/sintradeua.org\/co\/wp-content\/uploads\/2025\/04\/IMG_20191003_114616-scaled.jpg?resize=1536%2C768&amp;ssl=1 1536w, https:\/\/i0.wp.com\/sintradeua.org\/co\/wp-content\/uploads\/2025\/04\/IMG_20191003_114616-scaled.jpg?resize=2048%2C1024&amp;ssl=1 2048w, https:\/\/i0.wp.com\/sintradeua.org\/co\/wp-content\/uploads\/2025\/04\/IMG_20191003_114616-scaled.jpg?w=1280&amp;ssl=1 1280w, https:\/\/i0.wp.com\/sintradeua.org\/co\/wp-content\/uploads\/2025\/04\/IMG_20191003_114616-scaled.jpg?w=1920&amp;ssl=1 1920w\" sizes=\"auto, (max-width: 300px) 100vw, 300px\" \/><\/p>\n<p style=\"text-align: justify;\">Ambos son ejemplo de lo que significa ser un trabajador con valores, con pasi\u00f3n y con visi\u00f3n. Hoy, en su cumplea\u00f1os, m\u00e1s que desearles felicidades, queremos agradecerles por lo que son y por lo que han aportado a nuestras vidas y al movimiento.<\/p>\n<p style=\"text-align: justify;\">\u00a1<strong>Larga vida a los campeones! \u00a1Salud, admiraci\u00f3n y gratitud!<\/strong><\/p>\n","protected":false},"excerpt":{"rendered":"<p>Hoy no es un d\u00eda cualquiera. Hoy celebramos la vida de dos hombres que con su car\u00e1cter, talento y entrega se han ganado el respeto y el cari\u00f1o de quienes tenemos el privilegio de conocerlos. Juan Jos\u00e9 \u00c1lvarez Pretel, el guerrero de la palabra directa, el amigo leal que no teme decir las cosas como&#8230;<\/p>\n","protected":false},"author":2,"featured_media":6803,"comment_status":"open","ping_status":"open","sticky":false,"template":"","format":"standard","meta":{"advanced_seo_description":"","jetpack_seo_html_title":"","jetpack_seo_noindex":false,"jetpack_post_was_ever_published":false,"_jetpack_newsletter_access":"","_jetpack_dont_email_post_to_subs":false,"_jetpack_newsletter_tier_id":0,"_jetpack_memberships_contains_paywalled_content":false,"_jetpack_memberships_contains_paid_content":false,"footnotes":"","jetpack_publicize_message":"","jetpack_publicize_feature_enabled":true,"jetpack_social_post_already_shared":true,"jetpack_social_options":{"image_generator_settings":{"template":"highway","default_image_id":0,"font":"","enabled":false},"version":2}},"categories":[2],"tags":[],"class_list":["post-6800","post","type-post","status-publish","format-standard","has-post-thumbnail","hentry","category-noticias"],"jetpack_publicize_connections":[],"jetpack_featured_media_url":"https:\/\/i0.wp.com\/sintradeua.org\/co\/wp-content\/uploads\/2025\/04\/FB_IMG_1682651985437.jpg?fit=774%2C774&ssl=1","jetpack_sharing_enabled":true,"jetpack_shortlink":"https:\/\/wp.me\/paSj5R-1LG","_links":{"self":[{"href":"https:\/\/sintradeua.org\/co\/wp-json\/wp\/v2\/posts\/6800","targetHints":{"allow":["GET"]}}],"collection":[{"href":"https:\/\/sintradeua.org\/co\/wp-json\/wp\/v2\/posts"}],"about":[{"href":"https:\/\/sintradeua.org\/co\/wp-json\/wp\/v2\/types\/post"}],"author":[{"embeddable":true,"href":"https:\/\/sintradeua.org\/co\/wp-json\/wp\/v2\/users\/2"}],"replies":[{"embeddable":true,"href":"https:\/\/sintradeua.org\/co\/wp-json\/wp\/v2\/comments?post=6800"}],"version-history":[{"count":3,"href":"https:\/\/sintradeua.org\/co\/wp-json\/wp\/v2\/posts\/6800\/revisions"}],"predecessor-version":[{"id":6806,"href":"https:\/\/sintradeua.org\/co\/wp-json\/wp\/v2\/posts\/6800\/revisions\/6806"}],"wp:featuredmedia":[{"embeddable":true,"href":"https:\/\/sintradeua.org\/co\/wp-json\/wp\/v2\/media\/6803"}],"wp:attachment":[{"href":"https:\/\/sintradeua.org\/co\/wp-json\/wp\/v2\/media?parent=6800"}],"wp:term":[{"taxonomy":"category","embeddable":true,"href":"https:\/\/sintradeua.org\/co\/wp-json\/wp\/v2\/categories?post=6800"},{"taxonomy":"post_tag","embeddable":true,"href":"https:\/\/sintradeua.org\/co\/wp-json\/wp\/v2\/tags?post=6800"}],"curies":[{"name":"wp","href":"https:\/\/api.w.org\/{rel}","templated":true}]}}