{"id":6764,"date":"2025-04-09T12:25:54","date_gmt":"2025-04-09T17:25:54","guid":{"rendered":"https:\/\/sintradeua.org\/co\/?p=6764"},"modified":"2025-04-09T12:25:54","modified_gmt":"2025-04-09T17:25:54","slug":"solidaridad-con-nuestro-companero-y-directivo-sindical-ricardo-sevilla","status":"publish","type":"post","link":"https:\/\/sintradeua.org\/co\/solidaridad-con-nuestro-companero-y-directivo-sindical-ricardo-sevilla\/","title":{"rendered":"Solidaridad con nuestro compa\u00f1ero y directivo sindical Ricardo Sevilla"},"content":{"rendered":"<p style=\"text-align: justify;\"><img data-recalc-dims=\"1\" loading=\"lazy\" decoding=\"async\" data-attachment-id=\"6766\" data-permalink=\"https:\/\/sintradeua.org\/co\/solidaridad-con-nuestro-companero-y-directivo-sindical-ricardo-sevilla\/img-20250408-wa0066\/\" data-orig-file=\"https:\/\/i0.wp.com\/sintradeua.org\/co\/wp-content\/uploads\/2025\/04\/IMG-20250408-WA0066.jpg?fit=900%2C1600&amp;ssl=1\" data-orig-size=\"900,1600\" data-comments-opened=\"1\" data-image-meta=\"{&quot;aperture&quot;:&quot;0&quot;,&quot;credit&quot;:&quot;&quot;,&quot;camera&quot;:&quot;&quot;,&quot;caption&quot;:&quot;&quot;,&quot;created_timestamp&quot;:&quot;0&quot;,&quot;copyright&quot;:&quot;&quot;,&quot;focal_length&quot;:&quot;0&quot;,&quot;iso&quot;:&quot;0&quot;,&quot;shutter_speed&quot;:&quot;0&quot;,&quot;title&quot;:&quot;&quot;,&quot;orientation&quot;:&quot;0&quot;}\" data-image-title=\"IMG-20250408-WA0066\" data-image-description=\"\" data-image-caption=\"\" data-large-file=\"https:\/\/i0.wp.com\/sintradeua.org\/co\/wp-content\/uploads\/2025\/04\/IMG-20250408-WA0066.jpg?fit=450%2C800&amp;ssl=1\" class=\"alignnone size-medium wp-image-6766\" src=\"https:\/\/i0.wp.com\/sintradeua.org\/co\/wp-content\/uploads\/2025\/04\/IMG-20250408-WA0066.jpg?resize=169%2C300&#038;ssl=1\" alt=\"\" width=\"169\" height=\"300\" srcset=\"https:\/\/i0.wp.com\/sintradeua.org\/co\/wp-content\/uploads\/2025\/04\/IMG-20250408-WA0066.jpg?resize=169%2C300&amp;ssl=1 169w, https:\/\/i0.wp.com\/sintradeua.org\/co\/wp-content\/uploads\/2025\/04\/IMG-20250408-WA0066.jpg?resize=450%2C800&amp;ssl=1 450w, https:\/\/i0.wp.com\/sintradeua.org\/co\/wp-content\/uploads\/2025\/04\/IMG-20250408-WA0066.jpg?resize=864%2C1536&amp;ssl=1 864w, https:\/\/i0.wp.com\/sintradeua.org\/co\/wp-content\/uploads\/2025\/04\/IMG-20250408-WA0066.jpg?w=900&amp;ssl=1 900w\" sizes=\"auto, (max-width: 169px) 100vw, 169px\" \/><\/p>\n<p style=\"text-align: justify;\">Desde <strong>SINTRADEUA<\/strong>, expresamos nuestra total solidaridad y acompa\u00f1amiento con nuestro afiliado y compa\u00f1ero <strong>Ricardo<\/strong> <strong>Sevilla<\/strong>, quien actualmente enfrenta una delicada situaci\u00f3n de salud.<\/p>\n<p style=\"text-align: justify;\">Ricardo, adem\u00e1s de ser parte activa de nuestra organizaci\u00f3n sindical, integra la <strong>Junta<\/strong> <strong>Directiva<\/strong> y desempe\u00f1a un papel fundamental en la <strong>Comisi\u00f3n<\/strong> <strong>de<\/strong> <strong>Reclamos<\/strong>, desde donde ha trabajado incansablemente por la defensa de los derechos laborales de los trabajadores universitarios. Su compromiso y entrega han sido ejemplo de lucha y dignidad sindical.<\/p>\n<p style=\"text-align: justify;\">Como es de conocimiento de algunos compa\u00f1eros, hace unos meses fue sometido a una <strong>cirug\u00eda<\/strong> <strong>de<\/strong> <strong>coraz\u00f3n<\/strong> <strong>abierto<\/strong> debido a complicaciones card\u00edacas. En el d\u00eda de ayer, mientras cumpl\u00eda con sus labores, <strong>sufri\u00f3<\/strong> <strong>un<\/strong> <strong>desmayo<\/strong> y fue trasladado de urgencia a un centro hospitalario, donde se le diagnostic\u00f3 una <strong>frecuencia<\/strong> <strong>card\u00edaca<\/strong> <strong>anormalmente<\/strong> <strong>baja<\/strong>, situaci\u00f3n que puso en alerta a su familia, amigos y compa\u00f1eros de trabajo.<\/p>\n<p style=\"text-align: justify;\">Gracias a la atenci\u00f3n m\u00e9dica inmediata, se le ha implantado un <strong>marcapasos<\/strong> <strong>transitorio <\/strong>con el fin de estabilizar su ritmo card\u00edaco. Actualmente se encuentra en observaci\u00f3n y a la espera de nuevos estudios que permitir\u00e1n al equipo m\u00e9dico, en especial al especialista en electrofisiolog\u00eda, definir si se requiere la realizaci\u00f3n de un <strong>cateterismo<\/strong> o <strong>la colocaci\u00f3n de un marcapasos permanente.<\/strong><\/p>\n<p style=\"text-align: justify;\">Desde <strong>SINTRADEUA<\/strong> queremos resaltar no solo la preocupaci\u00f3n que sentimos por su estado de salud, sino tambi\u00e9n el profundo respeto y cari\u00f1o que le tenemos como ser humano, compa\u00f1ero de lucha y directivo sindical. Sabemos que Ricardo es un hombre valiente, firme en sus convicciones, y confiamos en que saldr\u00e1 adelante con la fuerza que siempre ha demostrado.<\/p>\n<p style=\"text-align: justify;\">Invitamos a toda la comunidad universitaria a unirse en pensamientos positivos y oraciones por su pronta recuperaci\u00f3n. Seguiremos atentos a su evoluci\u00f3n y dispuestos a brindarle todo el respaldo necesario en este dif\u00edcil momento.<\/p>\n<p style=\"text-align: justify;\"><strong>\u00a1Fuerza, compa\u00f1ero Ricardo! Tu familia sindical est\u00e1 contigo.<\/strong><\/p>\n","protected":false},"excerpt":{"rendered":"<p>Desde SINTRADEUA, expresamos nuestra total solidaridad y acompa\u00f1amiento con nuestro afiliado y compa\u00f1ero Ricardo Sevilla, quien actualmente enfrenta una delicada situaci\u00f3n de salud. Ricardo, adem\u00e1s de ser parte activa de nuestra organizaci\u00f3n sindical, integra la Junta Directiva y desempe\u00f1a un papel fundamental en la Comisi\u00f3n de Reclamos, desde donde ha trabajado incansablemente por la defensa&#8230;<\/p>\n","protected":false},"author":2,"featured_media":6766,"comment_status":"open","ping_status":"open","sticky":false,"template":"","format":"standard","meta":{"advanced_seo_description":"","jetpack_seo_html_title":"","jetpack_seo_noindex":false,"jetpack_post_was_ever_published":false,"_jetpack_newsletter_access":"","_jetpack_dont_email_post_to_subs":false,"_jetpack_newsletter_tier_id":0,"_jetpack_memberships_contains_paywalled_content":false,"_jetpack_memberships_contains_paid_content":false,"footnotes":"","jetpack_publicize_message":"","jetpack_publicize_feature_enabled":true,"jetpack_social_post_already_shared":true,"jetpack_social_options":{"image_generator_settings":{"template":"highway","default_image_id":0,"font":"","enabled":false},"version":2}},"categories":[2],"tags":[],"class_list":["post-6764","post","type-post","status-publish","format-standard","has-post-thumbnail","hentry","category-noticias"],"jetpack_publicize_connections":[],"jetpack_featured_media_url":"https:\/\/i0.wp.com\/sintradeua.org\/co\/wp-content\/uploads\/2025\/04\/IMG-20250408-WA0066.jpg?fit=900%2C1600&ssl=1","jetpack_sharing_enabled":true,"jetpack_shortlink":"https:\/\/wp.me\/paSj5R-1L6","_links":{"self":[{"href":"https:\/\/sintradeua.org\/co\/wp-json\/wp\/v2\/posts\/6764","targetHints":{"allow":["GET"]}}],"collection":[{"href":"https:\/\/sintradeua.org\/co\/wp-json\/wp\/v2\/posts"}],"about":[{"href":"https:\/\/sintradeua.org\/co\/wp-json\/wp\/v2\/types\/post"}],"author":[{"embeddable":true,"href":"https:\/\/sintradeua.org\/co\/wp-json\/wp\/v2\/users\/2"}],"replies":[{"embeddable":true,"href":"https:\/\/sintradeua.org\/co\/wp-json\/wp\/v2\/comments?post=6764"}],"version-history":[{"count":3,"href":"https:\/\/sintradeua.org\/co\/wp-json\/wp\/v2\/posts\/6764\/revisions"}],"predecessor-version":[{"id":6769,"href":"https:\/\/sintradeua.org\/co\/wp-json\/wp\/v2\/posts\/6764\/revisions\/6769"}],"wp:featuredmedia":[{"embeddable":true,"href":"https:\/\/sintradeua.org\/co\/wp-json\/wp\/v2\/media\/6766"}],"wp:attachment":[{"href":"https:\/\/sintradeua.org\/co\/wp-json\/wp\/v2\/media?parent=6764"}],"wp:term":[{"taxonomy":"category","embeddable":true,"href":"https:\/\/sintradeua.org\/co\/wp-json\/wp\/v2\/categories?post=6764"},{"taxonomy":"post_tag","embeddable":true,"href":"https:\/\/sintradeua.org\/co\/wp-json\/wp\/v2\/tags?post=6764"}],"curies":[{"name":"wp","href":"https:\/\/api.w.org\/{rel}","templated":true}]}}