{"id":6727,"date":"2025-04-04T09:35:02","date_gmt":"2025-04-04T14:35:02","guid":{"rendered":"https:\/\/www.sintradeua.org\/co\/?p=6727"},"modified":"2025-04-04T20:31:34","modified_gmt":"2025-04-05T01:31:34","slug":"formalizacion-laboral-y-el-principio-del-merito-un-dilema-constitucional","status":"publish","type":"post","link":"https:\/\/sintradeua.org\/co\/formalizacion-laboral-y-el-principio-del-merito-un-dilema-constitucional\/","title":{"rendered":"Formalizaci\u00f3n laboral y el principio del m\u00e9rito: un dilema constitucional."},"content":{"rendered":"<p style=\"text-align: justify;\"><img data-recalc-dims=\"1\" loading=\"lazy\" decoding=\"async\" data-attachment-id=\"6728\" data-permalink=\"https:\/\/sintradeua.org\/co\/formalizacion-laboral-y-el-principio-del-merito-un-dilema-constitucional\/formalizacion-laboralpixabay-jpg\/\" data-orig-file=\"https:\/\/i0.wp.com\/sintradeua.org\/co\/wp-content\/uploads\/2025\/04\/formalizacion-laboralpixabay.jpg.webp?fit=800%2C400&amp;ssl=1\" data-orig-size=\"800,400\" data-comments-opened=\"1\" data-image-meta=\"{&quot;aperture&quot;:&quot;0&quot;,&quot;credit&quot;:&quot;&quot;,&quot;camera&quot;:&quot;&quot;,&quot;caption&quot;:&quot;&quot;,&quot;created_timestamp&quot;:&quot;0&quot;,&quot;copyright&quot;:&quot;&quot;,&quot;focal_length&quot;:&quot;0&quot;,&quot;iso&quot;:&quot;0&quot;,&quot;shutter_speed&quot;:&quot;0&quot;,&quot;title&quot;:&quot;&quot;,&quot;orientation&quot;:&quot;0&quot;}\" data-image-title=\"formalizacion-laboral(pixabay).jpg\" data-image-description=\"\" data-image-caption=\"\" data-large-file=\"https:\/\/i0.wp.com\/sintradeua.org\/co\/wp-content\/uploads\/2025\/04\/formalizacion-laboralpixabay.jpg.webp?fit=640%2C320&amp;ssl=1\" class=\"alignnone size-medium wp-image-6728\" src=\"https:\/\/i0.wp.com\/www.sintradeua.org\/co\/wp-content\/uploads\/2025\/04\/formalizacion-laboralpixabay.jpg-300x150.webp?resize=300%2C150&#038;ssl=1\" alt=\"\" width=\"300\" height=\"150\" srcset=\"https:\/\/i0.wp.com\/sintradeua.org\/co\/wp-content\/uploads\/2025\/04\/formalizacion-laboralpixabay.jpg.webp?resize=300%2C150&amp;ssl=1 300w, https:\/\/i0.wp.com\/sintradeua.org\/co\/wp-content\/uploads\/2025\/04\/formalizacion-laboralpixabay.jpg.webp?w=800&amp;ssl=1 800w\" sizes=\"auto, (max-width: 300px) 100vw, 300px\" \/><\/p>\n<p><strong>Por<\/strong>: <strong>JIBS<\/strong><\/p>\n<p><span style=\"text-align: justify;\">El Decreto 0391 de 2025 establece un mecanismo para la formalizaci\u00f3n laboral en el sector universitario, buscando garantizar estabilidad a quienes han estado vinculados bajo esquemas precarios. Sin embargo, este decreto plantea una tensi\u00f3n con otro principio fundamental de nuestro ordenamiento jur\u00eddico: <\/span><strong style=\"text-align: justify;\">el acceso a los cargos p\u00fablicos por m\u00e9rito, establecido en el art\u00edculo 125 de la Constituci\u00f3n.<\/strong><\/p>\n<p style=\"text-align: justify;\">Seg\u00fan el decreto, la formalizaci\u00f3n se har\u00e1 <strong><span style=\"text-decoration: underline;\"><em>mediante concurso de m\u00e9rito<\/em><\/span><\/strong>. No obstante, para que realmente se garantice la estabilidad de quienes han trabajado en condiciones precarias, se tendr\u00eda que hacer un concurso cerrado o con alg\u00fan tipo de preferencia. <strong>Esto plantea un problema grave: cualquier proceso de selecci\u00f3n que impida la participaci\u00f3n abierta de otros ciudadanos viola el derecho a la igualdad y el acceso a cargos p\u00fablicos en igualdad de condiciones (art\u00edculos 13 y 40.7 de la Constituci\u00f3n).<\/strong><\/p>\n<p style=\"text-align: justify;\">La formalizaci\u00f3n laboral es un objetivo loable y necesario. La precarizaci\u00f3n del empleo en las universidades es un problema estructural que debe ser corregido. Sin embargo, la soluci\u00f3n no puede vulnerar principios constitucionales. <span style=\"text-decoration: underline;\">Si el gobierno y las universidades establecen concursos cerrados, estos pueden ser demandados por inconstitucionalidad y terminar anulados, generando mayor incertidumbre.<\/span><\/p>\n<p style=\"text-align: justify;\"><strong>\u00abAlgunas alternativas constitucionalmente viables que proponemos\u00bb<\/strong><\/p>\n<p style=\"text-align: justify;\">Para resolver este dilema, el proceso de formalizaci\u00f3n podr\u00eda incluir criterios que reconozcan la experiencia de quienes han trabajado en condiciones precarias, sin cerrar la participaci\u00f3n a otros aspirantes. Algunas alternativas podr\u00edan ser:<\/p>\n<p style=\"text-align: justify;\">1. <strong>Concursos<\/strong> <strong>abiertos<\/strong> <strong>con<\/strong> <strong>puntaje<\/strong> <strong>diferencial<\/strong>: Otorgar puntos adicionales por experiencia en la universidad o por haber estado vinculado mediante contratos de docentes ocasionales, c\u00e1tedra, provisionalidad administrativa u OPS, sin excluir a otros participantes.<\/p>\n<p style=\"text-align: justify;\">2. <strong>Procesos<\/strong> <strong>de<\/strong> <strong>encargo<\/strong> <strong>o<\/strong> <strong>provisionalidad<\/strong> con transici\u00f3n a concurso: Nombramientos provisionales con compromiso estatal de apertura posterior del concurso para proveerlos definitivamente.<\/p>\n<p style=\"text-align: justify;\"><strong>3<\/strong>. <strong>Plan<\/strong> <strong>de<\/strong> <strong>formalizaci\u00f3n<\/strong> <strong>escalonada<\/strong>: Dise\u00f1ar un mecanismo que garantice el derecho de quienes han trabajado durante a\u00f1os, pero sin anular la posibilidad de participaci\u00f3n de otras personas.<\/p>\n<p style=\"text-align: justify;\">Es fundamental que cualquier pol\u00edtica p\u00fablica sobre formalizaci\u00f3n <strong>respete el equilibrio entre el derecho al trabajo digno y el acceso en igualdad de condiciones a la funci\u00f3n p\u00fablica<\/strong>. <span style=\"text-decoration: underline;\"><em>La soluci\u00f3n no puede ser ni la exclusi\u00f3n de quienes han dedicado su vida a la docencia y a funciones administrativas en condiciones de precariedad, ni la imposici\u00f3n de barreras inconstitucionales para el acceso de otros ciudadanos.<\/em><\/span><\/p>\n<p style=\"text-align: justify;\">\u00ab<strong>Participaci\u00f3n sindical: un derecho garantizado.\u00bb<\/strong><\/p>\n<p style=\"text-align: justify;\">Un aspecto clave que ha generado debate es la participaci\u00f3n de las organizaciones sindicales en este proceso. En la discusi\u00f3n del decreto participaron tres respetables organizaciones, que ahora intentan insinuar que solo ellas tienen la potestad de negociar las condiciones laborales de formalizaci\u00f3n. Sin embargo, el decreto es claro en su parte resolutiva: \u00ab<strong>todas las organizaciones sindicales que cuenten con afiliados en las condiciones establecidas tienen derecho a participar en la elaboraci\u00f3n y ejecuci\u00f3n de los planes de formalizaci\u00f3n laboral.\u00bb (Par\u00e1grafo 1 del art\u00edculo 2.5.4.5.4 del decreto 0391 de 2025).<\/strong><\/p>\n<p style=\"text-align: justify;\">Esto significa que ninguna organizaci\u00f3n puede arrogarse el derecho exclusivo de representar a los trabajadores en este proceso. <span style=\"text-decoration: underline;\">La pluralidad y diversidad sindical deben ser respetadas para garantizar que todas las voces sean escuchadas y que las decisiones reflejen las necesidades de la mayor\u00eda de los trabajadores y docentes.<\/span><\/p>\n<p style=\"text-align: justify;\"><strong>Es el momento de abrir un debate serio y propositivo para garantizar una transici\u00f3n justa y constitucionalmente sostenible. De lo contrario, se corre el riesgo de que la formalizaci\u00f3n termine siendo una promesa incumplida, anulada por los propios principios que rigen nuestro Estado de derecho.<\/strong><\/p>\n","protected":false},"excerpt":{"rendered":"<p>Por: JIBS El Decreto 0391 de 2025 establece un mecanismo para la formalizaci\u00f3n laboral en el sector universitario, buscando garantizar estabilidad a quienes han estado vinculados bajo esquemas precarios. Sin embargo, este decreto plantea una tensi\u00f3n con otro principio fundamental de nuestro ordenamiento jur\u00eddico: el acceso a los cargos p\u00fablicos por m\u00e9rito, establecido en el&#8230;<\/p>\n","protected":false},"author":2,"featured_media":6728,"comment_status":"open","ping_status":"open","sticky":false,"template":"","format":"standard","meta":{"advanced_seo_description":"","jetpack_seo_html_title":"","jetpack_seo_noindex":false,"jetpack_post_was_ever_published":false,"_jetpack_newsletter_access":"","_jetpack_dont_email_post_to_subs":false,"_jetpack_newsletter_tier_id":0,"_jetpack_memberships_contains_paywalled_content":false,"_jetpack_memberships_contains_paid_content":false,"footnotes":"","jetpack_publicize_message":"","jetpack_publicize_feature_enabled":true,"jetpack_social_post_already_shared":true,"jetpack_social_options":{"image_generator_settings":{"template":"highway","default_image_id":0,"font":"","enabled":false},"version":2}},"categories":[2],"tags":[],"class_list":["post-6727","post","type-post","status-publish","format-standard","has-post-thumbnail","hentry","category-noticias"],"jetpack_publicize_connections":[],"jetpack_featured_media_url":"https:\/\/i0.wp.com\/sintradeua.org\/co\/wp-content\/uploads\/2025\/04\/formalizacion-laboralpixabay.jpg.webp?fit=800%2C400&ssl=1","jetpack_sharing_enabled":true,"jetpack_shortlink":"https:\/\/wp.me\/paSj5R-1Kv","_links":{"self":[{"href":"https:\/\/sintradeua.org\/co\/wp-json\/wp\/v2\/posts\/6727","targetHints":{"allow":["GET"]}}],"collection":[{"href":"https:\/\/sintradeua.org\/co\/wp-json\/wp\/v2\/posts"}],"about":[{"href":"https:\/\/sintradeua.org\/co\/wp-json\/wp\/v2\/types\/post"}],"author":[{"embeddable":true,"href":"https:\/\/sintradeua.org\/co\/wp-json\/wp\/v2\/users\/2"}],"replies":[{"embeddable":true,"href":"https:\/\/sintradeua.org\/co\/wp-json\/wp\/v2\/comments?post=6727"}],"version-history":[{"count":6,"href":"https:\/\/sintradeua.org\/co\/wp-json\/wp\/v2\/posts\/6727\/revisions"}],"predecessor-version":[{"id":6736,"href":"https:\/\/sintradeua.org\/co\/wp-json\/wp\/v2\/posts\/6727\/revisions\/6736"}],"wp:featuredmedia":[{"embeddable":true,"href":"https:\/\/sintradeua.org\/co\/wp-json\/wp\/v2\/media\/6728"}],"wp:attachment":[{"href":"https:\/\/sintradeua.org\/co\/wp-json\/wp\/v2\/media?parent=6727"}],"wp:term":[{"taxonomy":"category","embeddable":true,"href":"https:\/\/sintradeua.org\/co\/wp-json\/wp\/v2\/categories?post=6727"},{"taxonomy":"post_tag","embeddable":true,"href":"https:\/\/sintradeua.org\/co\/wp-json\/wp\/v2\/tags?post=6727"}],"curies":[{"name":"wp","href":"https:\/\/api.w.org\/{rel}","templated":true}]}}