{"id":6710,"date":"2025-04-01T10:09:12","date_gmt":"2025-04-01T15:09:12","guid":{"rendered":"https:\/\/www.sintradeua.org\/co\/?p=6710"},"modified":"2025-04-01T13:19:40","modified_gmt":"2025-04-01T18:19:40","slug":"reeleccion-inmediata-del-rector-un-derecho-legitimo-y-una-necesidad-institucional","status":"publish","type":"post","link":"https:\/\/sintradeua.org\/co\/reeleccion-inmediata-del-rector-un-derecho-legitimo-y-una-necesidad-institucional\/","title":{"rendered":"Reelecci\u00f3n inmediata del rector: Un derecho leg\u00edtimo y una necesidad institucional"},"content":{"rendered":"<p style=\"text-align: justify;\"><img data-recalc-dims=\"1\" loading=\"lazy\" decoding=\"async\" data-attachment-id=\"6438\" data-permalink=\"https:\/\/sintradeua.org\/co\/el-exito-del-departamento-de-infraestructura-fisica-y-de-servicios-generales-de-la-universidad-del-atlantico-un-trabajo-conjunto-con-la-vision-del-rector-danilo-hernandez-rodriguez\/attachment\/30\/\" data-orig-file=\"https:\/\/i0.wp.com\/sintradeua.org\/co\/wp-content\/uploads\/2025\/01\/30.jpg?fit=2048%2C1536&amp;ssl=1\" data-orig-size=\"2048,1536\" data-comments-opened=\"1\" data-image-meta=\"{&quot;aperture&quot;:&quot;0&quot;,&quot;credit&quot;:&quot;&quot;,&quot;camera&quot;:&quot;&quot;,&quot;caption&quot;:&quot;&quot;,&quot;created_timestamp&quot;:&quot;0&quot;,&quot;copyright&quot;:&quot;&quot;,&quot;focal_length&quot;:&quot;0&quot;,&quot;iso&quot;:&quot;0&quot;,&quot;shutter_speed&quot;:&quot;0&quot;,&quot;title&quot;:&quot;&quot;,&quot;orientation&quot;:&quot;0&quot;}\" data-image-title=\"30\" data-image-description=\"\" data-image-caption=\"\" data-large-file=\"https:\/\/i0.wp.com\/sintradeua.org\/co\/wp-content\/uploads\/2025\/01\/30.jpg?fit=640%2C480&amp;ssl=1\" class=\"alignnone size-medium wp-image-6438\" src=\"https:\/\/i0.wp.com\/www.sintradeua.org\/co\/wp-content\/uploads\/2025\/01\/30-300x225.jpg?resize=300%2C225&#038;ssl=1\" alt=\"\" width=\"300\" height=\"225\" srcset=\"https:\/\/i0.wp.com\/sintradeua.org\/co\/wp-content\/uploads\/2025\/01\/30.jpg?resize=300%2C225&amp;ssl=1 300w, https:\/\/i0.wp.com\/sintradeua.org\/co\/wp-content\/uploads\/2025\/01\/30.jpg?resize=800%2C600&amp;ssl=1 800w, https:\/\/i0.wp.com\/sintradeua.org\/co\/wp-content\/uploads\/2025\/01\/30.jpg?resize=1536%2C1152&amp;ssl=1 1536w, https:\/\/i0.wp.com\/sintradeua.org\/co\/wp-content\/uploads\/2025\/01\/30.jpg?resize=320%2C240&amp;ssl=1 320w, https:\/\/i0.wp.com\/sintradeua.org\/co\/wp-content\/uploads\/2025\/01\/30.jpg?w=2048&amp;ssl=1 2048w, https:\/\/i0.wp.com\/sintradeua.org\/co\/wp-content\/uploads\/2025\/01\/30.jpg?w=1280&amp;ssl=1 1280w, https:\/\/i0.wp.com\/sintradeua.org\/co\/wp-content\/uploads\/2025\/01\/30.jpg?w=1920&amp;ssl=1 1920w\" sizes=\"auto, (max-width: 300px) 100vw, 300px\" \/><\/p>\n<p style=\"text-align: justify;\">La reciente postura del Ministerio de Educaci\u00f3n sobre la modificaci\u00f3n del Estatuto General de la Universidad del Atl\u00e1ntico para permitir la reelecci\u00f3n inmediata del rector Danilo Hern\u00e1ndez ha generado un debate que no solo es jur\u00eddico, sino tambi\u00e9n pol\u00edtico e institucional. Es fundamental aclarar que los conceptos emitidos por el Ministerio no son vinculantes ni obligatorios; constituyen referencias interpretativas que pueden o no ser acogidas por el Consejo Superior Universitario, \u00f3rgano con plena autonom\u00eda para definir el rumbo normativo de la universidad.<\/p>\n<p style=\"text-align: justify;\"><strong>\u00abLa autonom\u00eda universitaria como principio rector\u00bb<\/strong><\/p>\n<p style=\"text-align: justify;\">El art\u00edculo 69 de la Constituci\u00f3n Pol\u00edtica de Colombia consagra la autonom\u00eda universitaria, estableciendo que las universidades tienen la facultad de darse sus propios estatutos y reglamentos. Este principio ha sido reforzado por la Corte Constitucional en m\u00faltiples pronunciamientos, como en la Sentencia C-220 de 1997, donde se reconoci\u00f3 que la autonom\u00eda implica la capacidad de autogobierno y de definir libremente su estructura interna, incluyendo los mecanismos de elecci\u00f3n y reelecci\u00f3n de sus directivos.<\/p>\n<p style=\"text-align: justify;\">En este sentido, cualquier intervenci\u00f3n del Ministerio de Educaci\u00f3n que pretenda imponer restricciones sobre la reelecci\u00f3n inmediata del rector ir\u00eda en contra de este principio constitucional. La universidad, a trav\u00e9s de su Consejo Superior, tiene la potestad leg\u00edtima de modificar sus normas internas para responder a las necesidades institucionales y garantizar la continuidad de sus proyectos estrat\u00e9gicos.<\/p>\n<p style=\"text-align: justify;\"><strong>\u00abEl concepto del Ministerio: Un criterio no vinculante\u00bb<\/strong><\/p>\n<p style=\"text-align: justify;\">El concepto emitido por el Ministerio de Educaci\u00f3n en torno a la reelecci\u00f3n inmediata no constituye una orden ni una directriz obligatoria. De acuerdo con el Consejo de Estado en la Sentencia 2184 de 2003, los conceptos emitidos por entidades administrativas tienen un car\u00e1cter meramente orientador y no limitan la capacidad de decisi\u00f3n de los \u00f3rganos de direcci\u00f3n de una universidad p\u00fablica.<\/p>\n<p style=\"text-align: justify;\">Por lo tanto, el Consejo Superior Universitario tiene plena facultad para evaluar la conveniencia de modificar el estatuto sin que la opini\u00f3n del Ministerio limite su autonom\u00eda.<\/p>\n<p style=\"text-align: justify;\"><strong>La reelecci\u00f3n inmediata: Un mecanismo de estabilidad y continuidad<\/strong><\/p>\n<p style=\"text-align: justify;\">El modelo actual del Estatuto General permite la reelecci\u00f3n del rector, pero con la condici\u00f3n de que no sea inmediata. Esta restricci\u00f3n, lejos de garantizar un mejor gobierno universitario, puede generar rupturas en los procesos institucionales y afectar la estabilidad administrativa de la universidad.<\/p>\n<p style=\"text-align: justify;\">Permitir la reelecci\u00f3n inmediata responde a criterios de eficiencia y continuidad, tal como se ha demostrado en otros escenarios acad\u00e9micos nacionales e internacionales. Universidades de gran prestigio han adoptado esquemas de reelecci\u00f3n sin periodos intermedios para garantizar el avance de proyectos de largo plazo y evitar la politizaci\u00f3n excesiva en la selecci\u00f3n de directivos.<\/p>\n<p style=\"text-align: justify;\"><strong>Precedentes jur\u00eddicos que respaldan la reelecci\u00f3n inmediata<\/strong><\/p>\n<p style=\"text-align: justify;\">La Corte Constitucional, en la Sentencia C-089 de 1994, estableci\u00f3 que la prohibici\u00f3n de reelecci\u00f3n inmediata debe estar sustentada en argumentos s\u00f3lidos que demuestren un perjuicio para el inter\u00e9s general. En el caso de la Universidad del Atl\u00e1ntico, no existe tal perjuicio, sino por el contrario, una necesidad institucional de dar continuidad a la gesti\u00f3n actual.<\/p>\n<p style=\"text-align: justify;\">Adem\u00e1s, el Consejo de Estado, en la Sentencia 11001-03-15-000-2011-01235-00, enfatiz\u00f3 que la reelecci\u00f3n inmediata no es inconstitucional per se y que su restricci\u00f3n debe obedecer a razones objetivas de inter\u00e9s p\u00fablico, lo que no es el caso de la Universidad del Atl\u00e1ntico, donde la continuidad del rector Danilo Hern\u00e1ndez ha demostrado avances significativos en la consolidaci\u00f3n de proyectos estrat\u00e9gicos.<\/p>\n<p style=\"text-align: justify;\"><strong>Conclusi\u00f3n: La decisi\u00f3n est\u00e1 en manos del Consejo Superior<\/strong><\/p>\n<p style=\"text-align: justify;\">El debate sobre la reelecci\u00f3n inmediata del rector no debe verse como un asunto de conveniencia personal, sino como una necesidad institucional que garantice la estabilidad y el desarrollo de la universidad. El Consejo Superior Universitario, amparado por la autonom\u00eda universitaria y respaldado por precedentes jur\u00eddicos s\u00f3lidos, tiene la facultad para modificar el Estatuto General y permitir la reelecci\u00f3n inmediata.<\/p>\n<p style=\"text-align: justify;\">El Ministerio de Educaci\u00f3n puede emitir conceptos, pero la \u00faltima palabra la tiene la universidad. En este escenario, la defensa de la autonom\u00eda universitaria y la consolidaci\u00f3n de un modelo de gobernanza eficiente exigen una reforma que elimine restricciones innecesarias y permita que los l\u00edderes institucionales contin\u00faen su labor sin interrupciones impuestas artificialmente.<\/p>\n<p style=\"text-align: justify;\">La Universidad del Atl\u00e1ntico merece estabilidad, continuidad y autonom\u00eda plena. La reelecci\u00f3n inmediata es un paso en esa direcci\u00f3n.<\/p>\n","protected":false},"excerpt":{"rendered":"<p>La reciente postura del Ministerio de Educaci\u00f3n sobre la modificaci\u00f3n del Estatuto General de la Universidad del Atl\u00e1ntico para permitir la reelecci\u00f3n inmediata del rector Danilo Hern\u00e1ndez ha generado un debate que no solo es jur\u00eddico, sino tambi\u00e9n pol\u00edtico e institucional. Es fundamental aclarar que los conceptos emitidos por el Ministerio no son vinculantes ni&#8230;<\/p>\n","protected":false},"author":2,"featured_media":6566,"comment_status":"open","ping_status":"open","sticky":false,"template":"","format":"standard","meta":{"advanced_seo_description":"","jetpack_seo_html_title":"","jetpack_seo_noindex":false,"jetpack_post_was_ever_published":false,"_jetpack_newsletter_access":"","_jetpack_dont_email_post_to_subs":false,"_jetpack_newsletter_tier_id":0,"_jetpack_memberships_contains_paywalled_content":false,"_jetpack_memberships_contains_paid_content":false,"footnotes":"","jetpack_publicize_message":"","jetpack_publicize_feature_enabled":true,"jetpack_social_post_already_shared":true,"jetpack_social_options":{"image_generator_settings":{"template":"highway","default_image_id":0,"font":"","enabled":false},"version":2}},"categories":[2],"tags":[],"class_list":["post-6710","post","type-post","status-publish","format-standard","has-post-thumbnail","hentry","category-noticias"],"jetpack_publicize_connections":[],"jetpack_featured_media_url":"https:\/\/i0.wp.com\/sintradeua.org\/co\/wp-content\/uploads\/2025\/02\/Estudiantes-Universidad-del-Atlantico.jpg?fit=960%2C640&ssl=1","jetpack_sharing_enabled":true,"jetpack_shortlink":"https:\/\/wp.me\/paSj5R-1Ke","_links":{"self":[{"href":"https:\/\/sintradeua.org\/co\/wp-json\/wp\/v2\/posts\/6710","targetHints":{"allow":["GET"]}}],"collection":[{"href":"https:\/\/sintradeua.org\/co\/wp-json\/wp\/v2\/posts"}],"about":[{"href":"https:\/\/sintradeua.org\/co\/wp-json\/wp\/v2\/types\/post"}],"author":[{"embeddable":true,"href":"https:\/\/sintradeua.org\/co\/wp-json\/wp\/v2\/users\/2"}],"replies":[{"embeddable":true,"href":"https:\/\/sintradeua.org\/co\/wp-json\/wp\/v2\/comments?post=6710"}],"version-history":[{"count":2,"href":"https:\/\/sintradeua.org\/co\/wp-json\/wp\/v2\/posts\/6710\/revisions"}],"predecessor-version":[{"id":6713,"href":"https:\/\/sintradeua.org\/co\/wp-json\/wp\/v2\/posts\/6710\/revisions\/6713"}],"wp:featuredmedia":[{"embeddable":true,"href":"https:\/\/sintradeua.org\/co\/wp-json\/wp\/v2\/media\/6566"}],"wp:attachment":[{"href":"https:\/\/sintradeua.org\/co\/wp-json\/wp\/v2\/media?parent=6710"}],"wp:term":[{"taxonomy":"category","embeddable":true,"href":"https:\/\/sintradeua.org\/co\/wp-json\/wp\/v2\/categories?post=6710"},{"taxonomy":"post_tag","embeddable":true,"href":"https:\/\/sintradeua.org\/co\/wp-json\/wp\/v2\/tags?post=6710"}],"curies":[{"name":"wp","href":"https:\/\/api.w.org\/{rel}","templated":true}]}}