{"id":6678,"date":"2025-03-19T14:35:16","date_gmt":"2025-03-19T19:35:16","guid":{"rendered":"https:\/\/www.sintradeua.org\/co\/?p=6678"},"modified":"2025-03-19T14:35:16","modified_gmt":"2025-03-19T19:35:16","slug":"un-clamor-universitario-por-la-continuidad-planton-masivo-en-apoyo-la-reeleccion-del-rector","status":"publish","type":"post","link":"https:\/\/sintradeua.org\/co\/un-clamor-universitario-por-la-continuidad-planton-masivo-en-apoyo-la-reeleccion-del-rector\/","title":{"rendered":"Un clamor universitario por la continuidad: Plant\u00f3n masivo en apoyo la reelecci\u00f3n del Rector"},"content":{"rendered":"<div style=\"width: 640px;\" class=\"wp-video\"><video class=\"wp-video-shortcode\" id=\"video-6678-1\" width=\"640\" height=\"518\" preload=\"metadata\" controls=\"controls\"><source type=\"video\/mp4\" src=\"https:\/\/www.sintradeua.org\/co\/wp-content\/uploads\/2025\/03\/Videoleap_2025_03_17_16_51_26_126.mp4?_=1\" \/><a href=\"https:\/\/www.sintradeua.org\/co\/wp-content\/uploads\/2025\/03\/Videoleap_2025_03_17_16_51_26_126.mp4\">https:\/\/www.sintradeua.org\/co\/wp-content\/uploads\/2025\/03\/Videoleap_2025_03_17_16_51_26_126.mp4<\/a><\/video><\/div>\n<p style=\"text-align: justify;\">El pasado lunes <strong>17 de marzo,<\/strong> a las <strong>2:00<\/strong> p.m., la entrada principal de la <strong>sede norte de la universidad<\/strong> se convirti\u00f3 en el epicentro de una manifestaci\u00f3n sin precedentes. <strong>Sintradeua<\/strong>, junto a otras organizaciones sindicales, estudiantes y docentes, se congreg\u00f3 en un <strong>contundente plant\u00f3n<\/strong> exigiendo que el liderazgo del actual rector <strong>no se detenga.<\/strong><\/p>\n<p style=\"text-align: justify;\">El ambiente estuvo cargado de determinaci\u00f3n y esperanza. Pancartas en alto, consignas resonando en el aire y discursos apasionados marcaron la jornada. El mensaje fue <strong>claro y directo<\/strong>: la universidad ha alcanzado <strong>niveles hist\u00f3ricos de posicionamiento acad\u00e9mico y administrativo,<\/strong> y frenar este proceso ser\u00eda un retroceso que la comunidad <strong>no est\u00e1 dispuesta a aceptar.<\/strong><\/p>\n<p style=\"text-align: justify;\"><strong>\u00abUn Obst\u00e1culo Normativo que Debe Ser Modificado\u00bb<\/strong><\/p>\n<p style=\"text-align: justify;\">El motivo del plant\u00f3n no fue <strong>solo<\/strong> expresar apoyo, sino exigir un <strong>cambio<\/strong> <strong>concreto<\/strong>. Actualmente, el <strong>Estatuto General de la universidad<\/strong> impide la reelecci\u00f3n inmediata del rector, una limitaci\u00f3n que deja de lado la meritocracia y el impacto de su gesti\u00f3n. <strong>Por ello, la comunidad exige al Superior Universitario la modificaci\u00f3n del art\u00edculo correspondiente, permitiendo que el rector pueda continuar al frente de la instituci\u00f3n sin interrupciones innecesarias.<\/strong><\/p>\n<p style=\"text-align: justify;\">La gesti\u00f3n actual ha sido <strong>sin\u00f3nimo<\/strong> <strong>de<\/strong> <strong>avance<\/strong> <strong>y<\/strong> <strong>transformaci\u00f3n<\/strong>, consolidando la universidad como un referente acad\u00e9mico. Los logros son innegables:<\/p>\n<p style=\"text-align: justify;\">\u2714\ufe0f <strong>Mayor reconocimiento y prestigio institucional.<\/strong><\/p>\n<p style=\"text-align: justify;\">\u2714\ufe0f <strong>Inversi\u00f3n en infraestructura y bienestar universitario.<\/strong><\/p>\n<p style=\"text-align: justify;\">\u2714\ufe0f <strong>Fortalecimiento de la investigaci\u00f3n y la proyecci\u00f3n social<\/strong>.<\/p>\n<p style=\"text-align: justify;\">\u2714\ufe0f <strong>Un liderazgo cercano, transparente y con visi\u00f3n de futuro<\/strong>.<\/p>\n<p style=\"text-align: justify;\"><strong>\u00abUn Mensaje Claro para las Autoridades\u00bb<\/strong><\/p>\n<p style=\"text-align: justify;\">El plant\u00f3n dej\u00f3 en evidencia que la comunidad universitaria est\u00e1 unida en esta causa. <strong>No se trata de un capricho, sino de una necesidad institucional.<\/strong> La estabilidad y el crecimiento no pueden estar sujetos a trabas burocr\u00e1ticas cuando los resultados hablan por s\u00ed solos.<\/p>\n<p style=\"text-align: justify;\">Desde <strong>Sintradeua<\/strong> y las dem\u00e1s organizaciones participantes, reafirmamos nuestro llamado al Superior Universitario: <strong>es momento de escuchar a la comunidad y tomar una decisi\u00f3n basada en el bienestar de la universidad.<\/strong><\/p>\n<p style=\"text-align: justify;\">El reloj avanza y el futuro de la instituci\u00f3n est\u00e1 en juego. \u00a1<strong>La comunidad universitaria ya habl\u00f3! Ahora, es el turno de las autoridades.<\/strong><\/p>\n<p style=\"text-align: justify;\">\u00a0<\/p>\n","protected":false},"excerpt":{"rendered":"<p>El pasado lunes 17 de marzo, a las 2:00 p.m., la entrada principal de la sede norte de la universidad se convirti\u00f3 en el epicentro de una manifestaci\u00f3n sin precedentes. Sintradeua, junto a otras organizaciones sindicales, estudiantes y docentes, se congreg\u00f3 en un contundente plant\u00f3n exigiendo que el liderazgo del actual rector no se detenga&#8230;.<\/p>\n","protected":false},"author":2,"featured_media":6666,"comment_status":"open","ping_status":"open","sticky":false,"template":"","format":"standard","meta":{"advanced_seo_description":"","jetpack_seo_html_title":"","jetpack_seo_noindex":false,"jetpack_post_was_ever_published":false,"_jetpack_newsletter_access":"","_jetpack_dont_email_post_to_subs":false,"_jetpack_newsletter_tier_id":0,"_jetpack_memberships_contains_paywalled_content":false,"_jetpack_memberships_contains_paid_content":false,"footnotes":"","jetpack_publicize_message":"","jetpack_publicize_feature_enabled":true,"jetpack_social_post_already_shared":true,"jetpack_social_options":{"image_generator_settings":{"template":"highway","default_image_id":0,"font":"","enabled":false},"version":2}},"categories":[2],"tags":[],"class_list":["post-6678","post","type-post","status-publish","format-standard","has-post-thumbnail","hentry","category-noticias"],"jetpack_publicize_connections":[],"jetpack_featured_media_url":"https:\/\/i0.wp.com\/sintradeua.org\/co\/wp-content\/uploads\/2025\/03\/IMG-20250317-WA0084.jpg?fit=1600%2C1200&ssl=1","jetpack_sharing_enabled":true,"jetpack_shortlink":"https:\/\/wp.me\/paSj5R-1JI","_links":{"self":[{"href":"https:\/\/sintradeua.org\/co\/wp-json\/wp\/v2\/posts\/6678","targetHints":{"allow":["GET"]}}],"collection":[{"href":"https:\/\/sintradeua.org\/co\/wp-json\/wp\/v2\/posts"}],"about":[{"href":"https:\/\/sintradeua.org\/co\/wp-json\/wp\/v2\/types\/post"}],"author":[{"embeddable":true,"href":"https:\/\/sintradeua.org\/co\/wp-json\/wp\/v2\/users\/2"}],"replies":[{"embeddable":true,"href":"https:\/\/sintradeua.org\/co\/wp-json\/wp\/v2\/comments?post=6678"}],"version-history":[{"count":3,"href":"https:\/\/sintradeua.org\/co\/wp-json\/wp\/v2\/posts\/6678\/revisions"}],"predecessor-version":[{"id":6685,"href":"https:\/\/sintradeua.org\/co\/wp-json\/wp\/v2\/posts\/6678\/revisions\/6685"}],"wp:featuredmedia":[{"embeddable":true,"href":"https:\/\/sintradeua.org\/co\/wp-json\/wp\/v2\/media\/6666"}],"wp:attachment":[{"href":"https:\/\/sintradeua.org\/co\/wp-json\/wp\/v2\/media?parent=6678"}],"wp:term":[{"taxonomy":"category","embeddable":true,"href":"https:\/\/sintradeua.org\/co\/wp-json\/wp\/v2\/categories?post=6678"},{"taxonomy":"post_tag","embeddable":true,"href":"https:\/\/sintradeua.org\/co\/wp-json\/wp\/v2\/tags?post=6678"}],"curies":[{"name":"wp","href":"https:\/\/api.w.org\/{rel}","templated":true}]}}