{"id":6669,"date":"2025-03-17T19:44:35","date_gmt":"2025-03-18T00:44:35","guid":{"rendered":"https:\/\/www.sintradeua.org\/co\/?p=6669"},"modified":"2025-03-17T19:44:35","modified_gmt":"2025-03-18T00:44:35","slug":"comunicado-a-la-opinion-publica","status":"publish","type":"post","link":"https:\/\/sintradeua.org\/co\/comunicado-a-la-opinion-publica\/","title":{"rendered":"COMUNICADO A LA OPINI\u00d3N P\u00daBLICA"},"content":{"rendered":"<p style=\"text-align: justify;\"><img data-recalc-dims=\"1\" loading=\"lazy\" decoding=\"async\" data-attachment-id=\"6670\" data-permalink=\"https:\/\/sintradeua.org\/co\/comunicado-a-la-opinion-publica\/comunicadoalaopinionpublica4\/\" data-orig-file=\"https:\/\/i0.wp.com\/sintradeua.org\/co\/wp-content\/uploads\/2025\/03\/COMUNICADOALAOPINIONPUBLICA4.jpg?fit=800%2C400&amp;ssl=1\" data-orig-size=\"800,400\" data-comments-opened=\"1\" data-image-meta=\"{&quot;aperture&quot;:&quot;0&quot;,&quot;credit&quot;:&quot;&quot;,&quot;camera&quot;:&quot;&quot;,&quot;caption&quot;:&quot;&quot;,&quot;created_timestamp&quot;:&quot;0&quot;,&quot;copyright&quot;:&quot;&quot;,&quot;focal_length&quot;:&quot;0&quot;,&quot;iso&quot;:&quot;0&quot;,&quot;shutter_speed&quot;:&quot;0&quot;,&quot;title&quot;:&quot;&quot;,&quot;orientation&quot;:&quot;0&quot;}\" data-image-title=\"COMUNICADO+A+LA+OPINI\u00d3N+P\u00daBLICA+(4)\" data-image-description=\"\" data-image-caption=\"\" data-large-file=\"https:\/\/i0.wp.com\/sintradeua.org\/co\/wp-content\/uploads\/2025\/03\/COMUNICADOALAOPINIONPUBLICA4.jpg?fit=640%2C320&amp;ssl=1\" class=\"alignnone size-medium wp-image-6670\" src=\"https:\/\/i0.wp.com\/www.sintradeua.org\/co\/wp-content\/uploads\/2025\/03\/COMUNICADOALAOPINIONPUBLICA4-300x150.jpg?resize=300%2C150&#038;ssl=1\" alt=\"\" width=\"300\" height=\"150\" srcset=\"https:\/\/i0.wp.com\/sintradeua.org\/co\/wp-content\/uploads\/2025\/03\/COMUNICADOALAOPINIONPUBLICA4.jpg?resize=300%2C150&amp;ssl=1 300w, https:\/\/i0.wp.com\/sintradeua.org\/co\/wp-content\/uploads\/2025\/03\/COMUNICADOALAOPINIONPUBLICA4.jpg?w=800&amp;ssl=1 800w\" sizes=\"auto, (max-width: 300px) 100vw, 300px\" \/><\/p>\n<p style=\"text-align: justify;\">Barranquilla, 17 de marzo de 2025<\/p>\n<p style=\"text-align: justify;\">La jornada del 17 de marzo en la Universidad del Atl\u00e1ntico fue testigo de un ejercicio democr\u00e1tico y leg\u00edtimo: la manifestaci\u00f3n pac\u00edfica de trabajadores, docentes, sindicalistas y estudiantes en respaldo a la reelecci\u00f3n del <strong>rector<\/strong> <strong>Danilo<\/strong> <strong>Hern\u00e1ndez<\/strong>. Convencidos de que el debate y la deliberaci\u00f3n son los pilares fundamentales de cualquier sociedad que se precie de ser democr\u00e1tica, participamos en este espacio con el respeto y la altura que amerita una universidad p\u00fablica.<\/p>\n<p style=\"text-align: justify;\">Lamentamos que, en medio de este ejercicio leg\u00edtimo de expresi\u00f3n, algunas voces hayan optado por la confrontaci\u00f3n en lugar del di\u00e1logo, intentando desvirtuar el sentido de nuestra manifestaci\u00f3n. Como testigos directos de lo ocurrido, reafirmamos que nuestra postura siempre ha sido la del respeto, el argumento y la apertura al debate de ideas. Creemos firmemente que la universidad es un espacio para la construcci\u00f3n y no para la imposici\u00f3n.<\/p>\n<p style=\"text-align: justify;\">Es preocupante que existan sectores que, lejos de contribuir a un intercambio constructivo, recurran a la provocaci\u00f3n y la distorsi\u00f3n de los hechos. No obstante, no caemos en la trampa de la confrontaci\u00f3n innecesaria. Nuestra respuesta seguir\u00e1 siendo la misma: el di\u00e1logo con altura, la exposici\u00f3n de ideas y el respeto por las diferencias.<\/p>\n<p style=\"text-align: justify;\">Hacemos un llamado a toda la comunidad universitaria a que no se deje llevar por versiones que buscan polarizar y dividirnos. La grandeza de una instituci\u00f3n se mide por la capacidad de sus integrantes para superar las diferencias con madurez, sensatez y visi\u00f3n de futuro.<\/p>\n<p style=\"text-align: justify;\"><strong>No responderemos a la provocaci\u00f3n con m\u00e1s provocaci\u00f3n. Responderemos con hechos, con argumentos y con la tranquilidad de quienes tienen la certeza de estar en el camino correcto.<\/strong><\/p>\n<p style=\"text-align: justify;\">Atentamente,<\/p>\n<p style=\"text-align: justify;\"><strong>SINTRADEUA\u00a0<\/strong><\/p>\n","protected":false},"excerpt":{"rendered":"<p>Barranquilla, 17 de marzo de 2025 La jornada del 17 de marzo en la Universidad del Atl\u00e1ntico fue testigo de un ejercicio democr\u00e1tico y leg\u00edtimo: la manifestaci\u00f3n pac\u00edfica de trabajadores, docentes, sindicalistas y estudiantes en respaldo a la reelecci\u00f3n del rector Danilo Hern\u00e1ndez. Convencidos de que el debate y la deliberaci\u00f3n son los pilares fundamentales&#8230;<\/p>\n","protected":false},"author":2,"featured_media":6670,"comment_status":"open","ping_status":"open","sticky":false,"template":"","format":"standard","meta":{"advanced_seo_description":"","jetpack_seo_html_title":"","jetpack_seo_noindex":false,"jetpack_post_was_ever_published":false,"_jetpack_newsletter_access":"","_jetpack_dont_email_post_to_subs":false,"_jetpack_newsletter_tier_id":0,"_jetpack_memberships_contains_paywalled_content":false,"_jetpack_memberships_contains_paid_content":false,"footnotes":"","jetpack_publicize_message":"","jetpack_publicize_feature_enabled":true,"jetpack_social_post_already_shared":true,"jetpack_social_options":{"image_generator_settings":{"template":"highway","default_image_id":0,"font":"","enabled":false},"version":2}},"categories":[2],"tags":[],"class_list":["post-6669","post","type-post","status-publish","format-standard","has-post-thumbnail","hentry","category-noticias"],"jetpack_publicize_connections":[],"jetpack_featured_media_url":"https:\/\/i0.wp.com\/sintradeua.org\/co\/wp-content\/uploads\/2025\/03\/COMUNICADOALAOPINIONPUBLICA4.jpg?fit=800%2C400&ssl=1","jetpack_sharing_enabled":true,"jetpack_shortlink":"https:\/\/wp.me\/paSj5R-1Jz","_links":{"self":[{"href":"https:\/\/sintradeua.org\/co\/wp-json\/wp\/v2\/posts\/6669","targetHints":{"allow":["GET"]}}],"collection":[{"href":"https:\/\/sintradeua.org\/co\/wp-json\/wp\/v2\/posts"}],"about":[{"href":"https:\/\/sintradeua.org\/co\/wp-json\/wp\/v2\/types\/post"}],"author":[{"embeddable":true,"href":"https:\/\/sintradeua.org\/co\/wp-json\/wp\/v2\/users\/2"}],"replies":[{"embeddable":true,"href":"https:\/\/sintradeua.org\/co\/wp-json\/wp\/v2\/comments?post=6669"}],"version-history":[{"count":3,"href":"https:\/\/sintradeua.org\/co\/wp-json\/wp\/v2\/posts\/6669\/revisions"}],"predecessor-version":[{"id":6673,"href":"https:\/\/sintradeua.org\/co\/wp-json\/wp\/v2\/posts\/6669\/revisions\/6673"}],"wp:featuredmedia":[{"embeddable":true,"href":"https:\/\/sintradeua.org\/co\/wp-json\/wp\/v2\/media\/6670"}],"wp:attachment":[{"href":"https:\/\/sintradeua.org\/co\/wp-json\/wp\/v2\/media?parent=6669"}],"wp:term":[{"taxonomy":"category","embeddable":true,"href":"https:\/\/sintradeua.org\/co\/wp-json\/wp\/v2\/categories?post=6669"},{"taxonomy":"post_tag","embeddable":true,"href":"https:\/\/sintradeua.org\/co\/wp-json\/wp\/v2\/tags?post=6669"}],"curies":[{"name":"wp","href":"https:\/\/api.w.org\/{rel}","templated":true}]}}