{"id":6596,"date":"2025-02-18T18:47:33","date_gmt":"2025-02-18T23:47:33","guid":{"rendered":"https:\/\/www.sintradeua.org\/co\/?p=6596"},"modified":"2025-02-18T18:49:49","modified_gmt":"2025-02-18T23:49:49","slug":"la-universidad-del-atlantico-avanza-en-la-apertura-de-su-sede-en-soledad-bajo-el-liderazgo-de-su-rector-danilo-hernandez-rodriguez","status":"publish","type":"post","link":"https:\/\/sintradeua.org\/co\/la-universidad-del-atlantico-avanza-en-la-apertura-de-su-sede-en-soledad-bajo-el-liderazgo-de-su-rector-danilo-hernandez-rodriguez\/","title":{"rendered":"La Universidad del Atl\u00e1ntico avanza en la apertura de su sede en Soledad bajo el liderazgo de su rector Danilo Hern\u00e1ndez Rodr\u00edguez."},"content":{"rendered":"<p style=\"text-align: justify;\"><img data-recalc-dims=\"1\" loading=\"lazy\" decoding=\"async\" data-attachment-id=\"6597\" data-permalink=\"https:\/\/sintradeua.org\/co\/la-universidad-del-atlantico-avanza-en-la-apertura-de-su-sede-en-soledad-bajo-el-liderazgo-de-su-rector-danilo-hernandez-rodriguez\/a7c716e2dd71430ba8ceeed8eb64e6b8\/\" data-orig-file=\"https:\/\/i0.wp.com\/sintradeua.org\/co\/wp-content\/uploads\/2025\/02\/a7c716e2dd71430ba8ceeed8eb64e6b8.jpg?fit=1280%2C720&amp;ssl=1\" data-orig-size=\"1280,720\" data-comments-opened=\"1\" data-image-meta=\"{&quot;aperture&quot;:&quot;0&quot;,&quot;credit&quot;:&quot;&quot;,&quot;camera&quot;:&quot;&quot;,&quot;caption&quot;:&quot;&quot;,&quot;created_timestamp&quot;:&quot;0&quot;,&quot;copyright&quot;:&quot;&quot;,&quot;focal_length&quot;:&quot;0&quot;,&quot;iso&quot;:&quot;0&quot;,&quot;shutter_speed&quot;:&quot;0&quot;,&quot;title&quot;:&quot;&quot;,&quot;orientation&quot;:&quot;0&quot;}\" data-image-title=\"a7c716e2dd71430ba8ceeed8eb64e6b8\" data-image-description=\"\" data-image-caption=\"\" data-large-file=\"https:\/\/i0.wp.com\/sintradeua.org\/co\/wp-content\/uploads\/2025\/02\/a7c716e2dd71430ba8ceeed8eb64e6b8.jpg?fit=640%2C360&amp;ssl=1\" class=\"alignnone size-medium wp-image-6597\" src=\"https:\/\/i0.wp.com\/www.sintradeua.org\/co\/wp-content\/uploads\/2025\/02\/a7c716e2dd71430ba8ceeed8eb64e6b8-300x169.jpg?resize=300%2C169&#038;ssl=1\" alt=\"\" width=\"300\" height=\"169\" srcset=\"https:\/\/i0.wp.com\/sintradeua.org\/co\/wp-content\/uploads\/2025\/02\/a7c716e2dd71430ba8ceeed8eb64e6b8.jpg?resize=300%2C169&amp;ssl=1 300w, https:\/\/i0.wp.com\/sintradeua.org\/co\/wp-content\/uploads\/2025\/02\/a7c716e2dd71430ba8ceeed8eb64e6b8.jpg?resize=800%2C450&amp;ssl=1 800w, https:\/\/i0.wp.com\/sintradeua.org\/co\/wp-content\/uploads\/2025\/02\/a7c716e2dd71430ba8ceeed8eb64e6b8.jpg?w=1280&amp;ssl=1 1280w\" sizes=\"auto, (max-width: 300px) 100vw, 300px\" \/><\/p>\n<p><strong>Por<\/strong>: <strong>JIBS<\/strong>\u00a0<\/p>\n<p style=\"text-align: justify;\">La educaci\u00f3n superior en Soledad y la banda oriental del Atl\u00e1ntico est\u00e1 a punto de dar un salto hist\u00f3rico. Con miras a poner en funcionamiento los programas de pregrado en la sede de la Universidad del Atl\u00e1ntico en Soledad para el pr\u00f3ximo semestre, se llev\u00f3 a cabo una reuni\u00f3n clave en la Instituci\u00f3n Educativa INEM. En este encuentro participaron la Secretar\u00eda de Educaci\u00f3n Municipal y la Jefatura de Infraestructura F\u00edsica y de Planeaci\u00f3n de la universidad, con el objetivo de consolidar los convenios y contratos que permitir\u00e1n hacer realidad este importante proyecto.<\/p>\n<p style=\"text-align: justify;\">El jefe de Infraestructura F\u00edsica, <strong>John<\/strong> <strong>Vecino<\/strong>, y el jefe de Planeaci\u00f3n, <strong>Carlos<\/strong> <strong>Hern\u00e1ndez<\/strong>, han desempe\u00f1ado un papel crucial en la articulaci\u00f3n de los aspectos t\u00e9cnicos y estrat\u00e9gicos que har\u00e1n posible la apertura de la sede. Su labor ha sido fundamental en la materializaci\u00f3n del proyecto, asegurando que cada detalle est\u00e9 alineado con las necesidades de la comunidad educativa.<\/p>\n<p style=\"text-align: justify;\"><img data-recalc-dims=\"1\" loading=\"lazy\" decoding=\"async\" data-attachment-id=\"6598\" data-permalink=\"https:\/\/sintradeua.org\/co\/la-universidad-del-atlantico-avanza-en-la-apertura-de-su-sede-en-soledad-bajo-el-liderazgo-de-su-rector-danilo-hernandez-rodriguez\/ddfdf21d41b5424cb7b2850403e836fe\/\" data-orig-file=\"https:\/\/i0.wp.com\/sintradeua.org\/co\/wp-content\/uploads\/2025\/02\/ddfdf21d41b5424cb7b2850403e836fe.jpg?fit=1280%2C730&amp;ssl=1\" data-orig-size=\"1280,730\" data-comments-opened=\"1\" data-image-meta=\"{&quot;aperture&quot;:&quot;0&quot;,&quot;credit&quot;:&quot;&quot;,&quot;camera&quot;:&quot;&quot;,&quot;caption&quot;:&quot;&quot;,&quot;created_timestamp&quot;:&quot;0&quot;,&quot;copyright&quot;:&quot;&quot;,&quot;focal_length&quot;:&quot;0&quot;,&quot;iso&quot;:&quot;0&quot;,&quot;shutter_speed&quot;:&quot;0&quot;,&quot;title&quot;:&quot;&quot;,&quot;orientation&quot;:&quot;0&quot;}\" data-image-title=\"ddfdf21d41b5424cb7b2850403e836fe\" data-image-description=\"\" data-image-caption=\"\" data-large-file=\"https:\/\/i0.wp.com\/sintradeua.org\/co\/wp-content\/uploads\/2025\/02\/ddfdf21d41b5424cb7b2850403e836fe.jpg?fit=640%2C365&amp;ssl=1\" class=\"alignnone size-medium wp-image-6598\" src=\"https:\/\/i0.wp.com\/www.sintradeua.org\/co\/wp-content\/uploads\/2025\/02\/ddfdf21d41b5424cb7b2850403e836fe-300x171.jpg?resize=300%2C171&#038;ssl=1\" alt=\"\" width=\"300\" height=\"171\" srcset=\"https:\/\/i0.wp.com\/sintradeua.org\/co\/wp-content\/uploads\/2025\/02\/ddfdf21d41b5424cb7b2850403e836fe.jpg?resize=300%2C171&amp;ssl=1 300w, https:\/\/i0.wp.com\/sintradeua.org\/co\/wp-content\/uploads\/2025\/02\/ddfdf21d41b5424cb7b2850403e836fe.jpg?resize=800%2C456&amp;ssl=1 800w, https:\/\/i0.wp.com\/sintradeua.org\/co\/wp-content\/uploads\/2025\/02\/ddfdf21d41b5424cb7b2850403e836fe.jpg?w=1280&amp;ssl=1 1280w\" sizes=\"auto, (max-width: 300px) 100vw, 300px\" \/><\/p>\n<p style=\"text-align: justify;\">Sin embargo, este gran avance no es un hecho aislado, sino el reflejo del liderazgo y la visi\u00f3n estrat\u00e9gica del rector <strong>Danilo<\/strong> <strong>Hern\u00e1ndez<\/strong> <strong>Rodr\u00edguez<\/strong>. <span style=\"text-decoration: underline;\">Bajo su direcci\u00f3n, la Universidad del Atl\u00e1ntico ha fortalecido su compromiso con la descentralizaci\u00f3n de la educaci\u00f3n superior, garantizando que m\u00e1s j\u00f3venes tengan acceso a formaci\u00f3n de calidad sin necesidad de desplazarse hasta Barranquilla<\/span>. Su gesti\u00f3n ha sido clave en la consolidaci\u00f3n de alianzas interinstitucionales que han permitido viabilizar este proyecto, que transformar\u00e1 el futuro de miles de estudiantes.<\/p>\n<p style=\"text-align: justify;\">Este esfuerzo conjunto entre la Universidad del Atl\u00e1ntico y la administraci\u00f3n municipal de Soledad es un paso firme hacia la democratizaci\u00f3n del acceso a la educaci\u00f3n superior en el departamento. La expectativa ahora est\u00e1 puesta en la ejecuci\u00f3n de los \u00faltimos tr\u00e1mites para que, en el pr\u00f3ximo semestre, los j\u00f3venes solede\u00f1os puedan iniciar su formaci\u00f3n profesional en una sede m\u00e1s cercana a sus hogares, un sue\u00f1o que pronto se convertir\u00e1 en realidad gracias a la visi\u00f3n y liderazgo institucional.<\/p>\n<p style=\"text-align: justify;\">\u00a0<\/p>\n","protected":false},"excerpt":{"rendered":"<p>Por: JIBS\u00a0 La educaci\u00f3n superior en Soledad y la banda oriental del Atl\u00e1ntico est\u00e1 a punto de dar un salto hist\u00f3rico. Con miras a poner en funcionamiento los programas de pregrado en la sede de la Universidad del Atl\u00e1ntico en Soledad para el pr\u00f3ximo semestre, se llev\u00f3 a cabo una reuni\u00f3n clave en la Instituci\u00f3n&#8230;<\/p>\n","protected":false},"author":2,"featured_media":6597,"comment_status":"open","ping_status":"open","sticky":false,"template":"","format":"standard","meta":{"advanced_seo_description":"","jetpack_seo_html_title":"","jetpack_seo_noindex":false,"jetpack_post_was_ever_published":false,"_jetpack_newsletter_access":"","_jetpack_dont_email_post_to_subs":false,"_jetpack_newsletter_tier_id":0,"_jetpack_memberships_contains_paywalled_content":false,"_jetpack_memberships_contains_paid_content":false,"footnotes":"","jetpack_publicize_message":"","jetpack_publicize_feature_enabled":true,"jetpack_social_post_already_shared":true,"jetpack_social_options":{"image_generator_settings":{"template":"highway","default_image_id":0,"font":"","enabled":false},"version":2}},"categories":[2],"tags":[],"class_list":["post-6596","post","type-post","status-publish","format-standard","has-post-thumbnail","hentry","category-noticias"],"jetpack_publicize_connections":[],"jetpack_featured_media_url":"https:\/\/i0.wp.com\/sintradeua.org\/co\/wp-content\/uploads\/2025\/02\/a7c716e2dd71430ba8ceeed8eb64e6b8.jpg?fit=1280%2C720&ssl=1","jetpack_sharing_enabled":true,"jetpack_shortlink":"https:\/\/wp.me\/paSj5R-1Io","_links":{"self":[{"href":"https:\/\/sintradeua.org\/co\/wp-json\/wp\/v2\/posts\/6596","targetHints":{"allow":["GET"]}}],"collection":[{"href":"https:\/\/sintradeua.org\/co\/wp-json\/wp\/v2\/posts"}],"about":[{"href":"https:\/\/sintradeua.org\/co\/wp-json\/wp\/v2\/types\/post"}],"author":[{"embeddable":true,"href":"https:\/\/sintradeua.org\/co\/wp-json\/wp\/v2\/users\/2"}],"replies":[{"embeddable":true,"href":"https:\/\/sintradeua.org\/co\/wp-json\/wp\/v2\/comments?post=6596"}],"version-history":[{"count":3,"href":"https:\/\/sintradeua.org\/co\/wp-json\/wp\/v2\/posts\/6596\/revisions"}],"predecessor-version":[{"id":6601,"href":"https:\/\/sintradeua.org\/co\/wp-json\/wp\/v2\/posts\/6596\/revisions\/6601"}],"wp:featuredmedia":[{"embeddable":true,"href":"https:\/\/sintradeua.org\/co\/wp-json\/wp\/v2\/media\/6597"}],"wp:attachment":[{"href":"https:\/\/sintradeua.org\/co\/wp-json\/wp\/v2\/media?parent=6596"}],"wp:term":[{"taxonomy":"category","embeddable":true,"href":"https:\/\/sintradeua.org\/co\/wp-json\/wp\/v2\/categories?post=6596"},{"taxonomy":"post_tag","embeddable":true,"href":"https:\/\/sintradeua.org\/co\/wp-json\/wp\/v2\/tags?post=6596"}],"curies":[{"name":"wp","href":"https:\/\/api.w.org\/{rel}","templated":true}]}}