{"id":6577,"date":"2025-02-11T18:09:12","date_gmt":"2025-02-11T23:09:12","guid":{"rendered":"https:\/\/www.sintradeua.org\/co\/?p=6577"},"modified":"2025-02-11T18:38:25","modified_gmt":"2025-02-11T23:38:25","slug":"reeleccion-para-decanos-pero-no-para-el-rector-la-contradiccion-que-debe-resolverse","status":"publish","type":"post","link":"https:\/\/sintradeua.org\/co\/reeleccion-para-decanos-pero-no-para-el-rector-la-contradiccion-que-debe-resolverse\/","title":{"rendered":"\u00bfReelecci\u00f3n para Decanos, pero no para el Rector? La Contradicci\u00f3n que debe resolverse"},"content":{"rendered":"<p style=\"text-align: justify;\"><img data-recalc-dims=\"1\" loading=\"lazy\" decoding=\"async\" data-attachment-id=\"6578\" data-permalink=\"https:\/\/sintradeua.org\/co\/reeleccion-para-decanos-pero-no-para-el-rector-la-contradiccion-que-debe-resolverse\/3fpjz6g7krgtdpwfodnlytwxle\/\" data-orig-file=\"https:\/\/i0.wp.com\/sintradeua.org\/co\/wp-content\/uploads\/2025\/02\/3FPJZ6G7KRGTDPWFODNLYTWXLE.jpg?fit=1280%2C720&amp;ssl=1\" data-orig-size=\"1280,720\" data-comments-opened=\"1\" data-image-meta=\"{&quot;aperture&quot;:&quot;0&quot;,&quot;credit&quot;:&quot;&quot;,&quot;camera&quot;:&quot;&quot;,&quot;caption&quot;:&quot;&quot;,&quot;created_timestamp&quot;:&quot;0&quot;,&quot;copyright&quot;:&quot;&quot;,&quot;focal_length&quot;:&quot;0&quot;,&quot;iso&quot;:&quot;0&quot;,&quot;shutter_speed&quot;:&quot;0&quot;,&quot;title&quot;:&quot;&quot;,&quot;orientation&quot;:&quot;0&quot;}\" data-image-title=\"3FPJZ6G7KRGTDPWFODNLYTWXLE\" data-image-description=\"\" data-image-caption=\"\" data-large-file=\"https:\/\/i0.wp.com\/sintradeua.org\/co\/wp-content\/uploads\/2025\/02\/3FPJZ6G7KRGTDPWFODNLYTWXLE.jpg?fit=640%2C360&amp;ssl=1\" class=\"alignnone size-medium wp-image-6578\" src=\"https:\/\/i0.wp.com\/www.sintradeua.org\/co\/wp-content\/uploads\/2025\/02\/3FPJZ6G7KRGTDPWFODNLYTWXLE-300x169.jpg?resize=300%2C169&#038;ssl=1\" alt=\"\" width=\"300\" height=\"169\" srcset=\"https:\/\/i0.wp.com\/sintradeua.org\/co\/wp-content\/uploads\/2025\/02\/3FPJZ6G7KRGTDPWFODNLYTWXLE.jpg?resize=300%2C169&amp;ssl=1 300w, https:\/\/i0.wp.com\/sintradeua.org\/co\/wp-content\/uploads\/2025\/02\/3FPJZ6G7KRGTDPWFODNLYTWXLE.jpg?resize=800%2C450&amp;ssl=1 800w, https:\/\/i0.wp.com\/sintradeua.org\/co\/wp-content\/uploads\/2025\/02\/3FPJZ6G7KRGTDPWFODNLYTWXLE.jpg?w=1280&amp;ssl=1 1280w\" sizes=\"auto, (max-width: 300px) 100vw, 300px\" \/><\/p>\n<p><strong>Por: JIBS<\/strong><\/p>\n<p style=\"text-align: justify;\">Las instituciones s\u00f3lidas se construyen con liderazgo, visi\u00f3n y continuidad. La Universidad del Atl\u00e1ntico no es la excepci\u00f3n. Sin embargo, una contradicci\u00f3n en su Estatuto General pone en riesgo la estabilidad de su m\u00e1xima direcci\u00f3n: mientras los decanos pueden ser reelegidos inmediatamente, el rector no tiene esa posibilidad, aun cuando su gesti\u00f3n haya sido sobresaliente.<\/p>\n<p style=\"text-align: justify;\">Este doble rasero no solo es il\u00f3gico, sino que atenta contra la consolidaci\u00f3n de procesos exitosos. Hoy, m\u00e1s que nunca, la comunidad universitaria debe preguntarse: <strong>\u00bf<\/strong>por qu\u00e9 se permite la continuidad en las facultades, pero se limita la del rector?<\/p>\n<p style=\"text-align: justify;\"><strong>\u00abEl caso de Danilo Hern\u00e1ndez: una gesti\u00f3n que no puede interrumpirse\u00bb<\/strong><\/p>\n<p style=\"text-align: justify;\">La actual rector\u00eda de Danilo Hern\u00e1ndez ha demostrado con hechos que es posible construir una universidad m\u00e1s fuerte, transparente y comprometida con la excelencia acad\u00e9mica. Su liderazgo ha marcado un antes y un despu\u00e9s en la instituci\u00f3n, impulsando avances en infraestructura, investigaci\u00f3n y bienestar estudiantil.<\/p>\n<p style=\"text-align: justify;\">Es innegable que una administraci\u00f3n bien encaminada necesita tiempo para consolidar su visi\u00f3n. Limitar la reelecci\u00f3n inmediata del rector es obligar a la universidad a un cambio que, lejos de aportar, puede frenar procesos que hoy benefician a toda la comunidad acad\u00e9mica.<\/p>\n<p style=\"text-align: justify;\"><strong>\u00abLa necesidad de una reforma: estabilidad para avanzar\u00bb<\/strong><\/p>\n<p style=\"text-align: justify;\">Si el Estatuto General permite que los decanos sean reelegidos, el mismo principio deber\u00eda aplicarse al rector. La estabilidad en la direcci\u00f3n es fundamental para garantizar el desarrollo de una universidad que compite a nivel nacional e internacional. No podemos darnos el lujo de perder un <span style=\"text-decoration: underline;\"><strong>liderazgo<\/strong> <strong>probado<\/strong><\/span> por una restricci\u00f3n que no responde a criterios de eficiencia, sino a un tecnicismo normativo.<\/p>\n<p style=\"text-align: justify;\">La Universidad del Atl\u00e1ntico debe decidir si quiere continuar con el progreso o arriesgarse a una transici\u00f3n incierta. La reelecci\u00f3n inmediata del rector no solo es una cuesti\u00f3n de justicia, sino una necesidad para la consolidaci\u00f3n de un proyecto educativo que ha dado resultados.<\/p>\n<p style=\"text-align: justify;\"><strong>\u00abConclusi\u00f3n: una pregunta clave\u00bb<\/strong><\/p>\n<p style=\"text-align: justify;\">Si la Universidad permite que los decanos sean reelegidos, \u00bf<strong>por qu\u00e9 impedir la continuidad de un rector cuya gesti\u00f3n ha sido exitosa?<\/strong> La comunidad universitaria tiene en sus manos la oportunidad de exigir una reforma que garantice estabilidad y crecimiento. La educaci\u00f3n superior necesita l\u00edderes con visi\u00f3n y tiempo para materializar sus proyectos. <span style=\"text-decoration: underline;\"><strong>Hoy, el Consejo Superior tiene la responsabilidad de destrabar un debate que ha sido aplazado con argucias que solo buscan bloquear la discusi\u00f3n<\/strong><\/span>. Es momento de actuar con transparencia y en beneficio de la universidad, priorizando el futuro de la instituci\u00f3n sobre los intereses de unos pocos.<\/p>\n<p style=\"text-align: justify;\"><span style=\"text-decoration: underline;\">Hoy, el mejor argumento para permitir la reelecci\u00f3n inmediata del rector es la propia gesti\u00f3n de Danilo Hern\u00e1ndez. Su trabajo es la mejor carta de presentaci\u00f3n para seguir avanzando. La Universidad del Atl\u00e1ntico merece una direcci\u00f3n estable, con liderazgo probado y sin interrupciones innecesarias.<\/span><\/p>\n","protected":false},"excerpt":{"rendered":"<p>Por: JIBS Las instituciones s\u00f3lidas se construyen con liderazgo, visi\u00f3n y continuidad. La Universidad del Atl\u00e1ntico no es la excepci\u00f3n. Sin embargo, una contradicci\u00f3n en su Estatuto General pone en riesgo la estabilidad de su m\u00e1xima direcci\u00f3n: mientras los decanos pueden ser reelegidos inmediatamente, el rector no tiene esa posibilidad, aun cuando su gesti\u00f3n haya&#8230;<\/p>\n","protected":false},"author":2,"featured_media":6578,"comment_status":"open","ping_status":"open","sticky":false,"template":"","format":"standard","meta":{"advanced_seo_description":"","jetpack_seo_html_title":"","jetpack_seo_noindex":false,"jetpack_post_was_ever_published":false,"_jetpack_newsletter_access":"","_jetpack_dont_email_post_to_subs":false,"_jetpack_newsletter_tier_id":0,"_jetpack_memberships_contains_paywalled_content":false,"_jetpack_memberships_contains_paid_content":false,"footnotes":"","jetpack_publicize_message":"","jetpack_publicize_feature_enabled":true,"jetpack_social_post_already_shared":true,"jetpack_social_options":{"image_generator_settings":{"template":"highway","default_image_id":0,"font":"","enabled":false},"version":2}},"categories":[2],"tags":[],"class_list":["post-6577","post","type-post","status-publish","format-standard","has-post-thumbnail","hentry","category-noticias"],"jetpack_publicize_connections":[],"jetpack_featured_media_url":"https:\/\/i0.wp.com\/sintradeua.org\/co\/wp-content\/uploads\/2025\/02\/3FPJZ6G7KRGTDPWFODNLYTWXLE.jpg?fit=1280%2C720&ssl=1","jetpack_sharing_enabled":true,"jetpack_shortlink":"https:\/\/wp.me\/paSj5R-1I5","_links":{"self":[{"href":"https:\/\/sintradeua.org\/co\/wp-json\/wp\/v2\/posts\/6577","targetHints":{"allow":["GET"]}}],"collection":[{"href":"https:\/\/sintradeua.org\/co\/wp-json\/wp\/v2\/posts"}],"about":[{"href":"https:\/\/sintradeua.org\/co\/wp-json\/wp\/v2\/types\/post"}],"author":[{"embeddable":true,"href":"https:\/\/sintradeua.org\/co\/wp-json\/wp\/v2\/users\/2"}],"replies":[{"embeddable":true,"href":"https:\/\/sintradeua.org\/co\/wp-json\/wp\/v2\/comments?post=6577"}],"version-history":[{"count":3,"href":"https:\/\/sintradeua.org\/co\/wp-json\/wp\/v2\/posts\/6577\/revisions"}],"predecessor-version":[{"id":6582,"href":"https:\/\/sintradeua.org\/co\/wp-json\/wp\/v2\/posts\/6577\/revisions\/6582"}],"wp:featuredmedia":[{"embeddable":true,"href":"https:\/\/sintradeua.org\/co\/wp-json\/wp\/v2\/media\/6578"}],"wp:attachment":[{"href":"https:\/\/sintradeua.org\/co\/wp-json\/wp\/v2\/media?parent=6577"}],"wp:term":[{"taxonomy":"category","embeddable":true,"href":"https:\/\/sintradeua.org\/co\/wp-json\/wp\/v2\/categories?post=6577"},{"taxonomy":"post_tag","embeddable":true,"href":"https:\/\/sintradeua.org\/co\/wp-json\/wp\/v2\/tags?post=6577"}],"curies":[{"name":"wp","href":"https:\/\/api.w.org\/{rel}","templated":true}]}}