{"id":6568,"date":"2025-02-11T12:53:56","date_gmt":"2025-02-11T17:53:56","guid":{"rendered":"https:\/\/www.sintradeua.org\/co\/?p=6568"},"modified":"2025-02-11T14:21:19","modified_gmt":"2025-02-11T19:21:19","slug":"barranquilla-progreso-o-espejismos-las-dudas-sobre-la-gestion-de-alejandro-char","status":"publish","type":"post","link":"https:\/\/sintradeua.org\/co\/barranquilla-progreso-o-espejismos-las-dudas-sobre-la-gestion-de-alejandro-char\/","title":{"rendered":"Barranquilla \u00bfProgreso o Espejismo? Las Dudas Sobre la Gesti\u00f3n de Alejandro Char"},"content":{"rendered":"<p style=\"text-align: justify;\"><img data-recalc-dims=\"1\" loading=\"lazy\" decoding=\"async\" data-attachment-id=\"6569\" data-permalink=\"https:\/\/sintradeua.org\/co\/barranquilla-progreso-o-espejismos-las-dudas-sobre-la-gestion-de-alejandro-char\/killatown2\/\" data-orig-file=\"https:\/\/i0.wp.com\/sintradeua.org\/co\/wp-content\/uploads\/2025\/02\/killatown2.jpg?fit=786%2C522&amp;ssl=1\" data-orig-size=\"786,522\" data-comments-opened=\"1\" data-image-meta=\"{&quot;aperture&quot;:&quot;0&quot;,&quot;credit&quot;:&quot;&quot;,&quot;camera&quot;:&quot;&quot;,&quot;caption&quot;:&quot;&quot;,&quot;created_timestamp&quot;:&quot;0&quot;,&quot;copyright&quot;:&quot;&quot;,&quot;focal_length&quot;:&quot;0&quot;,&quot;iso&quot;:&quot;0&quot;,&quot;shutter_speed&quot;:&quot;0&quot;,&quot;title&quot;:&quot;&quot;,&quot;orientation&quot;:&quot;0&quot;}\" data-image-title=\"killatown2\" data-image-description=\"\" data-image-caption=\"\" data-large-file=\"https:\/\/i0.wp.com\/sintradeua.org\/co\/wp-content\/uploads\/2025\/02\/killatown2.jpg?fit=640%2C425&amp;ssl=1\" class=\"alignnone size-medium wp-image-6569\" src=\"https:\/\/i0.wp.com\/www.sintradeua.org\/co\/wp-content\/uploads\/2025\/02\/killatown2-300x199.jpg?resize=300%2C199&#038;ssl=1\" alt=\"\" width=\"300\" height=\"199\" srcset=\"https:\/\/i0.wp.com\/sintradeua.org\/co\/wp-content\/uploads\/2025\/02\/killatown2.jpg?resize=300%2C200&amp;ssl=1 300w, https:\/\/i0.wp.com\/sintradeua.org\/co\/wp-content\/uploads\/2025\/02\/killatown2.jpg?resize=600%2C400&amp;ssl=1 600w, https:\/\/i0.wp.com\/sintradeua.org\/co\/wp-content\/uploads\/2025\/02\/killatown2.jpg?w=786&amp;ssl=1 786w\" sizes=\"auto, (max-width: 300px) 100vw, 300px\" \/><\/p>\n<p style=\"text-align: justify;\"><strong>Por:JIBS<\/strong><\/p>\n<p style=\"text-align: justify;\">I.<strong> \u00abLa Barranquilla que nos muestran vs. la que vivimos\u00bb<\/strong><\/p>\n<p style=\"text-align: justify;\">Si hay algo en lo que Barranquilla es l\u00edder, es en su buena publicidad. Nos venden la idea de una ciudad en crecimiento, con grandes obras y desarrollo. Alejandro Char ha sabido construir esa imagen de \u00abalcalde trabajador\u00bb, pero en la calle la gente se pregunta: \u00bfrealmente estamos mejor?<\/p>\n<p style=\"text-align: justify;\">En medio de las luces del Carnaval y los rascacielos modernos, hay barrios olvidados, inseguridad creciente y denuncias de corrupci\u00f3n que ponen en duda el modelo de ciudad que nos han querido vender.<\/p>\n<p style=\"text-align: justify;\"><img data-recalc-dims=\"1\" loading=\"lazy\" decoding=\"async\" data-attachment-id=\"6570\" data-permalink=\"https:\/\/sintradeua.org\/co\/barranquilla-progreso-o-espejismos-las-dudas-sobre-la-gestion-de-alejandro-char\/ehtla47pbvgdpkrylg5ycr4jgu\/\" data-orig-file=\"https:\/\/i0.wp.com\/sintradeua.org\/co\/wp-content\/uploads\/2025\/02\/EHTLA47PBVGDPKRYLG5YCR4JGU.jpg?fit=1200%2C733&amp;ssl=1\" data-orig-size=\"1200,733\" data-comments-opened=\"1\" data-image-meta=\"{&quot;aperture&quot;:&quot;0&quot;,&quot;credit&quot;:&quot;&quot;,&quot;camera&quot;:&quot;&quot;,&quot;caption&quot;:&quot;&quot;,&quot;created_timestamp&quot;:&quot;0&quot;,&quot;copyright&quot;:&quot;&quot;,&quot;focal_length&quot;:&quot;0&quot;,&quot;iso&quot;:&quot;0&quot;,&quot;shutter_speed&quot;:&quot;0&quot;,&quot;title&quot;:&quot;&quot;,&quot;orientation&quot;:&quot;0&quot;}\" data-image-title=\"EHTLA47PBVGDPKRYLG5YCR4JGU\" data-image-description=\"\" data-image-caption=\"\" data-large-file=\"https:\/\/i0.wp.com\/sintradeua.org\/co\/wp-content\/uploads\/2025\/02\/EHTLA47PBVGDPKRYLG5YCR4JGU.jpg?fit=640%2C391&amp;ssl=1\" class=\"alignnone size-medium wp-image-6570\" src=\"https:\/\/i0.wp.com\/www.sintradeua.org\/co\/wp-content\/uploads\/2025\/02\/EHTLA47PBVGDPKRYLG5YCR4JGU-300x183.jpg?resize=300%2C183&#038;ssl=1\" alt=\"\" width=\"300\" height=\"183\" srcset=\"https:\/\/i0.wp.com\/sintradeua.org\/co\/wp-content\/uploads\/2025\/02\/EHTLA47PBVGDPKRYLG5YCR4JGU.jpg?resize=300%2C183&amp;ssl=1 300w, https:\/\/i0.wp.com\/sintradeua.org\/co\/wp-content\/uploads\/2025\/02\/EHTLA47PBVGDPKRYLG5YCR4JGU.jpg?resize=800%2C489&amp;ssl=1 800w, https:\/\/i0.wp.com\/sintradeua.org\/co\/wp-content\/uploads\/2025\/02\/EHTLA47PBVGDPKRYLG5YCR4JGU.jpg?w=1200&amp;ssl=1 1200w\" sizes=\"auto, (max-width: 300px) 100vw, 300px\" \/><\/p>\n<p style=\"text-align: justify;\"><strong>II<\/strong>. \u00ab<strong>Corrupci\u00f3n: denuncias que preocupan\u00bb<\/strong><\/p>\n<p style=\"text-align: justify;\">H\u00e9ctor Amaris Rodr\u00edguez, un hombre que durante 14 a\u00f1os fue pieza clave en el c\u00edrculo de confianza de Alejandro Char, rompi\u00f3 el silencio desde Miami con una carta explosiva enviada a la Fiscal\u00eda General de la Naci\u00f3n.<\/p>\n<p style=\"text-align: justify;\">En su declaraci\u00f3n, Amaris no solo habla de corrupci\u00f3n en abstracto, sino que se\u00f1ala con nombre propio al alcalde de Barranquilla como el l\u00edder de una red de desv\u00edo de recursos, compra de votos y lavado de activos a trav\u00e9s de empresas fachada. Sus acusaciones incluyen a funcionarios de la Alcald\u00eda, empresarios y aliados pol\u00edticos de Char.<\/p>\n<p style=\"text-align: justify;\">Seg\u00fan Amaris, los esquemas de corrupci\u00f3n habr\u00edan operado bajo un modelo de impunidad bien estructurado, donde contratos p\u00fablicos eran adjudicados a empresas vinculadas al clan Char, desviando millones de pesos que deb\u00edan beneficiar a la ciudad.<\/p>\n<p style=\"text-align: justify;\">Los casos mencionados en su declaraci\u00f3n incluyen:<\/p>\n<p style=\"text-align: justify;\"><strong>Triple<\/strong> <strong>A<\/strong>: supuesta apropiaci\u00f3n indebida de activos mediante contratos manipulados.<\/p>\n<p style=\"text-align: justify;\"><strong>IARCO<\/strong>: licitaciones ama\u00f1adas para favorecer a empresas del c\u00edrculo de Char.<\/p>\n<p style=\"text-align: justify;\"><strong>Aida Merlano y la compra de votos<\/strong>: Amaris asegura que tiene nuevas pruebas sobre la financiaci\u00f3n ilegal de campa\u00f1as pol\u00edticas y la obstrucci\u00f3n de la justicia.<\/p>\n<p style=\"text-align: justify;\"><strong>S\u00faper Tiendas Ol\u00edmpica<\/strong>: presunto lavado de dinero y triangulaci\u00f3n de recursos il\u00edcitos dentro del conglomerado empresarial de los Char.<\/p>\n<p style=\"text-align: justify;\"><img data-recalc-dims=\"1\" loading=\"lazy\" decoding=\"async\" data-attachment-id=\"6571\" data-permalink=\"https:\/\/sintradeua.org\/co\/barranquilla-progreso-o-espejismos-las-dudas-sobre-la-gestion-de-alejandro-char\/2228cce1543044a7b11c10c266e76141\/\" data-orig-file=\"https:\/\/i0.wp.com\/sintradeua.org\/co\/wp-content\/uploads\/2025\/02\/2228cce1543044a7b11c10c266e76141.jpg?fit=1003%2C1280&amp;ssl=1\" data-orig-size=\"1003,1280\" data-comments-opened=\"1\" data-image-meta=\"{&quot;aperture&quot;:&quot;0&quot;,&quot;credit&quot;:&quot;&quot;,&quot;camera&quot;:&quot;&quot;,&quot;caption&quot;:&quot;&quot;,&quot;created_timestamp&quot;:&quot;0&quot;,&quot;copyright&quot;:&quot;&quot;,&quot;focal_length&quot;:&quot;0&quot;,&quot;iso&quot;:&quot;0&quot;,&quot;shutter_speed&quot;:&quot;0&quot;,&quot;title&quot;:&quot;&quot;,&quot;orientation&quot;:&quot;0&quot;}\" data-image-title=\"2228cce1543044a7b11c10c266e76141\" data-image-description=\"\" data-image-caption=\"\" data-large-file=\"https:\/\/i0.wp.com\/sintradeua.org\/co\/wp-content\/uploads\/2025\/02\/2228cce1543044a7b11c10c266e76141.jpg?fit=627%2C800&amp;ssl=1\" class=\"alignnone size-medium wp-image-6571 alignleft\" src=\"https:\/\/i0.wp.com\/www.sintradeua.org\/co\/wp-content\/uploads\/2025\/02\/2228cce1543044a7b11c10c266e76141-235x300.jpg?resize=235%2C300&#038;ssl=1\" alt=\"\" width=\"235\" height=\"300\" srcset=\"https:\/\/i0.wp.com\/sintradeua.org\/co\/wp-content\/uploads\/2025\/02\/2228cce1543044a7b11c10c266e76141.jpg?resize=235%2C300&amp;ssl=1 235w, https:\/\/i0.wp.com\/sintradeua.org\/co\/wp-content\/uploads\/2025\/02\/2228cce1543044a7b11c10c266e76141.jpg?resize=627%2C800&amp;ssl=1 627w, https:\/\/i0.wp.com\/sintradeua.org\/co\/wp-content\/uploads\/2025\/02\/2228cce1543044a7b11c10c266e76141.jpg?w=1003&amp;ssl=1 1003w\" sizes=\"auto, (max-width: 235px) 100vw, 235px\" \/><\/p>\n<p>&nbsp;<\/p>\n<p>&nbsp;<\/p>\n<p>&nbsp;<\/p>\n<p>&nbsp;<\/p>\n<p>&nbsp;<\/p>\n<p>&nbsp;<\/p>\n<p>&nbsp;<\/p>\n<p>&nbsp;<\/p>\n<p><span style=\"text-align: justify;\">P<\/span><span style=\"text-align: justify;\">ero la carta de Amaris va m\u00e1s all\u00e1 de las acusaciones. Tambi\u00e9n hace una denuncia personal: su padre, seg\u00fan \u00e9l, fue condenado injustamente por un delito que no cometi\u00f3, y ahora busca limpiar su nombre. Adem\u00e1s, reconoce que al revelar esta informaci\u00f3n pone en riesgo su vida y la de su familia, por lo que ha solicitado protecci\u00f3n a la Fiscal\u00eda.<\/span><\/p>\n<p style=\"text-align: justify;\">M\u00e1s all\u00e1 de su credibilidad, las revelaciones de Amaris abren un debate urgente: \u00bf<strong>es posible que un entramado de corrupci\u00f3n de este nivel haya operado en Barranquilla sin que nadie lo detuviera<\/strong>? Y si es cierto, \u00bf<strong>cu\u00e1nto dinero de los barranquilleros se ha perdido en el camino?<\/strong><\/p>\n<p style=\"text-align: justify;\"><strong>III. \u00abLa inseguridad: un problema que sigue creciendo\u00bb<\/strong><\/p>\n<p style=\"text-align: justify;\">Pero m\u00e1s all\u00e1 de los temas administrativos, lo que m\u00e1s siente la gente en el d\u00eda a d\u00eda es la inseguridad.<\/p>\n<p style=\"text-align: justify;\">Robos constantes en el transporte p\u00fablico y en las calles.<\/p>\n<p style=\"text-align: justify;\">Bandas organizadas que controlan sectores de la ciudad.<\/p>\n<p style=\"text-align: justify;\">Una sensaci\u00f3n de miedo que antes no era tan fuerte.<\/p>\n<p style=\"text-align: justify;\">El desarrollo de una ciudad no se mide solo en nuevas avenidas o edificios modernos, sino en la tranquilidad de su gente. Y en ese aspecto, Barranquilla tiene una deuda pendiente.<\/p>\n<p style=\"text-align: justify;\"><strong>IV<\/strong>. \u00ab<strong>La pol\u00edtica como negocio\u00bb<\/strong><\/p>\n<p style=\"text-align: justify;\">Uno de los grandes problemas de Colombia es que muchas ciudades parecen tener \u00abdue\u00f1os\u00bb. Familias que llevan d\u00e9cadas en el poder, manejando la pol\u00edtica como si fuera una empresa privada.<\/p>\n<p style=\"text-align: justify;\">El clan Char es una de esas familias. Con gran influencia en la pol\u00edtica y en los negocios, han consolidado su poder en Barranquilla y en el Atl\u00e1ntico. Y ahora, con las nuevas denuncias en su contra, surge una pregunta inc\u00f3moda: <strong>\u00bfes bueno que una sola familia tenga tanto control sobre una ciudad?<\/strong><\/p>\n<p style=\"text-align: justify;\"><strong>V.<\/strong><strong> \u00bfQu\u00e9 sigue para Barranquilla?<\/strong><\/p>\n<p style=\"text-align: justify;\">Las denuncias de corrupci\u00f3n deben ser investigadas a fondo. Si hay responsables, que respondan ante la justicia. Pero m\u00e1s all\u00e1 de eso, los ciudadanos tenemos que preguntarnos:<\/p>\n<p style=\"text-align: justify;\">\u00bf<strong>Nos conformamos con el desarrollo que nos muestran en redes sociales o exigimos soluciones a los problemas reales?<\/strong><\/p>\n<p style=\"text-align: justify;\"><strong>\u00bfVamos a seguir votando por las mismas caras sin cuestionar?<\/strong><\/p>\n<p style=\"text-align: justify;\">\u00bf<strong>Estamos dispuestos a exigir transparencia en el manejo de los recursos p\u00fablicos?<\/strong><\/p>\n<p style=\"text-align: justify;\">Barranquilla tiene un enorme potencial, pero su futuro depende de que la ciudadan\u00eda est\u00e9 informada, cr\u00edtica y dispuesta a participar en las decisiones de la ciudad.<\/p>\n<p style=\"text-align: justify;\">El progreso no puede ser solo una imagen bien vendida. Debe sentirse en las calles, en la seguridad, en la calidad de vida de todos, no solo de unos pocos.<\/p>\n<p style=\"text-align: justify;\">\u00a0<\/p>\n","protected":false},"excerpt":{"rendered":"<p>Por:JIBS I. \u00abLa Barranquilla que nos muestran vs. la que vivimos\u00bb Si hay algo en lo que Barranquilla es l\u00edder, es en su buena publicidad. Nos venden la idea de una ciudad en crecimiento, con grandes obras y desarrollo. Alejandro Char ha sabido construir esa imagen de \u00abalcalde trabajador\u00bb, pero en la calle la gente&#8230;<\/p>\n","protected":false},"author":2,"featured_media":6569,"comment_status":"open","ping_status":"open","sticky":false,"template":"","format":"standard","meta":{"advanced_seo_description":"","jetpack_seo_html_title":"","jetpack_seo_noindex":false,"jetpack_post_was_ever_published":false,"_jetpack_newsletter_access":"","_jetpack_dont_email_post_to_subs":false,"_jetpack_newsletter_tier_id":0,"_jetpack_memberships_contains_paywalled_content":false,"_jetpack_memberships_contains_paid_content":false,"footnotes":"","jetpack_publicize_message":"","jetpack_publicize_feature_enabled":true,"jetpack_social_post_already_shared":true,"jetpack_social_options":{"image_generator_settings":{"template":"highway","default_image_id":0,"font":"","enabled":false},"version":2}},"categories":[2],"tags":[],"class_list":["post-6568","post","type-post","status-publish","format-standard","has-post-thumbnail","hentry","category-noticias"],"jetpack_publicize_connections":[],"jetpack_featured_media_url":"https:\/\/i0.wp.com\/sintradeua.org\/co\/wp-content\/uploads\/2025\/02\/killatown2.jpg?fit=786%2C522&ssl=1","jetpack_sharing_enabled":true,"jetpack_shortlink":"https:\/\/wp.me\/paSj5R-1HW","_links":{"self":[{"href":"https:\/\/sintradeua.org\/co\/wp-json\/wp\/v2\/posts\/6568","targetHints":{"allow":["GET"]}}],"collection":[{"href":"https:\/\/sintradeua.org\/co\/wp-json\/wp\/v2\/posts"}],"about":[{"href":"https:\/\/sintradeua.org\/co\/wp-json\/wp\/v2\/types\/post"}],"author":[{"embeddable":true,"href":"https:\/\/sintradeua.org\/co\/wp-json\/wp\/v2\/users\/2"}],"replies":[{"embeddable":true,"href":"https:\/\/sintradeua.org\/co\/wp-json\/wp\/v2\/comments?post=6568"}],"version-history":[{"count":4,"href":"https:\/\/sintradeua.org\/co\/wp-json\/wp\/v2\/posts\/6568\/revisions"}],"predecessor-version":[{"id":6575,"href":"https:\/\/sintradeua.org\/co\/wp-json\/wp\/v2\/posts\/6568\/revisions\/6575"}],"wp:featuredmedia":[{"embeddable":true,"href":"https:\/\/sintradeua.org\/co\/wp-json\/wp\/v2\/media\/6569"}],"wp:attachment":[{"href":"https:\/\/sintradeua.org\/co\/wp-json\/wp\/v2\/media?parent=6568"}],"wp:term":[{"taxonomy":"category","embeddable":true,"href":"https:\/\/sintradeua.org\/co\/wp-json\/wp\/v2\/categories?post=6568"},{"taxonomy":"post_tag","embeddable":true,"href":"https:\/\/sintradeua.org\/co\/wp-json\/wp\/v2\/tags?post=6568"}],"curies":[{"name":"wp","href":"https:\/\/api.w.org\/{rel}","templated":true}]}}