{"id":6549,"date":"2025-02-08T21:06:21","date_gmt":"2025-02-09T02:06:21","guid":{"rendered":"https:\/\/www.sintradeua.org\/co\/?p=6549"},"modified":"2025-02-08T21:07:03","modified_gmt":"2025-02-09T02:07:03","slug":"barranquilla-y-puerto-colombia-un-fallo-con-implicaciones-mas-alla-del-territorio","status":"publish","type":"post","link":"https:\/\/sintradeua.org\/co\/barranquilla-y-puerto-colombia-un-fallo-con-implicaciones-mas-alla-del-territorio\/","title":{"rendered":"Barranquilla y Puerto Colombia: Un Fallo Con Implicaciones M\u00e1s All\u00e1 del Territorio"},"content":{"rendered":"<p style=\"text-align: justify;\"><img data-recalc-dims=\"1\" loading=\"lazy\" decoding=\"async\" data-attachment-id=\"6550\" data-permalink=\"https:\/\/sintradeua.org\/co\/barranquilla-y-puerto-colombia-un-fallo-con-implicaciones-mas-alla-del-territorio\/93201-corredor161212\/\" data-orig-file=\"https:\/\/i0.wp.com\/sintradeua.org\/co\/wp-content\/uploads\/2025\/02\/93201-corredor161212.jpg?fit=630%2C320&amp;ssl=1\" data-orig-size=\"630,320\" data-comments-opened=\"1\" data-image-meta=\"{&quot;aperture&quot;:&quot;0&quot;,&quot;credit&quot;:&quot;&quot;,&quot;camera&quot;:&quot;&quot;,&quot;caption&quot;:&quot;&quot;,&quot;created_timestamp&quot;:&quot;0&quot;,&quot;copyright&quot;:&quot;&quot;,&quot;focal_length&quot;:&quot;0&quot;,&quot;iso&quot;:&quot;0&quot;,&quot;shutter_speed&quot;:&quot;0&quot;,&quot;title&quot;:&quot;&quot;,&quot;orientation&quot;:&quot;0&quot;}\" data-image-title=\"93201-corredor161212\" data-image-description=\"\" data-image-caption=\"\" data-large-file=\"https:\/\/i0.wp.com\/sintradeua.org\/co\/wp-content\/uploads\/2025\/02\/93201-corredor161212.jpg?fit=630%2C320&amp;ssl=1\" class=\"alignnone size-medium wp-image-6550\" src=\"https:\/\/i0.wp.com\/www.sintradeua.org\/co\/wp-content\/uploads\/2025\/02\/93201-corredor161212-300x152.jpg?resize=300%2C152&#038;ssl=1\" alt=\"\" width=\"300\" height=\"152\" srcset=\"https:\/\/i0.wp.com\/sintradeua.org\/co\/wp-content\/uploads\/2025\/02\/93201-corredor161212.jpg?resize=300%2C152&amp;ssl=1 300w, https:\/\/i0.wp.com\/sintradeua.org\/co\/wp-content\/uploads\/2025\/02\/93201-corredor161212.jpg?w=630&amp;ssl=1 630w\" sizes=\"auto, (max-width: 300px) 100vw, 300px\" \/><\/p>\n<p style=\"text-align: justify;\"><strong>Por<\/strong>: <strong>JIBS<\/strong><\/p>\n<p style=\"text-align: justify;\">La reciente decisi\u00f3n del Consejo de Estado de declarar nula la ordenanza que fijaba los l\u00edmites entre Barranquilla y Puerto Colombia marca un punto de inflexi\u00f3n en la configuraci\u00f3n territorial del Atl\u00e1ntico. No se trata solo de una disputa administrativa sobre hect\u00e1reas, sino de un fallo con repercusiones econ\u00f3micas, urban\u00edsticas y pol\u00edticas que impactar\u00e1n a ambas jurisdicciones en el corto y mediano plazo.<\/p>\n<p style=\"text-align: justify;\">Con esta sentencia, Barranquilla recupera el control sobre 1.402 hect\u00e1reas del Corredor Universitario, una de las zonas de mayor valorizaci\u00f3n y desarrollo del \u00e1rea metropolitana. En este territorio se encuentran importantes universidades, colegios, centros comerciales, clubes sociales y desarrollos inmobiliarios de alto nivel, adem\u00e1s del megaproyecto Ciudad Mallorqu\u00edn, que est\u00e1 en plena ejecuci\u00f3n. Este fallo no solo redefine los l\u00edmites, sino que tambi\u00e9n redistribuye el recaudo de impuestos, quit\u00e1ndole a Puerto Colombia una fuente importante de ingresos y otorg\u00e1ndole a Barranquilla un alivio financiero en medio de un panorama de alto endeudamiento y tensi\u00f3n fiscal.<\/p>\n<p style=\"text-align: justify;\">Sin embargo, m\u00e1s all\u00e1 de los beneficios econ\u00f3micos que este fallo pueda representar para Barranquilla, es necesario preguntarse qu\u00e9 significa para la planificaci\u00f3n territorial de la regi\u00f3n y para los habitantes de este sector. \u00bfC\u00f3mo se garantizar\u00e1 la continuidad de servicios p\u00fablicos y tr\u00e1mites administrativos para quienes residen en la zona? \u00bfQu\u00e9 impacto tendr\u00e1 en la estructura de gobierno y en la relaci\u00f3n entre ambas entidades territoriales? Estas son preguntas que a\u00fan no tienen respuestas claras, pero que ser\u00e1n determinantes en la implementaci\u00f3n del fallo.<\/p>\n<p style=\"text-align: justify;\">Desde una perspectiva institucional, esta decisi\u00f3n tambi\u00e9n abre el debate sobre los mecanismos de delimitaci\u00f3n territorial en Colombia. Que una disputa de este tipo haya tardado m\u00e1s de 15 a\u00f1os en resolverse pone en evidencia la necesidad de revisar los procedimientos con los que se manejan estos conflictos y de establecer normas m\u00e1s claras y eficientes para evitar que controversias similares se prolonguen durante d\u00e9cadas, generando incertidumbre para los ciudadanos y las administraciones locales.<\/p>\n<p style=\"text-align: justify;\">El reto ahora para Barranquilla y Puerto Colombia no es solo asumir las consecuencias del fallo, sino definir una estrategia que garantice la estabilidad y el desarrollo arm\u00f3nico del \u00e1rea metropolitana. Este no puede ser un episodio m\u00e1s de disputa entre municipios vecinos, sino una oportunidad para repensar la gobernanza regional y fortalecer los lazos de cooperaci\u00f3n en una zona que, independientemente de su jurisdicci\u00f3n administrativa, comparte din\u00e1micas econ\u00f3micas, sociales y urban\u00edsticas.<\/p>\n<p style=\"text-align: justify;\">Este fallo, aunque concluyente en t\u00e9rminos legales, abre un nuevo cap\u00edtulo en la historia de Barranquilla y Puerto Colombia. Y como en todo proceso de transformaci\u00f3n territorial, lo importante no es solo qui\u00e9n se queda con el territorio, sino c\u00f3mo se administra, c\u00f3mo se planea su desarrollo y c\u00f3mo se garantiza que las decisiones tomadas beneficien realmente a la ciudadan\u00eda.<\/p>\n","protected":false},"excerpt":{"rendered":"<p>Por: JIBS La reciente decisi\u00f3n del Consejo de Estado de declarar nula la ordenanza que fijaba los l\u00edmites entre Barranquilla y Puerto Colombia marca un punto de inflexi\u00f3n en la configuraci\u00f3n territorial del Atl\u00e1ntico. No se trata solo de una disputa administrativa sobre hect\u00e1reas, sino de un fallo con repercusiones econ\u00f3micas, urban\u00edsticas y pol\u00edticas que&#8230;<\/p>\n","protected":false},"author":2,"featured_media":6550,"comment_status":"open","ping_status":"open","sticky":false,"template":"","format":"standard","meta":{"advanced_seo_description":"","jetpack_seo_html_title":"","jetpack_seo_noindex":false,"jetpack_post_was_ever_published":false,"_jetpack_newsletter_access":"","_jetpack_dont_email_post_to_subs":false,"_jetpack_newsletter_tier_id":0,"_jetpack_memberships_contains_paywalled_content":false,"_jetpack_memberships_contains_paid_content":false,"footnotes":"","jetpack_publicize_message":"","jetpack_publicize_feature_enabled":true,"jetpack_social_post_already_shared":true,"jetpack_social_options":{"image_generator_settings":{"template":"highway","default_image_id":0,"font":"","enabled":false},"version":2}},"categories":[2],"tags":[],"class_list":["post-6549","post","type-post","status-publish","format-standard","has-post-thumbnail","hentry","category-noticias"],"jetpack_publicize_connections":[],"jetpack_featured_media_url":"https:\/\/i0.wp.com\/sintradeua.org\/co\/wp-content\/uploads\/2025\/02\/93201-corredor161212.jpg?fit=630%2C320&ssl=1","jetpack_sharing_enabled":true,"jetpack_shortlink":"https:\/\/wp.me\/paSj5R-1HD","_links":{"self":[{"href":"https:\/\/sintradeua.org\/co\/wp-json\/wp\/v2\/posts\/6549","targetHints":{"allow":["GET"]}}],"collection":[{"href":"https:\/\/sintradeua.org\/co\/wp-json\/wp\/v2\/posts"}],"about":[{"href":"https:\/\/sintradeua.org\/co\/wp-json\/wp\/v2\/types\/post"}],"author":[{"embeddable":true,"href":"https:\/\/sintradeua.org\/co\/wp-json\/wp\/v2\/users\/2"}],"replies":[{"embeddable":true,"href":"https:\/\/sintradeua.org\/co\/wp-json\/wp\/v2\/comments?post=6549"}],"version-history":[{"count":1,"href":"https:\/\/sintradeua.org\/co\/wp-json\/wp\/v2\/posts\/6549\/revisions"}],"predecessor-version":[{"id":6551,"href":"https:\/\/sintradeua.org\/co\/wp-json\/wp\/v2\/posts\/6549\/revisions\/6551"}],"wp:featuredmedia":[{"embeddable":true,"href":"https:\/\/sintradeua.org\/co\/wp-json\/wp\/v2\/media\/6550"}],"wp:attachment":[{"href":"https:\/\/sintradeua.org\/co\/wp-json\/wp\/v2\/media?parent=6549"}],"wp:term":[{"taxonomy":"category","embeddable":true,"href":"https:\/\/sintradeua.org\/co\/wp-json\/wp\/v2\/categories?post=6549"},{"taxonomy":"post_tag","embeddable":true,"href":"https:\/\/sintradeua.org\/co\/wp-json\/wp\/v2\/tags?post=6549"}],"curies":[{"name":"wp","href":"https:\/\/api.w.org\/{rel}","templated":true}]}}