{"id":6511,"date":"2025-02-06T07:12:13","date_gmt":"2025-02-06T12:12:13","guid":{"rendered":"https:\/\/www.sintradeua.org\/co\/?p=6511"},"modified":"2025-02-06T07:12:13","modified_gmt":"2025-02-06T12:12:13","slug":"gaza-el-exodo-forzado-que-trump-y-netanyahu-pretenden-imponer","status":"publish","type":"post","link":"https:\/\/sintradeua.org\/co\/gaza-el-exodo-forzado-que-trump-y-netanyahu-pretenden-imponer\/","title":{"rendered":"GAZA: EL \u00c9XODO FORZADO QUE TRUMP Y NETANYAHU PRETENDEN IMPONER"},"content":{"rendered":"<p style=\"text-align: justify;\"><img data-recalc-dims=\"1\" loading=\"lazy\" decoding=\"async\" data-attachment-id=\"6512\" data-permalink=\"https:\/\/sintradeua.org\/co\/gaza-el-exodo-forzado-que-trump-y-netanyahu-pretenden-imponer\/425e8560-e359-11ef-b993-81bb2d1410fe-jpg\/\" data-orig-file=\"https:\/\/i0.wp.com\/sintradeua.org\/co\/wp-content\/uploads\/2025\/02\/425e8560-e359-11ef-b993-81bb2d1410fe.jpg.webp?fit=800%2C450&amp;ssl=1\" data-orig-size=\"800,450\" data-comments-opened=\"1\" data-image-meta=\"{&quot;aperture&quot;:&quot;0&quot;,&quot;credit&quot;:&quot;&quot;,&quot;camera&quot;:&quot;&quot;,&quot;caption&quot;:&quot;&quot;,&quot;created_timestamp&quot;:&quot;0&quot;,&quot;copyright&quot;:&quot;&quot;,&quot;focal_length&quot;:&quot;0&quot;,&quot;iso&quot;:&quot;0&quot;,&quot;shutter_speed&quot;:&quot;0&quot;,&quot;title&quot;:&quot;&quot;,&quot;orientation&quot;:&quot;0&quot;}\" data-image-title=\"425e8560-e359-11ef-b993-81bb2d1410fe.jpg\" data-image-description=\"\" data-image-caption=\"\" data-large-file=\"https:\/\/i0.wp.com\/sintradeua.org\/co\/wp-content\/uploads\/2025\/02\/425e8560-e359-11ef-b993-81bb2d1410fe.jpg.webp?fit=640%2C360&amp;ssl=1\" class=\"alignnone size-medium wp-image-6512\" src=\"https:\/\/i0.wp.com\/www.sintradeua.org\/co\/wp-content\/uploads\/2025\/02\/425e8560-e359-11ef-b993-81bb2d1410fe.jpg-300x169.webp?resize=300%2C169&#038;ssl=1\" alt=\"\" width=\"300\" height=\"169\" srcset=\"https:\/\/i0.wp.com\/sintradeua.org\/co\/wp-content\/uploads\/2025\/02\/425e8560-e359-11ef-b993-81bb2d1410fe.jpg.webp?resize=300%2C169&amp;ssl=1 300w, https:\/\/i0.wp.com\/sintradeua.org\/co\/wp-content\/uploads\/2025\/02\/425e8560-e359-11ef-b993-81bb2d1410fe.jpg.webp?w=800&amp;ssl=1 800w\" sizes=\"auto, (max-width: 300px) 100vw, 300px\" \/><\/p>\n<p><strong>Por<\/strong>: <strong>JIBS<\/strong><\/p>\n<p style=\"text-align: justify;\">La historia est\u00e1 plagada de cap\u00edtulos oscuros donde la fuerza bruta impone su voluntad sobre los pueblos indefensos. Pero hay algo especialmente macabro en la idea de despojar a una naci\u00f3n de su tierra, arrancarla de sus ra\u00edces y justificarlo bajo el manto de la \u00abseguridad nacional\u00bb. Donald Trump y Benjam\u00edn Netanyahu, dos l\u00edderes unidos por la conveniencia pol\u00edtica, pretenden hacer exactamente eso con Palestina: borrar su presencia en Gaza y empujar a su gente hacia el exilio forzado.<\/p>\n<p style=\"text-align: justify;\"><strong>\u00abTrump y Netanyahu: el cinismo en su m\u00e1xima expresi\u00f3n\u00bb<\/strong><\/p>\n<p style=\"text-align: justify;\">Trump, siempre el estratega del caos, vuelve a demostrar que su br\u00fajula moral est\u00e1 dirigida \u00fanicamente por sus intereses pol\u00edticos. Al respaldar el desplazamiento de los palestinos, no solo busca complacer a su base ultraconservadora en EE.UU., sino tambi\u00e9n consolidar su influencia sobre el tablero geopol\u00edtico. Su lema de \u00abAmerica First\u00bb siempre ha sido un eufemismo para \u00abel mundo que se doblegue\u00bb.<\/p>\n<p style=\"text-align: justify;\">Por otro lado, Netanyahu ve en esta jugada la oportunidad de culminar su proyecto de una Israel sin palestinos, un sue\u00f1o que se ha venido materializando desde la Nakba de 1948. Para \u00e9l, cada ni\u00f1o, mujer y anciano palestino desplazado es un paso m\u00e1s hacia su idea de \u00abseguridad\u00bb, aunque el precio sea el sufrimiento de millones.<\/p>\n<p style=\"text-align: justify;\"><strong>\u00ab\u00bfY a d\u00f3nde se supone que ir\u00e1n los palestinos?\u00bb<\/strong><\/p>\n<p style=\"text-align: justify;\">Aqu\u00ed radica la brutalidad del plan: no hay un destino claro, solo el abismo del exilio. Se habla de Egipto, de Jordania, de cualquier lugar que no sea Gaza. Pero la pregunta es ineludible: \u00bftienen derecho Trump y Netanyahu a decidir el futuro de un pueblo entero? \u00bfEn qu\u00e9 momento la comunidad internacional se acostumbr\u00f3 a ver a los palestinos como fichas descartables en un tablero de ajedrez?<\/p>\n<p style=\"text-align: justify;\">Este no es solo un tema pol\u00edtico, es un drama humano. Es la historia de familias separadas, de ni\u00f1os que han vivido m\u00e1s bombardeos que d\u00edas de paz, de generaciones enteras condenadas a la incertidumbre y el desarraigo. No se trata de cifras, sino de vidas.<\/p>\n<p style=\"text-align: justify;\"><strong>\u00abLa hipocres\u00eda de Occidente y el silencio de Am\u00e9rica Latina\u00bb<\/strong><\/p>\n<p style=\"text-align: justify;\">Occidente, siempre listo para dictar lecciones de democracia y derechos humanos, se debate entre la complicidad y la indiferencia. A lo sumo, lanzan tibias condenas, sin ninguna acci\u00f3n concreta. \u00bfC\u00f3mo se puede hablar de un \u00aborden internacional basado en reglas\u00bb cuando esas reglas solo aplican para los d\u00e9biles?<\/p>\n<p style=\"text-align: justify;\">Y Am\u00e9rica Latina, con su historial de resistencia y lucha contra la opresi\u00f3n, \u00bfseguir\u00e1 callada? Este es el momento de tomar postura, de levantar la voz ante un atropello que marcar\u00e1 la historia. No podemos permitir que el destino de Palestina se decida en una oficina en Washington o Tel Aviv, sin la m\u00e1s m\u00ednima consideraci\u00f3n por su gente.<\/p>\n<p style=\"text-align: justify;\"><strong>\u00abUna reflexi\u00f3n necesaria\u00bb<\/strong><\/p>\n<p style=\"text-align: justify;\">Este no es solo un conflicto lejano, es un reflejo de c\u00f3mo el poder sigue funcionando en el mundo. Hoy es Gaza, ma\u00f1ana podr\u00eda ser cualquier otra naci\u00f3n inc\u00f3moda para las \u00e9lites globales.<\/p>\n<p style=\"text-align: justify;\">Si el siglo XXI va a ser testigo de otra limpieza \u00e9tnica disfrazada de \u00abseguridad\u00bb, entonces el futuro de la humanidad est\u00e1 condenado a repetir sus peores errores.<\/p>\n<p style=\"text-align: justify;\">La pregunta es: \u00bf<strong>vamos a ser c\u00f3mplices con nuestro silencio o vamos a resistir con nuestra voz?<\/strong><\/p>\n","protected":false},"excerpt":{"rendered":"<p>Por: JIBS La historia est\u00e1 plagada de cap\u00edtulos oscuros donde la fuerza bruta impone su voluntad sobre los pueblos indefensos. Pero hay algo especialmente macabro en la idea de despojar a una naci\u00f3n de su tierra, arrancarla de sus ra\u00edces y justificarlo bajo el manto de la \u00abseguridad nacional\u00bb. Donald Trump y Benjam\u00edn Netanyahu, dos&#8230;<\/p>\n","protected":false},"author":2,"featured_media":6512,"comment_status":"open","ping_status":"open","sticky":false,"template":"","format":"standard","meta":{"advanced_seo_description":"","jetpack_seo_html_title":"","jetpack_seo_noindex":false,"jetpack_post_was_ever_published":false,"_jetpack_newsletter_access":"","_jetpack_dont_email_post_to_subs":false,"_jetpack_newsletter_tier_id":0,"_jetpack_memberships_contains_paywalled_content":false,"_jetpack_memberships_contains_paid_content":false,"footnotes":"","jetpack_publicize_message":"","jetpack_publicize_feature_enabled":true,"jetpack_social_post_already_shared":true,"jetpack_social_options":{"image_generator_settings":{"template":"highway","default_image_id":0,"font":"","enabled":false},"version":2}},"categories":[2],"tags":[],"class_list":["post-6511","post","type-post","status-publish","format-standard","has-post-thumbnail","hentry","category-noticias"],"jetpack_publicize_connections":[],"jetpack_featured_media_url":"https:\/\/i0.wp.com\/sintradeua.org\/co\/wp-content\/uploads\/2025\/02\/425e8560-e359-11ef-b993-81bb2d1410fe.jpg.webp?fit=800%2C450&ssl=1","jetpack_sharing_enabled":true,"jetpack_shortlink":"https:\/\/wp.me\/paSj5R-1H1","_links":{"self":[{"href":"https:\/\/sintradeua.org\/co\/wp-json\/wp\/v2\/posts\/6511","targetHints":{"allow":["GET"]}}],"collection":[{"href":"https:\/\/sintradeua.org\/co\/wp-json\/wp\/v2\/posts"}],"about":[{"href":"https:\/\/sintradeua.org\/co\/wp-json\/wp\/v2\/types\/post"}],"author":[{"embeddable":true,"href":"https:\/\/sintradeua.org\/co\/wp-json\/wp\/v2\/users\/2"}],"replies":[{"embeddable":true,"href":"https:\/\/sintradeua.org\/co\/wp-json\/wp\/v2\/comments?post=6511"}],"version-history":[{"count":2,"href":"https:\/\/sintradeua.org\/co\/wp-json\/wp\/v2\/posts\/6511\/revisions"}],"predecessor-version":[{"id":6514,"href":"https:\/\/sintradeua.org\/co\/wp-json\/wp\/v2\/posts\/6511\/revisions\/6514"}],"wp:featuredmedia":[{"embeddable":true,"href":"https:\/\/sintradeua.org\/co\/wp-json\/wp\/v2\/media\/6512"}],"wp:attachment":[{"href":"https:\/\/sintradeua.org\/co\/wp-json\/wp\/v2\/media?parent=6511"}],"wp:term":[{"taxonomy":"category","embeddable":true,"href":"https:\/\/sintradeua.org\/co\/wp-json\/wp\/v2\/categories?post=6511"},{"taxonomy":"post_tag","embeddable":true,"href":"https:\/\/sintradeua.org\/co\/wp-json\/wp\/v2\/tags?post=6511"}],"curies":[{"name":"wp","href":"https:\/\/api.w.org\/{rel}","templated":true}]}}