{"id":6503,"date":"2025-02-04T22:38:50","date_gmt":"2025-02-05T03:38:50","guid":{"rendered":"https:\/\/www.sintradeua.org\/co\/?p=6503"},"modified":"2025-02-04T22:38:50","modified_gmt":"2025-02-05T03:38:50","slug":"cuando-el-miedo-paraliza-el-impacto-de-los-ataques-de-panico-en-la-salud","status":"publish","type":"post","link":"https:\/\/sintradeua.org\/co\/cuando-el-miedo-paraliza-el-impacto-de-los-ataques-de-panico-en-la-salud\/","title":{"rendered":"CUANDO EL MIEDO PARALIZA: EL IMPACTO DE LOS ATAQUES DE PANICO EN LA SALUD."},"content":{"rendered":"<p style=\"text-align: justify;\"><img data-recalc-dims=\"1\" loading=\"lazy\" decoding=\"async\" data-attachment-id=\"6504\" data-permalink=\"https:\/\/sintradeua.org\/co\/cuando-el-miedo-paraliza-el-impacto-de-los-ataques-de-panico-en-la-salud\/_128814868_gettyimages-1459299400-jpg\/\" data-orig-file=\"https:\/\/i0.wp.com\/sintradeua.org\/co\/wp-content\/uploads\/2025\/02\/128814868_gettyimages-1459299400.jpg.webp?fit=800%2C450&amp;ssl=1\" data-orig-size=\"800,450\" data-comments-opened=\"1\" data-image-meta=\"{&quot;aperture&quot;:&quot;0&quot;,&quot;credit&quot;:&quot;&quot;,&quot;camera&quot;:&quot;&quot;,&quot;caption&quot;:&quot;&quot;,&quot;created_timestamp&quot;:&quot;0&quot;,&quot;copyright&quot;:&quot;&quot;,&quot;focal_length&quot;:&quot;0&quot;,&quot;iso&quot;:&quot;0&quot;,&quot;shutter_speed&quot;:&quot;0&quot;,&quot;title&quot;:&quot;&quot;,&quot;orientation&quot;:&quot;0&quot;}\" data-image-title=\"_128814868_gettyimages-1459299400.jpg\" data-image-description=\"\" data-image-caption=\"\" data-large-file=\"https:\/\/i0.wp.com\/sintradeua.org\/co\/wp-content\/uploads\/2025\/02\/128814868_gettyimages-1459299400.jpg.webp?fit=640%2C360&amp;ssl=1\" class=\"alignnone size-medium wp-image-6504\" src=\"https:\/\/i0.wp.com\/www.sintradeua.org\/co\/wp-content\/uploads\/2025\/02\/128814868_gettyimages-1459299400.jpg-300x169.webp?resize=300%2C169&#038;ssl=1\" alt=\"\" width=\"300\" height=\"169\" srcset=\"https:\/\/i0.wp.com\/sintradeua.org\/co\/wp-content\/uploads\/2025\/02\/128814868_gettyimages-1459299400.jpg.webp?resize=300%2C169&amp;ssl=1 300w, https:\/\/i0.wp.com\/sintradeua.org\/co\/wp-content\/uploads\/2025\/02\/128814868_gettyimages-1459299400.jpg.webp?w=800&amp;ssl=1 800w\" sizes=\"auto, (max-width: 300px) 100vw, 300px\" \/><\/p>\n<p style=\"text-align: justify;\">Hace unos d\u00edas viv\u00ed uno de los momentos m\u00e1s aterradores de mi vida. Sent\u00ed que algo andaba mal en mi cuerpo, un terror indescriptible se apoder\u00f3 de m\u00ed, mi coraz\u00f3n lat\u00eda como si quisiera salirse del pecho, me faltaba el aire y un pensamiento se repet\u00eda en mi cabeza: \u00abVoy a morir\u00bb. La sensaci\u00f3n era tan intensa que termin\u00e9 en urgencias. Despu\u00e9s de varios ex\u00e1menes m\u00e9dicos, los doctores descartaron cualquier problema card\u00edaco. El diagn\u00f3stico fue claro: hab\u00eda sufrido un ataque de p\u00e1nico.<\/p>\n<p style=\"text-align: justify;\">Lo curioso es que, aunque los m\u00e9dicos me aseguraron que f\u00edsicamente estaba bien, el miedo no desapareci\u00f3. A\u00fan siento esa incertidumbre, ese temor de que algo pueda pasarme en cualquier momento. Y es que los ataques de p\u00e1nico no solo afectan en el instante en que ocurren; dejan una huella que puede alterar la vida cotidiana.<\/p>\n<p style=\"text-align: justify;\">\u00bf<strong>Qu\u00e9 es un ataque de p\u00e1nico?<\/strong><\/p>\n<p style=\"text-align: justify;\">Un ataque de p\u00e1nico es una respuesta extrema del cuerpo al estr\u00e9s y la ansiedad. Se presenta de manera repentina, con s\u00edntomas f\u00edsicos y emocionales intensos, como:<\/p>\n<p style=\"text-align: justify;\">Palpitaciones o taquicardia.<\/p>\n<p style=\"text-align: justify;\">Sensaci\u00f3n de asfixia o falta de aire.<\/p>\n<p style=\"text-align: justify;\">Mareo o desmayo.<\/p>\n<p style=\"text-align: justify;\">Escalofr\u00edos o sudoraci\u00f3n excesiva.<\/p>\n<p style=\"text-align: justify;\">Miedo a perder el control o a morir.<\/p>\n<p style=\"text-align: justify;\">Aunque el episodio puede durar solo unos minutos, la sensaci\u00f3n de vulnerabilidad se mantiene, dejando una profunda angustia. Muchas personas, despu\u00e9s de sufrir uno, viven con el miedo constante de que vuelva a ocurrir, lo que puede afectar su rutina, su sue\u00f1o y su salud mental.<\/p>\n<p style=\"text-align: justify;\"><strong>El impacto en la salud<\/strong><\/p>\n<p style=\"text-align: justify;\">Los ataques de p\u00e1nico no solo generan malestar en el momento, sino que pueden desencadenar consecuencias m\u00e1s profundas:<\/p>\n<p style=\"text-align: justify;\"><strong>Estr\u00e9s<\/strong> <strong>cr\u00f3nico<\/strong>: El cuerpo queda en estado de alerta, lo que puede generar fatiga, tensi\u00f3n muscular y dolores de cabeza.<\/p>\n<p style=\"text-align: justify;\"><strong>Problemas<\/strong> <strong>digestivos<\/strong>: La ansiedad altera el sistema digestivo, provocando n\u00e1useas, acidez o s\u00edndrome del intestino irritable.<\/p>\n<p style=\"text-align: justify;\"><strong>Miedo<\/strong> <strong>anticipatorio<\/strong>: Se desarrolla una fobia al mismo miedo, lo que lleva a evitar ciertos lugares o situaciones por temor a que ocurra otro episodio.<\/p>\n<p style=\"text-align: justify;\"><strong>Depresi\u00f3n<\/strong> <strong>o<\/strong> <strong>ansiedad<\/strong> <strong>generalizada<\/strong>: Si no se maneja adecuadamente, el miedo constante puede evolucionar hacia trastornos m\u00e1s graves.<\/p>\n<p style=\"text-align: justify;\"><strong>\u00bfQu\u00e9 hacer si sufres un ataque de p\u00e1nico?<\/strong><\/p>\n<p style=\"text-align: justify;\">Cuando la tormenta de la ansiedad llega, lo m\u00e1s importante es recordar que, aunque la sensaci\u00f3n es aterradora, no es mortal. Algunas estrategias que pueden ayudar son:<\/p>\n<p style=\"text-align: justify;\"><strong>1<\/strong>. <strong>Respirar<\/strong> <strong>profundamente<\/strong>: Inhalar por la nariz en cuatro tiempos, mantener el aire cuatro segundos y exhalar lentamente.<\/p>\n<p style=\"text-align: justify;\"><strong>2<\/strong>. <strong>Reconocer<\/strong> <strong>la<\/strong> <strong>realidad<\/strong>: Repetirse a s\u00ed mismo que es un ataque de p\u00e1nico y que pasar\u00e1.<\/p>\n<p style=\"text-align: justify;\"><strong>3.<\/strong> <strong>Conectar<\/strong> <strong>con<\/strong> <strong>el<\/strong> <strong>entorno<\/strong>: Observar y describir mentalmente cinco cosas a tu alrededor ayuda a anclar la mente al presente.<\/p>\n<p style=\"text-align: justify;\"><strong>4.<\/strong> <strong>Evitar<\/strong> <strong>la<\/strong> <strong>lucha<\/strong>: En lugar de resistirse al miedo, es mejor aceptarlo y permitir que pase.<\/p>\n<p style=\"text-align: justify;\"><strong>5.<\/strong> <strong>Buscar<\/strong> <strong>ayuda<\/strong> <strong>profesional<\/strong>: Si los ataques se repiten, un terapeuta puede ayudar a identificar la causa y desarrollar estrategias para manejarlos.<\/p>\n<p style=\"text-align: justify;\"><strong style=\"text-align: right;\">C<\/strong><strong style=\"text-align: right;\">onclusi\u00f3n<\/strong><\/p>\n<p style=\"text-align: justify;\">Los ataques de p\u00e1nico son una realidad que afecta a muchas personas, pero no tienen por qu\u00e9 definir la vida de quien los sufre. Hablar sobre ello, buscar ayuda y aplicar t\u00e9cnicas de manejo puede marcar la diferencia. Yo mismo estoy en este proceso, aprendiendo a no dejarme dominar por el miedo. Si est\u00e1s pasando por algo similar, recuerda: no est\u00e1s solo, y con el apoyo adecuado, es posible recuperar la tranquilidad.<\/p>\n","protected":false},"excerpt":{"rendered":"<p>Hace unos d\u00edas viv\u00ed uno de los momentos m\u00e1s aterradores de mi vida. Sent\u00ed que algo andaba mal en mi cuerpo, un terror indescriptible se apoder\u00f3 de m\u00ed, mi coraz\u00f3n lat\u00eda como si quisiera salirse del pecho, me faltaba el aire y un pensamiento se repet\u00eda en mi cabeza: \u00abVoy a morir\u00bb. La sensaci\u00f3n era&#8230;<\/p>\n","protected":false},"author":2,"featured_media":6504,"comment_status":"open","ping_status":"open","sticky":false,"template":"","format":"standard","meta":{"advanced_seo_description":"","jetpack_seo_html_title":"","jetpack_seo_noindex":false,"jetpack_post_was_ever_published":false,"_jetpack_newsletter_access":"","_jetpack_dont_email_post_to_subs":false,"_jetpack_newsletter_tier_id":0,"_jetpack_memberships_contains_paywalled_content":false,"_jetpack_memberships_contains_paid_content":false,"footnotes":"","jetpack_publicize_message":"","jetpack_publicize_feature_enabled":true,"jetpack_social_post_already_shared":true,"jetpack_social_options":{"image_generator_settings":{"template":"highway","default_image_id":0,"font":"","enabled":false},"version":2}},"categories":[3],"tags":[],"class_list":["post-6503","post","type-post","status-publish","format-standard","has-post-thumbnail","hentry","category-galeria"],"jetpack_publicize_connections":[],"jetpack_featured_media_url":"https:\/\/i0.wp.com\/sintradeua.org\/co\/wp-content\/uploads\/2025\/02\/128814868_gettyimages-1459299400.jpg.webp?fit=800%2C450&ssl=1","jetpack_sharing_enabled":true,"jetpack_shortlink":"https:\/\/wp.me\/paSj5R-1GT","_links":{"self":[{"href":"https:\/\/sintradeua.org\/co\/wp-json\/wp\/v2\/posts\/6503","targetHints":{"allow":["GET"]}}],"collection":[{"href":"https:\/\/sintradeua.org\/co\/wp-json\/wp\/v2\/posts"}],"about":[{"href":"https:\/\/sintradeua.org\/co\/wp-json\/wp\/v2\/types\/post"}],"author":[{"embeddable":true,"href":"https:\/\/sintradeua.org\/co\/wp-json\/wp\/v2\/users\/2"}],"replies":[{"embeddable":true,"href":"https:\/\/sintradeua.org\/co\/wp-json\/wp\/v2\/comments?post=6503"}],"version-history":[{"count":1,"href":"https:\/\/sintradeua.org\/co\/wp-json\/wp\/v2\/posts\/6503\/revisions"}],"predecessor-version":[{"id":6505,"href":"https:\/\/sintradeua.org\/co\/wp-json\/wp\/v2\/posts\/6503\/revisions\/6505"}],"wp:featuredmedia":[{"embeddable":true,"href":"https:\/\/sintradeua.org\/co\/wp-json\/wp\/v2\/media\/6504"}],"wp:attachment":[{"href":"https:\/\/sintradeua.org\/co\/wp-json\/wp\/v2\/media?parent=6503"}],"wp:term":[{"taxonomy":"category","embeddable":true,"href":"https:\/\/sintradeua.org\/co\/wp-json\/wp\/v2\/categories?post=6503"},{"taxonomy":"post_tag","embeddable":true,"href":"https:\/\/sintradeua.org\/co\/wp-json\/wp\/v2\/tags?post=6503"}],"curies":[{"name":"wp","href":"https:\/\/api.w.org\/{rel}","templated":true}]}}