{"id":6246,"date":"2024-03-11T08:46:14","date_gmt":"2024-03-11T13:46:14","guid":{"rendered":"https:\/\/www.sintradeua.org\/co\/?p=6246"},"modified":"2024-03-11T08:46:14","modified_gmt":"2024-03-11T13:46:14","slug":"falta-de-gestion-y-trabas-administrativas-en-tramites-de-pension-afectan-derechos-de-sujetos-de-especial-proteccion","status":"publish","type":"post","link":"https:\/\/sintradeua.org\/co\/falta-de-gestion-y-trabas-administrativas-en-tramites-de-pension-afectan-derechos-de-sujetos-de-especial-proteccion\/","title":{"rendered":"Falta de gesti\u00f3n y trabas administrativas en tr\u00e1mites de pensi\u00f3n afectan derechos de sujetos de especial protecci\u00f3n"},"content":{"rendered":"<p style=\"text-align: justify;\"><img data-recalc-dims=\"1\" loading=\"lazy\" decoding=\"async\" data-attachment-id=\"5713\" data-permalink=\"https:\/\/sintradeua.org\/co\/situaciones-pensionales-extralegales-consolidadas-con-anterioridad-al-30-de-junio-de-1995-estan-amparadas-por-el-art-146-de-la-ley-100-de-1993\/edad\/\" data-orig-file=\"https:\/\/i0.wp.com\/sintradeua.org\/co\/wp-content\/uploads\/2023\/02\/edad.jpg?fit=744%2C465&amp;ssl=1\" data-orig-size=\"744,465\" data-comments-opened=\"1\" data-image-meta=\"{&quot;aperture&quot;:&quot;0&quot;,&quot;credit&quot;:&quot;&quot;,&quot;camera&quot;:&quot;&quot;,&quot;caption&quot;:&quot;&quot;,&quot;created_timestamp&quot;:&quot;0&quot;,&quot;copyright&quot;:&quot;&quot;,&quot;focal_length&quot;:&quot;0&quot;,&quot;iso&quot;:&quot;0&quot;,&quot;shutter_speed&quot;:&quot;0&quot;,&quot;title&quot;:&quot;&quot;,&quot;orientation&quot;:&quot;0&quot;}\" data-image-title=\"edad\" data-image-description=\"\" data-image-caption=\"\" data-large-file=\"https:\/\/i0.wp.com\/sintradeua.org\/co\/wp-content\/uploads\/2023\/02\/edad.jpg?fit=640%2C400&amp;ssl=1\" class=\"alignnone size-medium wp-image-5713\" src=\"https:\/\/i0.wp.com\/www.sintradeua.org\/co\/wp-content\/uploads\/2023\/02\/edad-300x188.jpg?resize=300%2C188&#038;ssl=1\" alt=\"\" width=\"300\" height=\"188\" srcset=\"https:\/\/i0.wp.com\/sintradeua.org\/co\/wp-content\/uploads\/2023\/02\/edad.jpg?resize=300%2C188&amp;ssl=1 300w, https:\/\/i0.wp.com\/sintradeua.org\/co\/wp-content\/uploads\/2023\/02\/edad.jpg?w=744&amp;ssl=1 744w\" sizes=\"auto, (max-width: 300px) 100vw, 300px\" \/><\/p>\n<p style=\"text-align: justify;\">NOTICIAS \/ Laboral<\/p>\n<p style=\"text-align: justify;\">La Corte Constitucional ampar\u00f3 los derechos fundamentales al m\u00ednimo vital, al debido proceso y a la seguridad social de una mujer de 70 a\u00f1os de edad que solicit\u00f3 la pensi\u00f3n de vejez acreditando 1.523 semanas cotizadas mientras trabajaba en un centro educativo en el municipio de Toluviejo (Sucre).<\/p>\n<p style=\"text-align: justify;\">La accionante invoc\u00f3 el amparo considerando que Colfondos y el municipio mencionado le hab\u00edan impuesto barreras administrativas para acceder a la prestaci\u00f3n econ\u00f3mica solicitada, a pesar de que manifest\u00f3 ser una persona de la tercera edad con amnesia, artrosis, osteoporosis, obesidad y cefalea; madre cabeza de hogar y bajo su responsabilidad una hija con discapacidad.<\/p>\n<p style=\"text-align: justify;\">El fondo cuestionado respondi\u00f3 que no pod\u00eda adelantar el tr\u00e1mite solicitado hasta tanto el municipio no realizara el pago efectivo del bono pensional al que ten\u00eda derecho la mujer por los periodos trabajados entre junio de 1973 a julio de 1977, octubre de 1983 a octubre de 1987 y enero a marzo de 1988.<\/p>\n<p style=\"text-align: justify;\">El juez de instancia declar\u00f3 improcedente el amparo, pues consider\u00f3 que no hab\u00eda certeza de que los padecimientos de salud le impidieran a la accionante promover un proceso laboral. No obstante, la Corte revoc\u00f3 la decisi\u00f3n y, en su lugar, ampar\u00f3 los derechos invocados e indic\u00f3 que los accionados realizaron una inadecuada gesti\u00f3n en el tr\u00e1mite del bono pensional para el reconocimiento de la pensi\u00f3n de vejez.<\/p>\n<p style=\"text-align: justify;\">En ese sentido, afirm\u00f3, el fondo omiti\u00f3 su deber de actuar con debida diligencia en relaci\u00f3n con la emisi\u00f3n del bono pensional y el tr\u00e1mite de reconocimiento de la pensi\u00f3n. En cuanto al municipio, hall\u00f3 que en su condici\u00f3n de empleador directo de la accionante entre 1973 y 1988 era el responsable de emitir el bono pensional. Sin embargo, ante su silencio en el tr\u00e1mite de tutela, no fue posible conocer las razones por las cuales no realiz\u00f3 el pago.<\/p>\n<p style=\"text-align: justify;\">As\u00ed las cosas, al trasladar de manera indebida a la accionante las consecuencias negativas de su falta de gesti\u00f3n, las accionadas repercutieron negativamente en sus derechos, por lo que se orden\u00f3 a Colfondos liquidar definitivamente, reconocer y pagar la pensi\u00f3n de vejez a la accionante y, adem\u00e1s, lo previno para actuar con diligencia y eficiencia con el fin de evitar trabas administrativas. Los magistrados Jorge Enrique Ib\u00e1\u00f1ez Najar y Miguel Polo Rosero aclararon su voto (M. P. Diana Fajardo Rivera).<\/p>\n<p style=\"text-align: justify;\">\u00a0<\/p>\n","protected":false},"excerpt":{"rendered":"<p>NOTICIAS \/ Laboral La Corte Constitucional ampar\u00f3 los derechos fundamentales al m\u00ednimo vital, al debido proceso y a la seguridad social de una mujer de 70 a\u00f1os de edad que solicit\u00f3 la pensi\u00f3n de vejez acreditando 1.523 semanas cotizadas mientras trabajaba en un centro educativo en el municipio de Toluviejo (Sucre). La accionante invoc\u00f3 el&#8230;<\/p>\n","protected":false},"author":2,"featured_media":5713,"comment_status":"open","ping_status":"open","sticky":false,"template":"","format":"standard","meta":{"advanced_seo_description":"","jetpack_seo_html_title":"","jetpack_seo_noindex":false,"jetpack_post_was_ever_published":false,"_jetpack_newsletter_access":"","_jetpack_dont_email_post_to_subs":false,"_jetpack_newsletter_tier_id":0,"_jetpack_memberships_contains_paywalled_content":false,"_jetpack_memberships_contains_paid_content":false,"footnotes":"","jetpack_publicize_message":"","jetpack_publicize_feature_enabled":true,"jetpack_social_post_already_shared":true,"jetpack_social_options":{"image_generator_settings":{"template":"highway","default_image_id":0,"font":"","enabled":false},"version":2}},"categories":[2],"tags":[],"class_list":["post-6246","post","type-post","status-publish","format-standard","has-post-thumbnail","hentry","category-noticias"],"jetpack_publicize_connections":[],"jetpack_featured_media_url":"https:\/\/i0.wp.com\/sintradeua.org\/co\/wp-content\/uploads\/2023\/02\/edad.jpg?fit=744%2C465&ssl=1","jetpack_sharing_enabled":true,"jetpack_shortlink":"https:\/\/wp.me\/paSj5R-1CK","_links":{"self":[{"href":"https:\/\/sintradeua.org\/co\/wp-json\/wp\/v2\/posts\/6246","targetHints":{"allow":["GET"]}}],"collection":[{"href":"https:\/\/sintradeua.org\/co\/wp-json\/wp\/v2\/posts"}],"about":[{"href":"https:\/\/sintradeua.org\/co\/wp-json\/wp\/v2\/types\/post"}],"author":[{"embeddable":true,"href":"https:\/\/sintradeua.org\/co\/wp-json\/wp\/v2\/users\/2"}],"replies":[{"embeddable":true,"href":"https:\/\/sintradeua.org\/co\/wp-json\/wp\/v2\/comments?post=6246"}],"version-history":[{"count":1,"href":"https:\/\/sintradeua.org\/co\/wp-json\/wp\/v2\/posts\/6246\/revisions"}],"predecessor-version":[{"id":6247,"href":"https:\/\/sintradeua.org\/co\/wp-json\/wp\/v2\/posts\/6246\/revisions\/6247"}],"wp:featuredmedia":[{"embeddable":true,"href":"https:\/\/sintradeua.org\/co\/wp-json\/wp\/v2\/media\/5713"}],"wp:attachment":[{"href":"https:\/\/sintradeua.org\/co\/wp-json\/wp\/v2\/media?parent=6246"}],"wp:term":[{"taxonomy":"category","embeddable":true,"href":"https:\/\/sintradeua.org\/co\/wp-json\/wp\/v2\/categories?post=6246"},{"taxonomy":"post_tag","embeddable":true,"href":"https:\/\/sintradeua.org\/co\/wp-json\/wp\/v2\/tags?post=6246"}],"curies":[{"name":"wp","href":"https:\/\/api.w.org\/{rel}","templated":true}]}}