{"id":6004,"date":"2023-04-25T10:11:14","date_gmt":"2023-04-25T15:11:14","guid":{"rendered":"https:\/\/www.sintradeua.org\/co\/?p=6004"},"modified":"2023-04-25T10:11:14","modified_gmt":"2023-04-25T15:11:14","slug":"foro-regional-la-juventud-y-las-reformas-sociales","status":"publish","type":"post","link":"https:\/\/sintradeua.org\/co\/foro-regional-la-juventud-y-las-reformas-sociales\/","title":{"rendered":"FORO REGIONAL LA JUVENTUD Y LAS REFORMAS SOCIALES"},"content":{"rendered":"<div style=\"width: 426px;\" class=\"wp-video\"><video class=\"wp-video-shortcode\" id=\"video-6004-1\" width=\"426\" height=\"234\" preload=\"metadata\" controls=\"controls\"><source type=\"video\/mp4\" src=\"https:\/\/www.sintradeua.org\/co\/wp-content\/uploads\/2023\/04\/1682433525415.mp4?_=1\" \/><a href=\"https:\/\/www.sintradeua.org\/co\/wp-content\/uploads\/2023\/04\/1682433525415.mp4\">https:\/\/www.sintradeua.org\/co\/wp-content\/uploads\/2023\/04\/1682433525415.mp4<\/a><\/video><\/div>\n<p style=\"text-align: justify;\">El pr\u00f3ximo 28 de abril, en las instalaciones\u00a0 del Centro de Convenciones de la Universidad del Atl\u00e1ntico, se llevar\u00e1 a cabo el Foro Regional \u00abLA JUVENTUD Y LAS REFORMAS SOCIALES\u00bb<\/p>\n<p style=\"text-align: justify;\"><img data-recalc-dims=\"1\" loading=\"lazy\" decoding=\"async\" data-attachment-id=\"6007\" data-permalink=\"https:\/\/sintradeua.org\/co\/foro-regional-la-juventud-y-las-reformas-sociales\/screenshot_20230425_100226_drive\/\" data-orig-file=\"https:\/\/i0.wp.com\/sintradeua.org\/co\/wp-content\/uploads\/2023\/04\/Screenshot_20230425_100226_Drive.jpg?fit=804%2C999&amp;ssl=1\" data-orig-size=\"804,999\" data-comments-opened=\"1\" data-image-meta=\"{&quot;aperture&quot;:&quot;0&quot;,&quot;credit&quot;:&quot;&quot;,&quot;camera&quot;:&quot;&quot;,&quot;caption&quot;:&quot;&quot;,&quot;created_timestamp&quot;:&quot;0&quot;,&quot;copyright&quot;:&quot;&quot;,&quot;focal_length&quot;:&quot;0&quot;,&quot;iso&quot;:&quot;0&quot;,&quot;shutter_speed&quot;:&quot;0&quot;,&quot;title&quot;:&quot;&quot;,&quot;orientation&quot;:&quot;1&quot;}\" data-image-title=\"Screenshot_20230425_100226_Drive\" data-image-description=\"\" data-image-caption=\"\" data-large-file=\"https:\/\/i0.wp.com\/sintradeua.org\/co\/wp-content\/uploads\/2023\/04\/Screenshot_20230425_100226_Drive.jpg?fit=640%2C795&amp;ssl=1\" class=\"alignnone size-medium wp-image-6007\" src=\"https:\/\/i0.wp.com\/www.sintradeua.org\/co\/wp-content\/uploads\/2023\/04\/Screenshot_20230425_100226_Drive-241x300.jpg?resize=241%2C300&#038;ssl=1\" alt=\"\" width=\"241\" height=\"300\" srcset=\"https:\/\/i0.wp.com\/sintradeua.org\/co\/wp-content\/uploads\/2023\/04\/Screenshot_20230425_100226_Drive.jpg?resize=241%2C300&amp;ssl=1 241w, https:\/\/i0.wp.com\/sintradeua.org\/co\/wp-content\/uploads\/2023\/04\/Screenshot_20230425_100226_Drive.jpg?resize=644%2C800&amp;ssl=1 644w, https:\/\/i0.wp.com\/sintradeua.org\/co\/wp-content\/uploads\/2023\/04\/Screenshot_20230425_100226_Drive.jpg?w=804&amp;ssl=1 804w\" sizes=\"auto, (max-width: 241px) 100vw, 241px\" \/><\/p>\n<p style=\"text-align: justify;\">Espacio convocado por el Representante de los Estudiantes de la Universidad del Atl\u00e1ntico ante el Consejo Superior de la Instituci\u00f3n Educativa, JUNIOR VILLAREAL CONTRERAS, junto a varias expresiones juveniles, interesados en debatir p\u00fablicamente las Reformas propuestas por el Gobierno Nacional en aspectos fundamentales como lo son, la salud, el trabajo y las pensiones.<\/p>\n<p style=\"text-align: justify;\">Se espera que el evento cuente con la presencia del se\u00f1or presidente Gustavo Petro y las Ministras a cargo de las carteras de Salud y Trabajo y de esta manera recibir de primera mano la informaci\u00f3n pertinente sobre los alcances de las Reformas que empiezan a debatirse en el Congreso de la Rep\u00fablica.\u00a0<\/p>\n<p style=\"text-align: justify;\"><img data-recalc-dims=\"1\" loading=\"lazy\" decoding=\"async\" data-attachment-id=\"6008\" data-permalink=\"https:\/\/sintradeua.org\/co\/foro-regional-la-juventud-y-las-reformas-sociales\/screenshot_20230425_100207_drive\/\" data-orig-file=\"https:\/\/i0.wp.com\/sintradeua.org\/co\/wp-content\/uploads\/2023\/04\/Screenshot_20230425_100207_Drive.jpg?fit=808%2C952&amp;ssl=1\" data-orig-size=\"808,952\" data-comments-opened=\"1\" data-image-meta=\"{&quot;aperture&quot;:&quot;0&quot;,&quot;credit&quot;:&quot;&quot;,&quot;camera&quot;:&quot;&quot;,&quot;caption&quot;:&quot;&quot;,&quot;created_timestamp&quot;:&quot;0&quot;,&quot;copyright&quot;:&quot;&quot;,&quot;focal_length&quot;:&quot;0&quot;,&quot;iso&quot;:&quot;0&quot;,&quot;shutter_speed&quot;:&quot;0&quot;,&quot;title&quot;:&quot;&quot;,&quot;orientation&quot;:&quot;1&quot;}\" data-image-title=\"Screenshot_20230425_100207_Drive\" data-image-description=\"\" data-image-caption=\"\" data-large-file=\"https:\/\/i0.wp.com\/sintradeua.org\/co\/wp-content\/uploads\/2023\/04\/Screenshot_20230425_100207_Drive.jpg?fit=640%2C754&amp;ssl=1\" class=\"alignnone size-medium wp-image-6008\" src=\"https:\/\/i0.wp.com\/www.sintradeua.org\/co\/wp-content\/uploads\/2023\/04\/Screenshot_20230425_100207_Drive-255x300.jpg?resize=255%2C300&#038;ssl=1\" alt=\"\" width=\"255\" height=\"300\" srcset=\"https:\/\/i0.wp.com\/sintradeua.org\/co\/wp-content\/uploads\/2023\/04\/Screenshot_20230425_100207_Drive.jpg?resize=255%2C300&amp;ssl=1 255w, https:\/\/i0.wp.com\/sintradeua.org\/co\/wp-content\/uploads\/2023\/04\/Screenshot_20230425_100207_Drive.jpg?resize=679%2C800&amp;ssl=1 679w, https:\/\/i0.wp.com\/sintradeua.org\/co\/wp-content\/uploads\/2023\/04\/Screenshot_20230425_100207_Drive.jpg?w=808&amp;ssl=1 808w\" sizes=\"auto, (max-width: 255px) 100vw, 255px\" \/><\/p>\n","protected":false},"excerpt":{"rendered":"<p>El pr\u00f3ximo 28 de abril, en las instalaciones\u00a0 del Centro de Convenciones de la Universidad del Atl\u00e1ntico, se llevar\u00e1 a cabo el Foro Regional \u00abLA JUVENTUD Y LAS REFORMAS SOCIALES\u00bb Espacio convocado por el Representante de los Estudiantes de la Universidad del Atl\u00e1ntico ante el Consejo Superior de la Instituci\u00f3n Educativa, JUNIOR VILLAREAL CONTRERAS, junto&#8230;<\/p>\n","protected":false},"author":2,"featured_media":6010,"comment_status":"open","ping_status":"open","sticky":false,"template":"","format":"standard","meta":{"advanced_seo_description":"","jetpack_seo_html_title":"","jetpack_seo_noindex":false,"jetpack_post_was_ever_published":false,"_jetpack_newsletter_access":"","_jetpack_dont_email_post_to_subs":false,"_jetpack_newsletter_tier_id":0,"_jetpack_memberships_contains_paywalled_content":false,"_jetpack_memberships_contains_paid_content":false,"footnotes":"","jetpack_publicize_message":"","jetpack_publicize_feature_enabled":true,"jetpack_social_post_already_shared":true,"jetpack_social_options":{"image_generator_settings":{"template":"highway","default_image_id":0,"font":"","enabled":false},"version":2}},"categories":[2],"tags":[],"class_list":["post-6004","post","type-post","status-publish","format-standard","has-post-thumbnail","hentry","category-noticias"],"jetpack_publicize_connections":[],"jetpack_featured_media_url":"https:\/\/i0.wp.com\/sintradeua.org\/co\/wp-content\/uploads\/2023\/04\/Screenshot_20230425_100226_Drive-1.jpg?fit=804%2C895&ssl=1","jetpack_sharing_enabled":true,"jetpack_shortlink":"https:\/\/wp.me\/paSj5R-1yQ","_links":{"self":[{"href":"https:\/\/sintradeua.org\/co\/wp-json\/wp\/v2\/posts\/6004","targetHints":{"allow":["GET"]}}],"collection":[{"href":"https:\/\/sintradeua.org\/co\/wp-json\/wp\/v2\/posts"}],"about":[{"href":"https:\/\/sintradeua.org\/co\/wp-json\/wp\/v2\/types\/post"}],"author":[{"embeddable":true,"href":"https:\/\/sintradeua.org\/co\/wp-json\/wp\/v2\/users\/2"}],"replies":[{"embeddable":true,"href":"https:\/\/sintradeua.org\/co\/wp-json\/wp\/v2\/comments?post=6004"}],"version-history":[{"count":2,"href":"https:\/\/sintradeua.org\/co\/wp-json\/wp\/v2\/posts\/6004\/revisions"}],"predecessor-version":[{"id":6011,"href":"https:\/\/sintradeua.org\/co\/wp-json\/wp\/v2\/posts\/6004\/revisions\/6011"}],"wp:featuredmedia":[{"embeddable":true,"href":"https:\/\/sintradeua.org\/co\/wp-json\/wp\/v2\/media\/6010"}],"wp:attachment":[{"href":"https:\/\/sintradeua.org\/co\/wp-json\/wp\/v2\/media?parent=6004"}],"wp:term":[{"taxonomy":"category","embeddable":true,"href":"https:\/\/sintradeua.org\/co\/wp-json\/wp\/v2\/categories?post=6004"},{"taxonomy":"post_tag","embeddable":true,"href":"https:\/\/sintradeua.org\/co\/wp-json\/wp\/v2\/tags?post=6004"}],"curies":[{"name":"wp","href":"https:\/\/api.w.org\/{rel}","templated":true}]}}