{"id":5739,"date":"2023-02-12T22:03:08","date_gmt":"2023-02-13T03:03:08","guid":{"rendered":"https:\/\/www.sintradeua.org\/co\/?p=5739"},"modified":"2023-02-12T22:39:08","modified_gmt":"2023-02-13T03:39:08","slug":"convencion-colectiva-empleados-publicos","status":"publish","type":"post","link":"https:\/\/sintradeua.org\/co\/convencion-colectiva-empleados-publicos\/","title":{"rendered":"Convenci\u00f3n Colectiva &#8211; Empleados P\u00fablicos"},"content":{"rendered":"<p style=\"text-align: justify;\"><img data-recalc-dims=\"1\" loading=\"lazy\" decoding=\"async\" data-attachment-id=\"5741\" data-permalink=\"https:\/\/sintradeua.org\/co\/convencion-colectiva-empleados-publicos\/08g\/\" data-orig-file=\"https:\/\/i0.wp.com\/sintradeua.org\/co\/wp-content\/uploads\/2023\/02\/08g.jpg?fit=730%2C400&amp;ssl=1\" data-orig-size=\"730,400\" data-comments-opened=\"1\" data-image-meta=\"{&quot;aperture&quot;:&quot;0&quot;,&quot;credit&quot;:&quot;&quot;,&quot;camera&quot;:&quot;&quot;,&quot;caption&quot;:&quot;&quot;,&quot;created_timestamp&quot;:&quot;0&quot;,&quot;copyright&quot;:&quot;&quot;,&quot;focal_length&quot;:&quot;0&quot;,&quot;iso&quot;:&quot;0&quot;,&quot;shutter_speed&quot;:&quot;0&quot;,&quot;title&quot;:&quot;&quot;,&quot;orientation&quot;:&quot;0&quot;}\" data-image-title=\"08g\" data-image-description=\"\" data-image-caption=\"\" data-large-file=\"https:\/\/i0.wp.com\/sintradeua.org\/co\/wp-content\/uploads\/2023\/02\/08g.jpg?fit=640%2C351&amp;ssl=1\" class=\"alignnone size-medium wp-image-5741\" src=\"https:\/\/i0.wp.com\/www.sintradeua.org\/co\/wp-content\/uploads\/2023\/02\/08g-300x164.jpg?resize=300%2C164&#038;ssl=1\" alt=\"\" width=\"300\" height=\"164\" srcset=\"https:\/\/i0.wp.com\/sintradeua.org\/co\/wp-content\/uploads\/2023\/02\/08g.jpg?resize=300%2C164&amp;ssl=1 300w, https:\/\/i0.wp.com\/sintradeua.org\/co\/wp-content\/uploads\/2023\/02\/08g.jpg?w=730&amp;ssl=1 730w\" sizes=\"auto, (max-width: 300px) 100vw, 300px\" \/><\/p>\n<p style=\"text-align: justify;\">Las Convenciones Colectivas, son propias de los Trabajadores Oficiales, <strong>estas<\/strong> <strong>no<\/strong> <strong>pueden<\/strong> <strong>ser<\/strong> <strong>extensivas<\/strong> <strong>a<\/strong> <strong>los<\/strong> <strong>Empleados<\/strong> <strong>P\u00fablicos<\/strong>, teniendo en cuenta que las normas que rigen para \u00e9stos son de car\u00e1cter Legal y Reglamentario.<\/p>\n<p style=\"text-align: justify;\">El inciso primero del art\u00edculo 55 constitucional garantiza el derecho de negociaci\u00f3n colectiva para regular las relaciones laborales, con las excepciones que se\u00f1ale la ley, el cual constituye un medio para dirimir conflictos colectivos y reglamentar los v\u00ednculos de trabajo. (&#8230;) Seg\u00fan el art\u00edculo 467 del C\u00f3digo Sustantivo de Trabajo, la convenci\u00f3n colectiva de trabajo es \u00ab&#8230;la que se celebra entre uno o varios patronos o asociaciones patronales, por una parte, y uno o varios sindicatos o federaciones sindicales de trabajadores, por la otra, para fijar las condiciones que regir\u00e1n los contratos de trabajo durante su vigencia\u00bb.<\/p>\n<p style=\"text-align: justify;\">La preposici\u00f3n que denota tiempo \u00abdurante\u00bb, el adjetivo posesivo \u00absu\u00bb y el sustantivo femenino \u00abvigencia\u00bb, est\u00e1n referidos a la convenci\u00f3n, en el entendido, obviamente, que se tiene derecho a la aplicaci\u00f3n de la convenci\u00f3n colectiva siempre que se trate de trabajadores cobijados por los art\u00edculos 470 y 471 del C\u00f3digo Sustantivo de Trabajo, (&#8230;.)<\/p>\n<p style=\"text-align: justify;\">La convenci\u00f3n colectiva &#8211; que contiene las estipulaciones que las partes acuerdan en relaci\u00f3n con las condiciones qenerales de trabajo (art. 468 C.S.T.) &#8211; ordena el r\u00e9gimen laboral y reviste la naturaleza de ley en sentido material por su alcance vinculante inter partes y por tanto con \u00e1mbito de aplicaci\u00f3n restringido, siempre y cuando aqu\u00e9lla se encuentre vigente. (&#8230;)<\/p>\n<p style=\"text-align: justify;\">Seg\u00fan se anot\u00f3, el art\u00edculo 467 del C\u00f3digo Sustantivo de Trabajo establece que la convenci\u00f3n colectiva fija las condiciones que regir\u00e1n los contratos de trabajo durante su vigencia. Ello implica que, en principio, se tiene derecho a los beneficios convencionales cuando se es trabajador y durante el tiempo de vigencia del respectivo acto jur\u00eddico convencional. (&#8230;)\u00bb. (Subrayas fuera del texto).<\/p>\n<p style=\"text-align: justify;\">\u00a0<\/p>\n","protected":false},"excerpt":{"rendered":"<p>Las Convenciones Colectivas, son propias de los Trabajadores Oficiales, estas no pueden ser extensivas a los Empleados P\u00fablicos, teniendo en cuenta que las normas que rigen para \u00e9stos son de car\u00e1cter Legal y Reglamentario. El inciso primero del art\u00edculo 55 constitucional garantiza el derecho de negociaci\u00f3n colectiva para regular las relaciones laborales, con las excepciones&#8230;<\/p>\n","protected":false},"author":2,"featured_media":5741,"comment_status":"open","ping_status":"open","sticky":false,"template":"","format":"standard","meta":{"advanced_seo_description":"","jetpack_seo_html_title":"","jetpack_seo_noindex":false,"jetpack_post_was_ever_published":false,"_jetpack_newsletter_access":"","_jetpack_dont_email_post_to_subs":false,"_jetpack_newsletter_tier_id":0,"_jetpack_memberships_contains_paywalled_content":false,"_jetpack_memberships_contains_paid_content":false,"footnotes":"","jetpack_publicize_message":"","jetpack_publicize_feature_enabled":true,"jetpack_social_post_already_shared":true,"jetpack_social_options":{"image_generator_settings":{"template":"highway","default_image_id":0,"font":"","enabled":false},"version":2}},"categories":[2],"tags":[],"class_list":["post-5739","post","type-post","status-publish","format-standard","has-post-thumbnail","hentry","category-noticias"],"jetpack_publicize_connections":[],"jetpack_featured_media_url":"https:\/\/i0.wp.com\/sintradeua.org\/co\/wp-content\/uploads\/2023\/02\/08g.jpg?fit=730%2C400&ssl=1","jetpack_sharing_enabled":true,"jetpack_shortlink":"https:\/\/wp.me\/paSj5R-1uz","_links":{"self":[{"href":"https:\/\/sintradeua.org\/co\/wp-json\/wp\/v2\/posts\/5739","targetHints":{"allow":["GET"]}}],"collection":[{"href":"https:\/\/sintradeua.org\/co\/wp-json\/wp\/v2\/posts"}],"about":[{"href":"https:\/\/sintradeua.org\/co\/wp-json\/wp\/v2\/types\/post"}],"author":[{"embeddable":true,"href":"https:\/\/sintradeua.org\/co\/wp-json\/wp\/v2\/users\/2"}],"replies":[{"embeddable":true,"href":"https:\/\/sintradeua.org\/co\/wp-json\/wp\/v2\/comments?post=5739"}],"version-history":[{"count":1,"href":"https:\/\/sintradeua.org\/co\/wp-json\/wp\/v2\/posts\/5739\/revisions"}],"predecessor-version":[{"id":5742,"href":"https:\/\/sintradeua.org\/co\/wp-json\/wp\/v2\/posts\/5739\/revisions\/5742"}],"wp:featuredmedia":[{"embeddable":true,"href":"https:\/\/sintradeua.org\/co\/wp-json\/wp\/v2\/media\/5741"}],"wp:attachment":[{"href":"https:\/\/sintradeua.org\/co\/wp-json\/wp\/v2\/media?parent=5739"}],"wp:term":[{"taxonomy":"category","embeddable":true,"href":"https:\/\/sintradeua.org\/co\/wp-json\/wp\/v2\/categories?post=5739"},{"taxonomy":"post_tag","embeddable":true,"href":"https:\/\/sintradeua.org\/co\/wp-json\/wp\/v2\/tags?post=5739"}],"curies":[{"name":"wp","href":"https:\/\/api.w.org\/{rel}","templated":true}]}}