{"id":5691,"date":"2023-02-02T21:58:19","date_gmt":"2023-02-03T02:58:19","guid":{"rendered":"https:\/\/www.sintradeua.org\/co\/?p=5691"},"modified":"2023-02-02T21:58:19","modified_gmt":"2023-02-03T02:58:19","slug":"corte-constitucional-quitara-a-procuraduria-funciones-para-sanciones-a-funcionarios-de-eleccion-popular","status":"publish","type":"post","link":"https:\/\/sintradeua.org\/co\/corte-constitucional-quitara-a-procuraduria-funciones-para-sanciones-a-funcionarios-de-eleccion-popular\/","title":{"rendered":"Corte Constitucional quitar\u00e1 a Procuradur\u00eda funciones para sanciones a funcionarios de elecci\u00f3n popular"},"content":{"rendered":"<p style=\"text-align: justify;\"><img data-recalc-dims=\"1\" loading=\"lazy\" decoding=\"async\" data-attachment-id=\"5692\" data-permalink=\"https:\/\/sintradeua.org\/co\/corte-constitucional-quitara-a-procuraduria-funciones-para-sanciones-a-funcionarios-de-eleccion-popular\/1200px-corte_constitucional_de_colombia-svg\/\" data-orig-file=\"https:\/\/i0.wp.com\/sintradeua.org\/co\/wp-content\/uploads\/2023\/02\/1200px-Corte_Constitucional_de_Colombia.svg_.png?fit=1200%2C1213&amp;ssl=1\" data-orig-size=\"1200,1213\" data-comments-opened=\"1\" data-image-meta=\"{&quot;aperture&quot;:&quot;0&quot;,&quot;credit&quot;:&quot;&quot;,&quot;camera&quot;:&quot;&quot;,&quot;caption&quot;:&quot;&quot;,&quot;created_timestamp&quot;:&quot;0&quot;,&quot;copyright&quot;:&quot;&quot;,&quot;focal_length&quot;:&quot;0&quot;,&quot;iso&quot;:&quot;0&quot;,&quot;shutter_speed&quot;:&quot;0&quot;,&quot;title&quot;:&quot;&quot;,&quot;orientation&quot;:&quot;0&quot;}\" data-image-title=\"1200px-Corte_Constitucional_de_Colombia.svg\" data-image-description=\"\" data-image-caption=\"\" data-large-file=\"https:\/\/i0.wp.com\/sintradeua.org\/co\/wp-content\/uploads\/2023\/02\/1200px-Corte_Constitucional_de_Colombia.svg_.png?fit=640%2C647&amp;ssl=1\" class=\"alignnone size-medium wp-image-5692\" src=\"https:\/\/i0.wp.com\/www.sintradeua.org\/co\/wp-content\/uploads\/2023\/02\/1200px-Corte_Constitucional_de_Colombia.svg_-297x300.png?resize=297%2C300&#038;ssl=1\" alt=\"\" width=\"297\" height=\"300\" srcset=\"https:\/\/i0.wp.com\/sintradeua.org\/co\/wp-content\/uploads\/2023\/02\/1200px-Corte_Constitucional_de_Colombia.svg_.png?resize=297%2C300&amp;ssl=1 297w, https:\/\/i0.wp.com\/sintradeua.org\/co\/wp-content\/uploads\/2023\/02\/1200px-Corte_Constitucional_de_Colombia.svg_.png?resize=791%2C800&amp;ssl=1 791w, https:\/\/i0.wp.com\/sintradeua.org\/co\/wp-content\/uploads\/2023\/02\/1200px-Corte_Constitucional_de_Colombia.svg_.png?resize=65%2C65&amp;ssl=1 65w, https:\/\/i0.wp.com\/sintradeua.org\/co\/wp-content\/uploads\/2023\/02\/1200px-Corte_Constitucional_de_Colombia.svg_.png?w=1200&amp;ssl=1 1200w\" sizes=\"auto, (max-width: 297px) 100vw, 297px\" \/><\/p>\n<p style=\"text-align: justify;\">La Procuradur\u00eda no puede destituir, suspender o inhabilitar a funcionarios de elecci\u00f3n popular, dijo la CIDH.<\/p>\n<p style=\"text-align: justify;\">Sigue hoy en la Corte Constitucional la discusi\u00f3n sobre la reforma a la Procuradur\u00eda y parece que no saldr\u00e1 bien librada el Ministerio p\u00fablico, \u00bfqueda sin muchos de sus poderes?<\/p>\n<p style=\"text-align: justify;\">La Corte Constitucional declarar\u00e1 inexequible la reforma a la Procuradur\u00eda que le permit\u00eda sancionar a funcionarios de elecci\u00f3n popular.<\/p>\n<p style=\"text-align: justify;\">La Corte dir\u00e1 que la ley no le puede atribuir esas funciones a un ente de control, solo lo puede hacer la constituci\u00f3n. Como lo dijo la CIDH, la Procuradur\u00eda no puede destituir, suspender o inhabilitar a funcionarios de elecci\u00f3n popular, mejor dicho, pierde el 90 por ciento de su poder.\u00a0<\/p>\n<p style=\"text-align: justify;\">La preocupaci\u00f3n es si este ser\u00e1 un fallo retroactivo porque desde 1991 la Procuradur\u00eda ha sancionado a 7702 servidores de elecci\u00f3n popular: 4068 alcaldes, 3222 concejales, 223 gobernadores, 127 diputados, 30 ediles, 17 senadores y 15 representantes. De esas se han impuesto 2377 multas, 694 suspensiones, 674 destituciones.<\/p>\n<p style=\"text-align: justify;\">\u00bfQu\u00e9 va a pasar con todo eso? Algunos magistrados est\u00e1n buscando una formula menos dr\u00e1stica, pero la mayor\u00eda considera que esas funciones nunca las debi\u00f3 ejercer la Procuradur\u00eda.<\/p>\n<p style=\"text-align: justify;\">\u00a0<\/p>\n","protected":false},"excerpt":{"rendered":"<p>La Procuradur\u00eda no puede destituir, suspender o inhabilitar a funcionarios de elecci\u00f3n popular, dijo la CIDH. Sigue hoy en la Corte Constitucional la discusi\u00f3n sobre la reforma a la Procuradur\u00eda y parece que no saldr\u00e1 bien librada el Ministerio p\u00fablico, \u00bfqueda sin muchos de sus poderes? La Corte Constitucional declarar\u00e1 inexequible la reforma a la&#8230;<\/p>\n","protected":false},"author":2,"featured_media":5693,"comment_status":"open","ping_status":"open","sticky":false,"template":"","format":"standard","meta":{"advanced_seo_description":"","jetpack_seo_html_title":"","jetpack_seo_noindex":false,"jetpack_post_was_ever_published":false,"_jetpack_newsletter_access":"","_jetpack_dont_email_post_to_subs":false,"_jetpack_newsletter_tier_id":0,"_jetpack_memberships_contains_paywalled_content":false,"_jetpack_memberships_contains_paid_content":false,"footnotes":"","jetpack_publicize_message":"","jetpack_publicize_feature_enabled":true,"jetpack_social_post_already_shared":true,"jetpack_social_options":{"image_generator_settings":{"template":"highway","default_image_id":0,"font":"","enabled":false},"version":2}},"categories":[2],"tags":[],"class_list":["post-5691","post","type-post","status-publish","format-standard","has-post-thumbnail","hentry","category-noticias"],"jetpack_publicize_connections":[],"jetpack_featured_media_url":"https:\/\/i0.wp.com\/sintradeua.org\/co\/wp-content\/uploads\/2023\/02\/corte-costitucional-1.jpg?fit=1200%2C600&ssl=1","jetpack_sharing_enabled":true,"jetpack_shortlink":"https:\/\/wp.me\/paSj5R-1tN","_links":{"self":[{"href":"https:\/\/sintradeua.org\/co\/wp-json\/wp\/v2\/posts\/5691","targetHints":{"allow":["GET"]}}],"collection":[{"href":"https:\/\/sintradeua.org\/co\/wp-json\/wp\/v2\/posts"}],"about":[{"href":"https:\/\/sintradeua.org\/co\/wp-json\/wp\/v2\/types\/post"}],"author":[{"embeddable":true,"href":"https:\/\/sintradeua.org\/co\/wp-json\/wp\/v2\/users\/2"}],"replies":[{"embeddable":true,"href":"https:\/\/sintradeua.org\/co\/wp-json\/wp\/v2\/comments?post=5691"}],"version-history":[{"count":1,"href":"https:\/\/sintradeua.org\/co\/wp-json\/wp\/v2\/posts\/5691\/revisions"}],"predecessor-version":[{"id":5694,"href":"https:\/\/sintradeua.org\/co\/wp-json\/wp\/v2\/posts\/5691\/revisions\/5694"}],"wp:featuredmedia":[{"embeddable":true,"href":"https:\/\/sintradeua.org\/co\/wp-json\/wp\/v2\/media\/5693"}],"wp:attachment":[{"href":"https:\/\/sintradeua.org\/co\/wp-json\/wp\/v2\/media?parent=5691"}],"wp:term":[{"taxonomy":"category","embeddable":true,"href":"https:\/\/sintradeua.org\/co\/wp-json\/wp\/v2\/categories?post=5691"},{"taxonomy":"post_tag","embeddable":true,"href":"https:\/\/sintradeua.org\/co\/wp-json\/wp\/v2\/tags?post=5691"}],"curies":[{"name":"wp","href":"https:\/\/api.w.org\/{rel}","templated":true}]}}