{"id":5684,"date":"2023-01-31T20:36:26","date_gmt":"2023-02-01T01:36:26","guid":{"rendered":"https:\/\/www.sintradeua.org\/co\/?p=5684"},"modified":"2023-02-01T10:43:44","modified_gmt":"2023-02-01T15:43:44","slug":"diferencia-entre-trabajadores-oficiales-y-empleados-publicos","status":"publish","type":"post","link":"https:\/\/sintradeua.org\/co\/diferencia-entre-trabajadores-oficiales-y-empleados-publicos\/","title":{"rendered":"DIFERENCIA ENTRE TRABAJADORES OFICIALES Y EMPLEADOS PUBLICOS"},"content":{"rendered":"<p style=\"text-align: justify;\"><img data-recalc-dims=\"1\" loading=\"lazy\" decoding=\"async\" data-attachment-id=\"5685\" data-permalink=\"https:\/\/sintradeua.org\/co\/diferencia-entre-trabajadores-oficiales-y-empleados-publicos\/servidor-publico-empleado-publico-y-trabajador-oficial\/\" data-orig-file=\"https:\/\/i0.wp.com\/sintradeua.org\/co\/wp-content\/uploads\/2023\/01\/servidor-publico-empleado-publico-y-trabajador-oficial.png?fit=1200%2C600&amp;ssl=1\" data-orig-size=\"1200,600\" data-comments-opened=\"1\" data-image-meta=\"{&quot;aperture&quot;:&quot;0&quot;,&quot;credit&quot;:&quot;&quot;,&quot;camera&quot;:&quot;&quot;,&quot;caption&quot;:&quot;&quot;,&quot;created_timestamp&quot;:&quot;0&quot;,&quot;copyright&quot;:&quot;&quot;,&quot;focal_length&quot;:&quot;0&quot;,&quot;iso&quot;:&quot;0&quot;,&quot;shutter_speed&quot;:&quot;0&quot;,&quot;title&quot;:&quot;&quot;,&quot;orientation&quot;:&quot;0&quot;}\" data-image-title=\"servidor-publico-empleado-publico-y-trabajador-oficial\" data-image-description=\"\" data-image-caption=\"\" data-large-file=\"https:\/\/i0.wp.com\/sintradeua.org\/co\/wp-content\/uploads\/2023\/01\/servidor-publico-empleado-publico-y-trabajador-oficial.png?fit=640%2C320&amp;ssl=1\" class=\"alignnone size-medium wp-image-5685\" src=\"https:\/\/i0.wp.com\/www.sintradeua.org\/co\/wp-content\/uploads\/2023\/01\/servidor-publico-empleado-publico-y-trabajador-oficial-300x150.png?resize=300%2C150&#038;ssl=1\" alt=\"\" width=\"300\" height=\"150\" srcset=\"https:\/\/i0.wp.com\/sintradeua.org\/co\/wp-content\/uploads\/2023\/01\/servidor-publico-empleado-publico-y-trabajador-oficial.png?resize=300%2C150&amp;ssl=1 300w, https:\/\/i0.wp.com\/sintradeua.org\/co\/wp-content\/uploads\/2023\/01\/servidor-publico-empleado-publico-y-trabajador-oficial.png?resize=800%2C400&amp;ssl=1 800w, https:\/\/i0.wp.com\/sintradeua.org\/co\/wp-content\/uploads\/2023\/01\/servidor-publico-empleado-publico-y-trabajador-oficial.png?w=1200&amp;ssl=1 1200w\" sizes=\"auto, (max-width: 300px) 100vw, 300px\" \/><\/p>\n<p style=\"text-align: justify;\">Los tipos de vinculaci\u00f3n de los servidores p\u00fablicos con la administraci\u00f3n p\u00fablica, son:<\/p>\n<p style=\"text-align: justify;\"><strong>EMPLEADOS<\/strong> <strong>P\u00daBLICOS<\/strong>: Relaci\u00f3n legal o reglamentaria, debe existir un acto administrativo de nombramiento, precedido de la respectiva acta de posesi\u00f3n.<\/p>\n<p style=\"text-align: justify;\"><strong>TRABAJADORES<\/strong> <strong>OFICIALES<\/strong>: Relaci\u00f3n contractual, existe un contrato laboral de trabajo que contiene las condiciones de la relaci\u00f3n. <span style=\"text-decoration: underline;\">El r\u00e9gimen laboral para los trabajadores oficiales est\u00e1 contenido en el mismo contrato de trabajo, <strong>as\u00ed como en la convenci\u00f3n colectiva<\/strong>, pacto colectivo, reglameneto interno de trabajo, si los hubiere y por lo no previsto en estos instrumentos, por la Ley 6\u00aa de 1945 el Decreto 1083 de 2015.<\/span><\/p>\n<p style=\"text-align: justify;\"><span style=\"text-decoration: underline;\">La modalidad contractual laboral otorga a quien por ella se vincula a la Administraci\u00f3n el car\u00e1cter de trabajador oficial y se traduce en un contrato de trabajo que regula el r\u00e9gimen del servicio que se va a prestar, permitiendo la posibilidad de discutir las condiciones aplicables.<\/span><\/p>\n<p style=\"text-align: justify;\">Con fundamento en lo expuesto, la diferencia entre empleados p\u00fablicos y trabajadores oficiales, se fundamenta as\u00ed:<\/p>\n<p style=\"text-align: justify;\">&#8211; <span style=\"text-decoration: underline;\">El empleado p\u00fablico se rige por una relaci\u00f3n legal y reglamentaria, y se concreta con un acto de nombramiento y la suscripci\u00f3n de un acta de posesi\u00f3n, en tanto que un trabajador oficial suscribe un contrato de trabajo;<\/span><\/p>\n<p style=\"text-align: justify;\">&#8211; <span style=\"text-decoration: underline;\">Los empleados p\u00fablicos desarrollan funciones que son propias del Estado, de car\u00e1cter administrativo, de jurisdicci\u00f3n o de autoridad, las cuales se encuentran detalladas en la Ley o el reglamento, mientras que los trabajadores oficiales desarrollan actividades que realizan o pueden realizar ordinariamente los particulares, entre otras, labores de construcci\u00f3n y sostenimiento de obras p\u00fablicas.<\/span><\/p>\n<p style=\"text-align: justify;\">&#8211; El r\u00e9gimen jur\u00eddico que se aplica a los empleados p\u00fablicos es de derecho p\u00fablico y las controversias que se susciten con la Administraci\u00f3n deben ventilarse ante la jurisdicci\u00f3n de lo contencioso administrativo, en tanto que el r\u00e9gimen jur\u00eddico que se aplica a los trabajadores oficiales es en principio de derecho com\u00fan, y los conflictos laborales son de competencia de los jueces laborales.<\/p>\n<p style=\"text-align: justify;\"><strong>En conclusi\u00f3n, si el servidor p\u00fablico tiene un contrato de trabajo, se trata de un trabajador oficial y su r\u00e9gimen legal ser\u00e1 el establecido en el contrato de trabajo, la convenci\u00f3n colectiva, el pacto colectivo o en el reglamento interno de trabajo, y por lo no previsto en ellos en la Ley 6 de 1945, al Decreto 1083 de 2015 y dem\u00e1s normas que lo modifican o adicionan; si por el contrario, el servidor p\u00fablico fue vinculado mediante una relaci\u00f3n legal y reglamentaria a un empleo de libre nombramiento y remoci\u00f3n o a un cargo de carrera administrativa, sea por concurso o provisional, en planta temporal o en cargo de periodo, tiene la calidad de empleado p\u00fablico y su r\u00e9gimen legal ser\u00e1 el establecido en las normas para empleados p\u00fablicos.<\/strong><\/p>\n<p style=\"text-align: justify;\">\u00a0<\/p>\n","protected":false},"excerpt":{"rendered":"<p>Los tipos de vinculaci\u00f3n de los servidores p\u00fablicos con la administraci\u00f3n p\u00fablica, son: EMPLEADOS P\u00daBLICOS: Relaci\u00f3n legal o reglamentaria, debe existir un acto administrativo de nombramiento, precedido de la respectiva acta de posesi\u00f3n. TRABAJADORES OFICIALES: Relaci\u00f3n contractual, existe un contrato laboral de trabajo que contiene las condiciones de la relaci\u00f3n. El r\u00e9gimen laboral para los&#8230;<\/p>\n","protected":false},"author":2,"featured_media":5685,"comment_status":"open","ping_status":"open","sticky":false,"template":"","format":"standard","meta":{"advanced_seo_description":"","jetpack_seo_html_title":"","jetpack_seo_noindex":false,"jetpack_post_was_ever_published":false,"_jetpack_newsletter_access":"","_jetpack_dont_email_post_to_subs":false,"_jetpack_newsletter_tier_id":0,"_jetpack_memberships_contains_paywalled_content":false,"_jetpack_memberships_contains_paid_content":false,"footnotes":"","jetpack_publicize_message":"","jetpack_publicize_feature_enabled":true,"jetpack_social_post_already_shared":true,"jetpack_social_options":{"image_generator_settings":{"template":"highway","default_image_id":0,"font":"","enabled":false},"version":2}},"categories":[2],"tags":[],"class_list":["post-5684","post","type-post","status-publish","format-standard","has-post-thumbnail","hentry","category-noticias"],"jetpack_publicize_connections":[],"jetpack_featured_media_url":"https:\/\/i0.wp.com\/sintradeua.org\/co\/wp-content\/uploads\/2023\/01\/servidor-publico-empleado-publico-y-trabajador-oficial.png?fit=1200%2C600&ssl=1","jetpack_sharing_enabled":true,"jetpack_shortlink":"https:\/\/wp.me\/paSj5R-1tG","_links":{"self":[{"href":"https:\/\/sintradeua.org\/co\/wp-json\/wp\/v2\/posts\/5684","targetHints":{"allow":["GET"]}}],"collection":[{"href":"https:\/\/sintradeua.org\/co\/wp-json\/wp\/v2\/posts"}],"about":[{"href":"https:\/\/sintradeua.org\/co\/wp-json\/wp\/v2\/types\/post"}],"author":[{"embeddable":true,"href":"https:\/\/sintradeua.org\/co\/wp-json\/wp\/v2\/users\/2"}],"replies":[{"embeddable":true,"href":"https:\/\/sintradeua.org\/co\/wp-json\/wp\/v2\/comments?post=5684"}],"version-history":[{"count":2,"href":"https:\/\/sintradeua.org\/co\/wp-json\/wp\/v2\/posts\/5684\/revisions"}],"predecessor-version":[{"id":5690,"href":"https:\/\/sintradeua.org\/co\/wp-json\/wp\/v2\/posts\/5684\/revisions\/5690"}],"wp:featuredmedia":[{"embeddable":true,"href":"https:\/\/sintradeua.org\/co\/wp-json\/wp\/v2\/media\/5685"}],"wp:attachment":[{"href":"https:\/\/sintradeua.org\/co\/wp-json\/wp\/v2\/media?parent=5684"}],"wp:term":[{"taxonomy":"category","embeddable":true,"href":"https:\/\/sintradeua.org\/co\/wp-json\/wp\/v2\/categories?post=5684"},{"taxonomy":"post_tag","embeddable":true,"href":"https:\/\/sintradeua.org\/co\/wp-json\/wp\/v2\/tags?post=5684"}],"curies":[{"name":"wp","href":"https:\/\/api.w.org\/{rel}","templated":true}]}}