{"id":5571,"date":"2022-12-27T07:04:35","date_gmt":"2022-12-27T12:04:35","guid":{"rendered":"https:\/\/www.sintradeua.org\/co\/?p=5571"},"modified":"2022-12-27T07:04:35","modified_gmt":"2022-12-27T12:04:35","slug":"gobierno-denuncia-presuntas-irregularidades-en-venta-de-la-triple-a-de-barranquilla","status":"publish","type":"post","link":"https:\/\/sintradeua.org\/co\/gobierno-denuncia-presuntas-irregularidades-en-venta-de-la-triple-a-de-barranquilla\/","title":{"rendered":"Gobierno denuncia presuntas irregularidades en venta de la Triple A de Barranquilla"},"content":{"rendered":"<p style=\"text-align: justify;\"><img data-recalc-dims=\"1\" loading=\"lazy\" decoding=\"async\" data-attachment-id=\"5572\" data-permalink=\"https:\/\/sintradeua.org\/co\/gobierno-denuncia-presuntas-irregularidades-en-venta-de-la-triple-a-de-barranquilla\/pagy5wsop5ef5la6d4acwh2gqe\/\" data-orig-file=\"https:\/\/i0.wp.com\/sintradeua.org\/co\/wp-content\/uploads\/2022\/12\/PAGY5WSOP5EF5LA6D4ACWH2GQE.jpg?fit=650%2C488&amp;ssl=1\" data-orig-size=\"650,488\" data-comments-opened=\"1\" data-image-meta=\"{&quot;aperture&quot;:&quot;0&quot;,&quot;credit&quot;:&quot;&quot;,&quot;camera&quot;:&quot;&quot;,&quot;caption&quot;:&quot;&quot;,&quot;created_timestamp&quot;:&quot;0&quot;,&quot;copyright&quot;:&quot;&quot;,&quot;focal_length&quot;:&quot;0&quot;,&quot;iso&quot;:&quot;0&quot;,&quot;shutter_speed&quot;:&quot;0&quot;,&quot;title&quot;:&quot;&quot;,&quot;orientation&quot;:&quot;0&quot;}\" data-image-title=\"PAGY5WSOP5EF5LA6D4ACWH2GQE\" data-image-description=\"\" data-image-caption=\"\" data-large-file=\"https:\/\/i0.wp.com\/sintradeua.org\/co\/wp-content\/uploads\/2022\/12\/PAGY5WSOP5EF5LA6D4ACWH2GQE.jpg?fit=640%2C480&amp;ssl=1\" class=\"alignnone size-medium wp-image-5572\" src=\"https:\/\/i0.wp.com\/www.sintradeua.org\/co\/wp-content\/uploads\/2022\/12\/PAGY5WSOP5EF5LA6D4ACWH2GQE-300x225.jpg?resize=300%2C225&#038;ssl=1\" alt=\"\" width=\"300\" height=\"225\" srcset=\"https:\/\/i0.wp.com\/sintradeua.org\/co\/wp-content\/uploads\/2022\/12\/PAGY5WSOP5EF5LA6D4ACWH2GQE.jpg?resize=300%2C225&amp;ssl=1 300w, https:\/\/i0.wp.com\/sintradeua.org\/co\/wp-content\/uploads\/2022\/12\/PAGY5WSOP5EF5LA6D4ACWH2GQE.jpg?resize=320%2C240&amp;ssl=1 320w, https:\/\/i0.wp.com\/sintradeua.org\/co\/wp-content\/uploads\/2022\/12\/PAGY5WSOP5EF5LA6D4ACWH2GQE.jpg?w=650&amp;ssl=1 650w\" sizes=\"auto, (max-width: 300px) 100vw, 300px\" \/><\/p>\n<p style=\"text-align: justify;\">Desde la Secretar\u00eda de Transparencia apuntaron a un posible peculado por apropiaci\u00f3n en favor de terceros.<\/p>\n<p style=\"text-align: justify;\">Andr\u00e9s Id\u00e1rraga, secretario de Transparencia del Gobierno, dialog\u00f3 con La W sobre las presuntas irregularidades y la pol\u00e9mica en el caso de la venta de acciones de la Triple A.<\/p>\n<p style=\"text-align: justify;\">La venta, anunciada el pasado mes de diciembre de 2021, se pact\u00f3 por un total de $565 mil millones de pesos, en un acto en el que particip\u00f3 el entonces presidente de la Rep\u00fablica, Iv\u00e1n Duque.<\/p>\n<p style=\"text-align: justify;\">Pese a que, seg\u00fan registros de los accionistas, el Distrito ha sido el presidente de la junta directiva de la empresa durante los \u00faltimos 4 periodos de alcald\u00edas, la venta se anunci\u00f3 como una manera de que \u201cla Triple A volviera a Barranquilla para convertirse en un tesoro\u201d, que adem\u00e1s tendr\u00eda \u201ctotal independencia fiduciaria de cualquier injerencia de car\u00e1cter pol\u00edtico\u201d.<\/p>\n<p style=\"text-align: justify;\">Sobre esto, el secretario de Transparencia del Gobierno afirm\u00f3 que hubo omisiones en el comit\u00e9 t\u00e9cnico y que a trav\u00e9s de \u201cun mico\u201d en la modificaci\u00f3n del c\u00f3digo de extinci\u00f3n de dominio legalizaron que un tercero privado se involucrara en la negociaci\u00f3n.<\/p>\n<p style=\"text-align: justify;\">\u201cLo grave no solamente es el valor inferior, estamos hablando de que haber embargado las acciones de Inassa. Esto conlleva a un detrimento patrimonial y la continuidad del modelo de privatizar a los barranquilleros de su derecho al agua\u201d, dijo.<\/p>\n<p style=\"text-align: justify;\">Asimismo, les pidi\u00f3 a las autoridades correspondientes investigar \u201cun posible peculado por apropiaci\u00f3n a favor de terceros\u201d.<\/p>\n<p style=\"text-align: justify;\">Inst\u00f3 a la Fiscal\u00eda y a la Procuradur\u00eda \u201cpronunciarse\u201d. Adem\u00e1s, pidi\u00f3 a la ciudadan\u00eda barranquillera organizarse para defender su derecho al agua.<\/p>\n<p style=\"text-align: justify;\">Por su parte, asegur\u00f3 que desde la Alcald\u00eda de Barranquilla \u201centre marzo y diciembre de 2021, nunca mencionaron que ese contrato no era para ellos, sino para una empresa\u201d.<\/p>\n<p style=\"text-align: justify;\">De igual forma, explic\u00f3 cu\u00e1nto perder\u00eda Barranquilla con el pol\u00e9mico negocio de la Triple A.<\/p>\n<p style=\"text-align: justify;\">\u201cPor lo menos 400.000 millones de pesos. En la ficha de enajenaci\u00f3n se calcul\u00f3 m\u00e1s de 800.000 millones de pesos. La empresa ven\u00eda funcionando bien, no hab\u00eda raz\u00f3n para desprenderse de esa importante empresa barranquillera\u201d, mencion\u00f3.<\/p>\n<p style=\"text-align: justify;\">Detall\u00f3 que ese contrato no debi\u00f3 haberse vendido de manera directa porque \u201ceso establece una presunta ilegalidad. Al secretario general de la triple A le pido que suspenda la asamblea a las 9:00 de la ma\u00f1ana\u201d.<\/p>\n<p style=\"text-align: justify;\">Insisti\u00f3 de que se estaba vendiendo de manera ilegal acciones de forma directa y no como subasta.<\/p>\n<p style=\"text-align: justify;\">Por otro lado, sobre qui\u00e9n fue el autor de esta pol\u00e9mica venta, respondi\u00f3 que fue el Ministerio de Hacienda del gobierno Duque.<\/p>\n<p style=\"text-align: justify;\">\u201cEs el Ministerio de Hacienda. Fue iniciativa del Gobierno Nacional. En ese momento el de Hacienda era Jos\u00e9 Manuel Restrepo (del gobierno Duque)\u201d, coment\u00f3.<\/p>\n<p style=\"text-align: justify;\">Finalmente, se refiri\u00f3 a si es o no posible echarle reversa al contrato: \u201clo que establece es la posibilidad de que se cancele. Si cualquier autoridad se pronuncia sobre irregularidades, la Procuradur\u00eda tendr\u00eda la posibilidad de cancelar el contrato\u201d.<\/p>\n<p style=\"text-align: justify;\">Sobre la Asamblea que realizar\u00e1 la junta directiva de la empresa, as\u00ed como la cl\u00e1usula de confidencialidad que hab\u00eda mantenido los detalles del contrato sin conocerse, la Alcald\u00eda de Barranquilla asegur\u00f3 que no pueden responder a \u201calgo de lo cual no tenemos conocimiento, ni qui\u00e9n la hizo, ni detalles\u201d. De la misma manera, aseguraron que responder\u00e1n cuando se hagan las denuncias ante organismos judiciales.<\/p>\n<p style=\"text-align: justify;\">Por su parte, en un documento, el grupo de accionistas minoritarios de la Triple A denunci\u00f3 que la entidad ser\u00e1 la \u201ccaja menor de la campa\u00f1a pol\u00edtica de los candidatos a la Alcald\u00eda, Gobernaci\u00f3n, diputados, concejos y ediles que apadrine la actual administraci\u00f3n\u201d.<\/p>\n<p style=\"text-align: justify;\">\u00a0<\/p>\n","protected":false},"excerpt":{"rendered":"<p>Desde la Secretar\u00eda de Transparencia apuntaron a un posible peculado por apropiaci\u00f3n en favor de terceros. Andr\u00e9s Id\u00e1rraga, secretario de Transparencia del Gobierno, dialog\u00f3 con La W sobre las presuntas irregularidades y la pol\u00e9mica en el caso de la venta de acciones de la Triple A. La venta, anunciada el pasado mes de diciembre de&#8230;<\/p>\n","protected":false},"author":2,"featured_media":5572,"comment_status":"open","ping_status":"open","sticky":false,"template":"","format":"standard","meta":{"advanced_seo_description":"","jetpack_seo_html_title":"","jetpack_seo_noindex":false,"jetpack_post_was_ever_published":false,"_jetpack_newsletter_access":"","_jetpack_dont_email_post_to_subs":false,"_jetpack_newsletter_tier_id":0,"_jetpack_memberships_contains_paywalled_content":false,"_jetpack_memberships_contains_paid_content":false,"footnotes":"","jetpack_publicize_message":"","jetpack_publicize_feature_enabled":true,"jetpack_social_post_already_shared":true,"jetpack_social_options":{"image_generator_settings":{"template":"highway","default_image_id":0,"font":"","enabled":false},"version":2}},"categories":[2],"tags":[],"class_list":["post-5571","post","type-post","status-publish","format-standard","has-post-thumbnail","hentry","category-noticias"],"jetpack_publicize_connections":[],"jetpack_featured_media_url":"https:\/\/i0.wp.com\/sintradeua.org\/co\/wp-content\/uploads\/2022\/12\/PAGY5WSOP5EF5LA6D4ACWH2GQE.jpg?fit=650%2C488&ssl=1","jetpack_sharing_enabled":true,"jetpack_shortlink":"https:\/\/wp.me\/paSj5R-1rR","_links":{"self":[{"href":"https:\/\/sintradeua.org\/co\/wp-json\/wp\/v2\/posts\/5571","targetHints":{"allow":["GET"]}}],"collection":[{"href":"https:\/\/sintradeua.org\/co\/wp-json\/wp\/v2\/posts"}],"about":[{"href":"https:\/\/sintradeua.org\/co\/wp-json\/wp\/v2\/types\/post"}],"author":[{"embeddable":true,"href":"https:\/\/sintradeua.org\/co\/wp-json\/wp\/v2\/users\/2"}],"replies":[{"embeddable":true,"href":"https:\/\/sintradeua.org\/co\/wp-json\/wp\/v2\/comments?post=5571"}],"version-history":[{"count":1,"href":"https:\/\/sintradeua.org\/co\/wp-json\/wp\/v2\/posts\/5571\/revisions"}],"predecessor-version":[{"id":5573,"href":"https:\/\/sintradeua.org\/co\/wp-json\/wp\/v2\/posts\/5571\/revisions\/5573"}],"wp:featuredmedia":[{"embeddable":true,"href":"https:\/\/sintradeua.org\/co\/wp-json\/wp\/v2\/media\/5572"}],"wp:attachment":[{"href":"https:\/\/sintradeua.org\/co\/wp-json\/wp\/v2\/media?parent=5571"}],"wp:term":[{"taxonomy":"category","embeddable":true,"href":"https:\/\/sintradeua.org\/co\/wp-json\/wp\/v2\/categories?post=5571"},{"taxonomy":"post_tag","embeddable":true,"href":"https:\/\/sintradeua.org\/co\/wp-json\/wp\/v2\/tags?post=5571"}],"curies":[{"name":"wp","href":"https:\/\/api.w.org\/{rel}","templated":true}]}}