{"id":4841,"date":"2022-01-23T13:43:37","date_gmt":"2022-01-23T18:43:37","guid":{"rendered":"https:\/\/www.sintradeua.org\/co\/?p=4841"},"modified":"2022-01-23T13:43:37","modified_gmt":"2022-01-23T18:43:37","slug":"la-triste-historia-del-abandonado-patrimonio-arquitectonico-del-antiguo-colegio-barranquilla-para-varones","status":"publish","type":"post","link":"https:\/\/sintradeua.org\/co\/la-triste-historia-del-abandonado-patrimonio-arquitectonico-del-antiguo-colegio-barranquilla-para-varones\/","title":{"rendered":"La triste historia del abandonado patrimonio arquitect\u00f3nico del antiguo colegio Barranquilla para varones."},"content":{"rendered":"<p style=\"text-align: justify;\">Por Gaspar Hern\u00e1ndez Caama\u00f1o<\/p>\n<h3 style=\"text-align: justify;\">Como a la uniatl\u00e1ntico le \u201craponearon\u201d su inmueble.<\/h3>\n<p class=\"has-drop-cap\" style=\"text-align: justify;\">Durante mis a\u00f1os de estudiante de pregrados, Educaci\u00f3n y Derecho, en la sede de \u201cVeinte de Julio\u201d de la Universidad del Atl\u00e1ntico, fui habitante diurno y nocturno de los amplios y altos salones del edificio donde funcion\u00f3, hasta inicios de la d\u00e9cada de los a\u00f1os 70s del siglo <strong>xx, el colegio Barranquilla para varones<\/strong>, ubicado en la carrera progreso (41) con calle\u00a0<strong>Bolivia<\/strong>\u00a0(51), esquina.\u00a0<strong>Esa es una edificaci\u00f3n de la vieja Barranquilla,<\/strong>\u00a0cuyo patrimonio arquitect\u00f3nico no sabemos apreciar y menos conservar.\u00a0<strong>Somos una ciudad fenicia<\/strong>: sin memoria.<\/p>\n<p style=\"text-align: justify;\">Lo volv\u00ed a habitar cuando fui Decano de la Facultad de Derecho, pues en esas recordadas instalaciones -sobre\u00a0<strong>progreso-<\/strong>, funcionaron el\u00a0<strong>consultorio jur\u00eddico y el centro de conciliaci\u00f3n<\/strong>\u00a0de la Universidad del Atl\u00e1ntico. Y una vez a la semana \u201ctrasladaba\u201d la Decanatura a\u00a0 esas oficinas de servicios universitarios de\u00a0<strong>extensi\u00f3n social<\/strong>, para atender personalmente a estudiantes, docentes y comunidad en general.\u00a0<\/p>\n<figure class=\"wp-block-image size-large\" style=\"text-align: justify;\"><img data-recalc-dims=\"1\" loading=\"lazy\" decoding=\"async\" class=\"wp-image-5108\" src=\"https:\/\/i0.wp.com\/www.soloproposiciones.com\/wp-content\/uploads\/2022\/01\/Patrimonio-Gaspar-1024x627.jpg?resize=640%2C392&#038;ssl=1\" sizes=\"auto, (max-width: 1024px) 100vw, 1024px\" srcset=\"https:\/\/www.soloproposiciones.com\/wp-content\/uploads\/2022\/01\/Patrimonio-Gaspar-1024x627.jpg 1024w, https:\/\/www.soloproposiciones.com\/wp-content\/uploads\/2022\/01\/Patrimonio-Gaspar-300x184.jpg 300w, https:\/\/www.soloproposiciones.com\/wp-content\/uploads\/2022\/01\/Patrimonio-Gaspar-768x470.jpg 768w, https:\/\/www.soloproposiciones.com\/wp-content\/uploads\/2022\/01\/Patrimonio-Gaspar-696x426.jpg 696w, https:\/\/www.soloproposiciones.com\/wp-content\/uploads\/2022\/01\/Patrimonio-Gaspar-1068x654.jpg 1068w, https:\/\/www.soloproposiciones.com\/wp-content\/uploads\/2022\/01\/Patrimonio-Gaspar.jpg 1309w\" alt=\"\" width=\"640\" height=\"392\" \/><figcaption>Foto tomada del EL HERALDO.<\/figcaption><\/figure>\n<p style=\"text-align: justify;\">He recordado mis pasos \u201cvagabundos\u201d por ese edificio del barrio\u00a0<strong>rosario<\/strong>, donde eduque el cuerpo y el esp\u00edritu en mis estudios y trabajos universitarios, ahora que las noticias sobre su destino\u00a0<strong>no son gratas<\/strong>, ya que despu\u00e9s de tanta politiquer\u00eda y memoria nost\u00e1lgica de ex-alumnos del\u00a0<strong>codeba<\/strong>, la hist\u00f3rica construcci\u00f3n\u00a0<strong>naufraga como barco abandonado en un puerto de olvido<\/strong>. Y decid\u00ed volver a los archivos de la d\u00e9cada en que labor\u00e9 como directivo de\u00a0<strong>uniatl\u00e1ntico,<\/strong>\u00a02007 a 2016, para contar, desde esos recuerdos, esta TRISTE HISTORIA de miserias personales, fundado en documentos p\u00fablicos y en la memoria siempre joven del universitario que soy.\u00a0<\/p>\n<p style=\"text-align: justify;\">He aqu\u00ed, Damas y Caballeros, esta historia de olvidos, silencios y omisiones.<\/p>\n<p style=\"text-align: justify;\">\u00bf<strong>Por qu\u00e9 le \u201craponearon\u201d a\u00a0 uniatl\u00e1ntico el inmueble del\u00a0 antiguo colegio Barranquilla<\/strong>?\u00a0<\/p>\n<p style=\"text-align: justify;\"><strong>Proemio<\/strong>. No soy escritor\u00a0<strong>inocente<\/strong>. Cuando lo hago -\u201cno soy escritor de libros, sino lector de libros\u201d, Wody Allen-, s\u00e9 por qu\u00e9 escribo. As\u00ed que s\u00e9 el significado del verbo\u00a0<strong>raponear<\/strong>, que no es otro que\u00a0<strong>asaltar a mano armada<\/strong>. Es decir,\u00a0<strong>raponear es robar<\/strong>. Precisado el concepto, paso entonces a contar<strong>, a mi manera<\/strong>, la historia del \u201cROBO\u201d.<\/p>\n<p style=\"text-align: justify;\"><strong>El determinador del asalto<\/strong>. No dudo, ni un instante, en afirmar (\u201cbajo la gravedad del juramento\u201d) que el autor y\/o\u00a0<strong>determinador de ese asalto al patrimonio de la universidad del atlantico<\/strong>\u00a0es el, dos veces, Ex-Gobernador del Departamento, Sr.\u00a0<strong>Eduardo Verano de la Rosa<\/strong>, cuya aspiraci\u00f3n\u00a0<strong>presidencial<\/strong>\u00a0naufrag\u00f3 en las primeras brisas de Diciembre. \u201cen diciembre llegan las brisas\u201d, Marvel Moreno. \u00bfVerdad? Y se llevan todo en la rueda de la cumbia.<\/p>\n<p style=\"text-align: justify;\"><strong>Origen del asalto<\/strong>. Verano, en un discurso de su primera campa\u00f1a para la Gobernaci\u00f3n, pronunciado en el Sal\u00f3n Magdalena \u2013 hoy \u201cAmilkar Guido\u201d-, del bloque D de la Ciudadela Universitaria, manifest\u00f3 que:<\/p>\n<p style=\"text-align: justify;\">\u201c<strong>Que su primer acto de gobierno como gobernador ser\u00eda \u201cbotar\u201d de la rectoria de la universidad del atl\u00e1ntico a la paisa<\/strong>\u201c.<\/p>\n<p style=\"text-align: justify;\">Fue su \u201cbandera\u201d para \u201cpajarrillar\u201d su triste y malogrado cuento pol\u00edtico de\u00a0<strong>la rep\u00fablica del caribe<\/strong>. Ah\u00ed, en esa inquina regionalista \u2013<strong>coste\u00f1os vs cachacos<\/strong>\u2013 se engendr\u00f3 el asalto.<\/p>\n<p style=\"text-align: justify;\"><strong>La paisa en la rector\u00eda<\/strong>. El Gobernador Verano se posesion\u00f3, 2009, estando como rectora\u00a0<strong>encargada<\/strong>\u00a0de la Universidad del Atl\u00e1ntico, desde el 2006, la Ingeniera antioque\u00f1a,\u00a0<strong>Ana Sof\u00eda Mesa de Cuervo<\/strong>\u00a0que, en el 2007, propuso la modificaci\u00f3n del Estatuto General de la Universidad para definir su\u00a0<strong>naturaleza jur\u00eddica como \u201cente universitario aut\u00f3nomo<\/strong>\u201c(art.69 constitucional) y no \u201c<strong>establecimiento p\u00fablico<\/strong>\u201c, como estaba constituida. Y adelant\u00f3 una campa\u00f1a jur\u00eddica (aplicaci\u00f3n de la Ley 550\/1999) para recuperar\u00a0<strong>financieramente<\/strong>\u00a0al ente universitario que, para el 2006, estaba\u00a0<strong>arruinado<\/strong>\u00a0y al borde del cierre.<\/p>\n<p><img data-recalc-dims=\"1\" loading=\"lazy\" decoding=\"async\" data-attachment-id=\"4842\" data-permalink=\"https:\/\/sintradeua.org\/co\/la-triste-historia-del-abandonado-patrimonio-arquitectonico-del-antiguo-colegio-barranquilla-para-varones\/foto-1-2\/\" data-orig-file=\"https:\/\/i0.wp.com\/sintradeua.org\/co\/wp-content\/uploads\/2022\/01\/foto-1.jpg?fit=801%2C760&amp;ssl=1\" data-orig-size=\"801,760\" data-comments-opened=\"1\" data-image-meta=\"{&quot;aperture&quot;:&quot;0&quot;,&quot;credit&quot;:&quot;&quot;,&quot;camera&quot;:&quot;&quot;,&quot;caption&quot;:&quot;&quot;,&quot;created_timestamp&quot;:&quot;0&quot;,&quot;copyright&quot;:&quot;&quot;,&quot;focal_length&quot;:&quot;0&quot;,&quot;iso&quot;:&quot;0&quot;,&quot;shutter_speed&quot;:&quot;0&quot;,&quot;title&quot;:&quot;&quot;,&quot;orientation&quot;:&quot;0&quot;}\" data-image-title=\"foto 1\" data-image-description=\"\" data-image-caption=\"\" data-large-file=\"https:\/\/i0.wp.com\/sintradeua.org\/co\/wp-content\/uploads\/2022\/01\/foto-1.jpg?fit=640%2C607&amp;ssl=1\" class=\"alignnone size-medium wp-image-4842\" src=\"https:\/\/i0.wp.com\/www.sintradeua.org\/co\/wp-content\/uploads\/2022\/01\/foto-1-300x285.jpg?resize=300%2C285&#038;ssl=1\" alt=\"\" width=\"300\" height=\"285\" srcset=\"https:\/\/i0.wp.com\/sintradeua.org\/co\/wp-content\/uploads\/2022\/01\/foto-1.jpg?resize=300%2C285&amp;ssl=1 300w, https:\/\/i0.wp.com\/sintradeua.org\/co\/wp-content\/uploads\/2022\/01\/foto-1.jpg?resize=60%2C57&amp;ssl=1 60w, https:\/\/i0.wp.com\/sintradeua.org\/co\/wp-content\/uploads\/2022\/01\/foto-1.jpg?w=801&amp;ssl=1 801w\" sizes=\"auto, (max-width: 300px) 100vw, 300px\" \/><\/p>\n<div class=\"wp-block-image\" style=\"text-align: justify;\">\n<figure class=\"alignleft size-large is-resized\"><figcaption>Dentro de los activos para responder por las acreencias que se acreditaron en el sometimiento a <strong>la ley de quiebra<\/strong>\u00a0estaba el inmueble donde funciona, entre 20 de Julio y Progreso, la sede Centro de la Universidad, incluido el inmueble donde funcion\u00f3, el otrora, Colegio Barranquilla para Varones, hoy en ruina.<\/figcaption><\/figure>\n<\/div>\n<p style=\"text-align: justify;\">La rectora \u201cpaisa\u201d, como la bautizaron, adelantaba, cuando Verano asist\u00eda a las sesiones del Consejo Superior Universitario, que presid\u00eda como Gobernador,\u00a0<strong>acciones de cobro administrativos y judiciales contra el departamento por la no devoluci\u00f3n correcta de los ingresos hist\u00f3ricos de la contribuci\u00f3n\u00a0 \u201cestampilla pro-ciudadela universitaria del atl\u00e1ntico<\/strong>\u201c. Dineros p\u00fablicos pertenecientes a la Universidad, como ente aut\u00f3nomo, pero que recauda y maneja, a su manera, el Departamento. (<strong>Esa es otra triste\u00a0<\/strong>historia). EL fundamento jur\u00eddico de esas acciones de cobro fue un\u00a0<strong>concepto de la sala de consultas del consejo de estado<\/strong>\u00a0que permit\u00eda cobrar esa hist\u00f3rica deuda, adem\u00e1s con INTERESES.\u00a0<\/p>\n<p style=\"text-align: justify;\">Ni los anteriores rectores a \u201c<strong>la paisa<\/strong>\u201c, ni los posteriores, se han atrevido a cobrar y manejar,\u00a0<strong>universitariamente<\/strong>, esos recaudos de\u00a0<strong>la estampilla pro-ciudadela universitaria. \u00bfRaz\u00f3n? Es m\u00e1s c\u00f3modo ser \u201cep\u00edgono\u201d del gobernador de turno, que rector aut\u00f3nomo.\u00a0<\/strong><\/p>\n<blockquote class=\"wp-block-quote\">\n<p><strong><span class=\"has-inline-color has-vivid-cyan-blue-color\">LO ADVERTIDO ANTE EL SUPERIOR GENER\u00d3 EL RUMOR \u201cMAMERTO\u201d, PARA M\u00cd, QUE LA UNIVERSIDAD VENDER\u00cdA TODA LA SEDE CENTRO, INCLUYENDO EL COLEGIO DE BARRANQUILLA, PARA QUE ALL\u00cd SE CONSTRUYERA UNA NUEVA SUPER-TIENDA OLIMPICA. ESE CHISME HIZO CARRERA. Y VERANO, GOBERNADOR ENTONCES, ORDEN\u00d3 EL RAPONEO DE ESA, TAMBI\u00c9N HIST\u00d3RICA PROPIEDAD DE LA UNIVERSIDAD DEL ATL\u00c1NTICO, SIN DOLIENTES LOCALES<\/span><\/strong><\/p>\n<\/blockquote>\n<p style=\"text-align: justify;\">Esa autonom\u00eda de \u201c<strong>la paisa<\/strong>\u201d nunca fue del agrado del \u201cpseudo-autonom\u00edsta\u201d Verano, quien fracas\u00f3 en \u201cbotarla\u201d de la rector\u00eda (durante su primera gobernaci\u00f3n, la ingeniera Mesa fue designada rectora\u00a0<strong>titular<\/strong>). Y, entonces, el Gobernador Verano se invent\u00f3 la \u201cmaroma\u201d\u00a0<strong>de la recuperaci\u00f3n para el departamento del atl\u00e1ntico del inmueble donde funcion\u00f3, en el siglo pasado, el colegio Barranquilla para varones<\/strong>. \u00a1Observan el entrompe!.<\/p>\n<p style=\"text-align: justify;\"><strong>el predio del codeba<\/strong>. El lote donde se edific\u00f3, con arquitectura republicana, el primer colegio p\u00fablico de bachillerato de Barranquilla, fue\u00a0<strong>donado<\/strong>\u00a0al Departamento del Atl\u00e1ntico por la familia del fil\u00e1ntropo\u00a0<strong>Jos\u00e9 Francisco Insignares Sierra<\/strong>, quien fuese Gobernador. Es un lote de 7.300 metros cuadrados, ubicado en la esquina de la Cra 41 con calle 51.<\/p>\n<figure class=\"wp-block-image size-large is-resized\" style=\"text-align: justify;\"><img data-recalc-dims=\"1\" loading=\"lazy\" decoding=\"async\" class=\"wp-image-5110\" src=\"https:\/\/i0.wp.com\/www.soloproposiciones.com\/wp-content\/uploads\/2022\/01\/Patrimonio-3-Gaspar.jpg?resize=485%2C803&#038;ssl=1\" alt=\"\" width=\"485\" height=\"803\" \/><figcaption><em>Foto tomada del EL HERALDO.<\/em><\/figcaption><\/figure>\n<p style=\"text-align: justify;\">La donaci\u00f3n consta en la Escritura P\u00fablica No. 1177, protocolizada en la Notaria Segunda. El inmueble es el de matr\u00edcula No. 040-28086 de la Oficina de Registros de Instrumentos P\u00fablicos de Barranquilla; y Registro Catastral No.010100630002000 del Instituto Geogr\u00e1fico Agust\u00edn Codazzi.<\/p>\n<p style=\"text-align: justify;\"><strong>Del departamento a la universidad<\/strong>. En 1.958, el Decreto No. 0277 en su art\u00edculo 12 consagr\u00f3\u00a0<strong>la autonom\u00eda para las universidades oficiales departamentales<\/strong>. Y autoriz\u00f3 a los entes territoriales traspasar a esas universidades\u00a0<strong>el derecho de dominio sobre inmuebles para su adecuado funcionamiento.<\/strong><\/p>\n<p style=\"text-align: justify;\">En cumplimiento de esa norma legal, la Asamblea Departamental del Atl\u00e1ntico aprob\u00f3 la Ordenanza No. 38 del 5 de Diciembre de 1.958 ordenando el traspaso o donaci\u00f3n de\u00a0<strong>diez bienes a la universidad del atl\u00e1ntico<\/strong>, entre ellos el inmueble donde, para entonces, funcionaba\u00a0<strong>el colegio Barranquilla para varones<\/strong>\u00a0en una edificaci\u00f3n organizada, seg\u00fan el urbanista Arq. Porfirio Ospina, \u201d en forma de claustro con salones que giran alrededor de un patio central y con una arquitectura ecl\u00e9ctica, que incluye una atalaya o torre pensada para que sirviera como observatorio astron\u00f3mico, con ritmo y proporciones en sus fachadas de gran atractivo para el contexto urbano\u201d (ver El Heraldo).<\/p>\n<p style=\"text-align: justify;\">En ese contexto hist\u00f3rico, el art\u00edculo 6o. de la citada Ordenanza\u00a0<strong>autoriz\u00f3 al gobernador celebrar un contrato de permuta con la universidad sobre el edificio del colegio<\/strong>, una vez la Universidad adquiera un edificio adecuado para el traslado y funcionamiento del CODEBA, de acuerdo a las exigencias de la Ordenanza No.27 de 1.956.\u00a0<\/p>\n<p style=\"text-align: justify;\">La Universidad entrega la edificaci\u00f3n donde\u00a0<strong>funcionaba el instituto industrial del atl\u00e1ntico<\/strong>, en el barrio Boston, a donde se traslad\u00f3\u00a0<strong>colegio Barranquilla para varones<\/strong>\u00a0desde 1.972, mientras la Universidad la adecua para el crecimiento de las facultades de\u00a0 Educaci\u00f3n y Econom\u00eda, la Escuela de Idiomas y otros servicios universitarios.<\/p>\n<p style=\"text-align: justify;\">\u00bf<strong>Y la permuta<\/strong>?<\/p>\n<p style=\"text-align: justify;\">A pesar de asumir la posesi\u00f3n quieta, pac\u00edfica y con \u201cjusto t\u00edtulo\u201d del inmueble, hoy abandonado\u00a0<strong>al silencio y al olvido<\/strong>, la Universidad del Atl\u00e1ntico ni el Departamento\u00a0<strong>tr\u00e1mitaron el registro de la permuta de dicho bien ante la oficina de instrumentos p\u00fablicos de Barranquilla<\/strong>, como lo ordena la Ley para esa clase de asuntos jur\u00eddicos. Permaneciendo \u00e9ste como una propiedad del ente territorial.\u00a0<strong>o sea, la permuta en el limbo.<\/strong><\/p>\n<p style=\"text-align: justify;\">Esta grave omisi\u00f3n administrativa, desde 1.958, la advirti\u00f3 la rectora \u201cpaisa\u201d ante el Consejo Superior Universitario en sesi\u00f3n del 2 de septiembre del 2.009, seg\u00fan consta en el Acta No. 007 de ese a\u00f1o. Dicha sesi\u00f3n estuvo presidida por el Gobernador de entonces, Eduardo Verano de la Rosa, administrador de Empresas egresado de Uninorte donde ha sido directivo. Verano no es uniatlanticense. Y este no es un dato menor.<\/p>\n<p style=\"text-align: justify;\">Es oportuno anotar que desde 1972 la Universidad ejerc\u00eda pleno dominio sobre el inmueble con \u00e1nimo de \u201cse\u00f1or y due\u00f1o\u201d. Y no olvido la naturaleza del mismo y la existencia de la donaci\u00f3n y\/o permuta. Por ese dominio real, la Universidad sometida a los rigores de la Ley 550 lo incluy\u00f3 entre su patrimonio para extender el predio de la sede Centro de la misma. O sea, constituir un solo predio en esa manzana urbana de Barranquilla.<\/p>\n<p style=\"text-align: justify;\"><strong>Un chisme \u201cmamerto<\/strong>.\u201d Al iniciar el estudio de t\u00edtulos de los bienes inmuebles en cabeza de la Universidad del Atl\u00e1ntico, como\u00a0<strong>ente universitario aut\u00f3nomo,<\/strong>\u00a0se \u201cdescubri\u00f3\u201d que el predio donado y permutado, donde funcion\u00f3 hasta 1.972, el Colegio,\u00a0<strong>no estaba registrado a su nombre<\/strong>, como no lo est\u00e1n otros bienes terrenales (<strong>pero esa es otra historia<\/strong>). Por lo que no se pod\u00eda proceder a su utilizaci\u00f3n como patrimonio para responder ante acreedores sometidos al R\u00e9gimen de Quiebra, en el que todav\u00eda se encuentra la Universidad desde el 2006.<\/p>\n<p style=\"text-align: justify;\">Lo advertido ante el Superior gener\u00f3 el rumor \u201cmamerto\u201d, para m\u00ed, que la Universidad vender\u00eda\u00a0<strong>toda la sede centro<\/strong>, incluyendo\u00a0<strong>el colegio de barranquilla<\/strong>, para que all\u00ed se construyera una nueva SUPER-TIENDA OLIMPICA. Ese chisme hizo carrera. Y Verano, gobernador entonces, orden\u00f3\u00a0<strong>el raponeo de esa, tambi\u00e9n hist\u00f3rica propiedad de la universidad del atl\u00e1ntico<\/strong>, sin dolientes locales.<\/p>\n<p style=\"text-align: justify;\">En \u00e9ste punto del relato preciso que uso el vocablo \u201c<strong>mamerto<\/strong>\u201d en sentido literario. Y no ideol\u00f3gico, pues no es mi inter\u00e9s herir susceptibilidades pol\u00edticas, entre mis apreciados\u00a0<strong>\u201ccamaradas<\/strong>\u201c, entre ellos el colega Alfonso Camerano, ilustre apoderado de la Asociaci\u00f3n de Egresados del\u00a0<strong>codeba<\/strong>. Sino contar una historia triste, de \u201cOLVIDO Y SILENCIO\u201d, como se califica en reciente cr\u00f3nica de El Heraldo, la situaci\u00f3n de esa edificaci\u00f3n donde yo tambi\u00e9n estudi\u00e9, pero como alumno de la Universidad de la que soy entonces doliente.<\/p>\n<p style=\"text-align: justify;\"><strong>el predio al distrito de Barranquilla<\/strong>. Siendo miembro del Consejo Superior de la Universidad del Atl\u00e1ntico, en el 2010, el Gobernador Verano de la Rosa solicit\u00f3 a la Honorable Asamblea Departamental\u00a0<strong>facultades pro-tempore<\/strong>\u00a0para \u201cexpropiar\u201d el predio que pose\u00eda, desde el siglo XX, el Alma Mater y donarlo gratuitamente al Distrito de Barranquilla.\u00a0<strong>esta donaci\u00f3n es la que llamo sin temor ni dudas raponeo.<\/strong><\/p>\n<p style=\"text-align: justify;\">La donaci\u00f3n est\u00e1 contenida en la Ordenanza No.000106 del 13 de Diciembre del 2010, donde se concedieron facultades\u00a0<strong>pro-tempore<\/strong>\u00a0al Gobernador Verano quien, mediante Escritura No. 390 del 11 de Abril del 201, \u201c<strong>transfiere a titulo de donaci\u00f3n gratuita a favor del distrito especial, industrial y portuario de Barranquilla, el bien inmueble fiscal ubicado en la calle 51 no. 41-52 predio que se distingue con referencia catastral no. 01.01.0063.0002.000\u2033.<\/strong><\/p>\n<p style=\"text-align: justify;\">Desde el d\u00eda de la donaci\u00f3n (raponeo a mi entender), el Distrito no ha atendido cabalmente la conservaci\u00f3n del regalo, que solo reclaman los ex-alumnos del\u00a0<strong>codeba<\/strong>. Y ya se cuenta m\u00e1s de una d\u00e9cada, 2010 a 2021, de\u00a0<strong>silencios y olvidos<\/strong>, mientras el edificio republicano se cae a pedazos y es presa de otra clase de \u201craponeo\u201d, el fam\u00e9lico, por aquellos llamados \u201camigos de lo ajeno\u201d.<\/p>\n<p style=\"text-align: justify;\"><strong>un dato<\/strong>. Para cuando era Alcaldesa de Barranquilla a la actual Gobernadora del Atl\u00e1ntico le o\u00ed decir, al o\u00eddo de la rectora \u201cpaisa\u201d de la Universidad que:\u201d\u00a0<strong>que el distrito no ten\u00eda cinco mil millones de pesos para invertirlos en la adecuaci\u00f3n de ese edificio<\/strong>\u201c. Ha pasado el tiempo y a\u00fan el Distrito no dispone de ese \u201cbilletico\u201d, como dice mi nieto Emilio.\u00a0<\/p>\n<p style=\"text-align: justify;\">\u00bfHabr\u00e1 alguna raz\u00f3n para no invertir en esa edificaci\u00f3n?. Respondo. el ministerio de educaci\u00f3n nacional, men, ha construido unos megacolegios al sur occidente de la barranquilla metropolitana, con mejor infraestructura, que los jovenes y sus padres prefieren matricularse en ellos que est\u00e1n situados cerca a sus casas que venirse a estudiar su bachillerato al centro de la ciudad. es m\u00e1s econ\u00f3mico, pienso.<\/p>\n<p style=\"text-align: justify;\">Adem\u00e1s, me han contado, que a los estudiantes del\u00a0<strong>codeba<\/strong>\u00a0provenientes de los barrios del\u00a0<strong>sur profundo<\/strong>, el Distrito le facilita un bus para transportarlo hasta el barrio Boston y regresarlos a sus casas.\u00a0<\/p>\n<p style=\"text-align: justify;\"><strong>Inquietud final<\/strong>. \u00bfQu\u00e9 resultado logr\u00f3 el ex-gobernador Verano de la Rosa con provocar el despojo a la Universidad del Atl\u00e1ntico del predio donde ella desarrollaba, para el 2010, sus servicios de Educaci\u00f3n Superior?. Nada de lo que hoy deba sentirse orgulloso. Y qu\u00e9 ha ganado el Distrito de Barranquilla al aceptar, a rega\u00f1a dientes, el obsequio de un bien p\u00fablico hoy abandonado como basura?. Solo los celosos regionalista de falsos coste\u00f1os engendro esa triste acci\u00f3n de gobierno ante la ausencia de dolientes del genuino patrimonio de la Universidad\u00a0<strong>del caribe<\/strong>, otrora, defendido por una \u201ccachaca\u201d, paradoja de la vida de Rio y Mar.<\/p>\n","protected":false},"excerpt":{"rendered":"<p>Por Gaspar Hern\u00e1ndez Caama\u00f1o Como a la uniatl\u00e1ntico le \u201craponearon\u201d su inmueble. Durante mis a\u00f1os de estudiante de pregrados, Educaci\u00f3n y Derecho, en la sede de \u201cVeinte de Julio\u201d de la Universidad del Atl\u00e1ntico, fui habitante diurno y nocturno de los amplios y altos salones del edificio donde funcion\u00f3, hasta inicios de la d\u00e9cada de&#8230;<\/p>\n","protected":false},"author":2,"featured_media":4844,"comment_status":"open","ping_status":"open","sticky":false,"template":"","format":"standard","meta":{"advanced_seo_description":"","jetpack_seo_html_title":"","jetpack_seo_noindex":false,"jetpack_post_was_ever_published":false,"_jetpack_newsletter_access":"","_jetpack_dont_email_post_to_subs":false,"_jetpack_newsletter_tier_id":0,"_jetpack_memberships_contains_paywalled_content":false,"_jetpack_memberships_contains_paid_content":false,"footnotes":"","jetpack_publicize_message":"","jetpack_publicize_feature_enabled":true,"jetpack_social_post_already_shared":true,"jetpack_social_options":{"image_generator_settings":{"template":"highway","default_image_id":0,"font":"","enabled":false},"version":2}},"categories":[2],"tags":[],"class_list":["post-4841","post","type-post","status-publish","format-standard","has-post-thumbnail","hentry","category-noticias"],"jetpack_publicize_connections":[],"jetpack_featured_media_url":"https:\/\/i0.wp.com\/sintradeua.org\/co\/wp-content\/uploads\/2022\/01\/foto-3.jpg?fit=794%2C1025&ssl=1","jetpack_sharing_enabled":true,"jetpack_shortlink":"https:\/\/wp.me\/paSj5R-1g5","_links":{"self":[{"href":"https:\/\/sintradeua.org\/co\/wp-json\/wp\/v2\/posts\/4841","targetHints":{"allow":["GET"]}}],"collection":[{"href":"https:\/\/sintradeua.org\/co\/wp-json\/wp\/v2\/posts"}],"about":[{"href":"https:\/\/sintradeua.org\/co\/wp-json\/wp\/v2\/types\/post"}],"author":[{"embeddable":true,"href":"https:\/\/sintradeua.org\/co\/wp-json\/wp\/v2\/users\/2"}],"replies":[{"embeddable":true,"href":"https:\/\/sintradeua.org\/co\/wp-json\/wp\/v2\/comments?post=4841"}],"version-history":[{"count":1,"href":"https:\/\/sintradeua.org\/co\/wp-json\/wp\/v2\/posts\/4841\/revisions"}],"predecessor-version":[{"id":4843,"href":"https:\/\/sintradeua.org\/co\/wp-json\/wp\/v2\/posts\/4841\/revisions\/4843"}],"wp:featuredmedia":[{"embeddable":true,"href":"https:\/\/sintradeua.org\/co\/wp-json\/wp\/v2\/media\/4844"}],"wp:attachment":[{"href":"https:\/\/sintradeua.org\/co\/wp-json\/wp\/v2\/media?parent=4841"}],"wp:term":[{"taxonomy":"category","embeddable":true,"href":"https:\/\/sintradeua.org\/co\/wp-json\/wp\/v2\/categories?post=4841"},{"taxonomy":"post_tag","embeddable":true,"href":"https:\/\/sintradeua.org\/co\/wp-json\/wp\/v2\/tags?post=4841"}],"curies":[{"name":"wp","href":"https:\/\/api.w.org\/{rel}","templated":true}]}}