{"id":4194,"date":"2019-04-19T21:36:24","date_gmt":"2019-04-20T02:36:24","guid":{"rendered":"https:\/\/www.sintradeua.org\/co\/?p=4194"},"modified":"2019-04-19T21:36:24","modified_gmt":"2019-04-20T02:36:24","slug":"corresponde-a-los-jueces-determinar-la-extension-de-la-estabilidad-laboral-reforzada-por-paternidad","status":"publish","type":"post","link":"https:\/\/sintradeua.org\/co\/corresponde-a-los-jueces-determinar-la-extension-de-la-estabilidad-laboral-reforzada-por-paternidad\/","title":{"rendered":"Corresponde a los jueces determinar la extensi\u00f3n de la estabilidad laboral reforzada por paternidad"},"content":{"rendered":"<p><img data-recalc-dims=\"1\" loading=\"lazy\" decoding=\"async\" data-attachment-id=\"4196\" data-permalink=\"https:\/\/sintradeua.org\/co\/corresponde-a-los-jueces-determinar-la-extension-de-la-estabilidad-laboral-reforzada-por-paternidad\/hijos-familia-parejabigstock4\/\" data-orig-file=\"https:\/\/i0.wp.com\/sintradeua.org\/co\/wp-content\/uploads\/2019\/04\/hijos-familia-parejabigstock4.jpg?fit=814%2C407&amp;ssl=1\" data-orig-size=\"814,407\" data-comments-opened=\"1\" data-image-meta=\"{&quot;aperture&quot;:&quot;0&quot;,&quot;credit&quot;:&quot;&quot;,&quot;camera&quot;:&quot;&quot;,&quot;caption&quot;:&quot;&quot;,&quot;created_timestamp&quot;:&quot;0&quot;,&quot;copyright&quot;:&quot;&quot;,&quot;focal_length&quot;:&quot;0&quot;,&quot;iso&quot;:&quot;0&quot;,&quot;shutter_speed&quot;:&quot;0&quot;,&quot;title&quot;:&quot;&quot;,&quot;orientation&quot;:&quot;0&quot;}\" data-image-title=\"hijos-familia-parejabigstock4\" data-image-description=\"\" data-image-caption=\"\" data-large-file=\"https:\/\/i0.wp.com\/sintradeua.org\/co\/wp-content\/uploads\/2019\/04\/hijos-familia-parejabigstock4.jpg?fit=640%2C320&amp;ssl=1\" class=\"alignnone size-medium wp-image-4196\" style=\"text-align: justify;\" src=\"https:\/\/i0.wp.com\/www.sintradeua.org\/co\/wp-content\/uploads\/2019\/04\/hijos-familia-parejabigstock4-300x150.jpg?resize=300%2C150&#038;ssl=1\" alt=\"\" width=\"300\" height=\"150\" srcset=\"https:\/\/i0.wp.com\/sintradeua.org\/co\/wp-content\/uploads\/2019\/04\/hijos-familia-parejabigstock4.jpg?resize=300%2C150&amp;ssl=1 300w, https:\/\/i0.wp.com\/sintradeua.org\/co\/wp-content\/uploads\/2019\/04\/hijos-familia-parejabigstock4.jpg?resize=800%2C400&amp;ssl=1 800w, https:\/\/i0.wp.com\/sintradeua.org\/co\/wp-content\/uploads\/2019\/04\/hijos-familia-parejabigstock4.jpg?w=814&amp;ssl=1 814w\" sizes=\"auto, (max-width: 300px) 100vw, 300px\" \/><\/p>\n<p><span style=\"text-align: justify;\">La Corte Constitucional, mediante\u00a0<\/span><a style=\"text-align: justify;\" href=\"http:\/\/legal.legis.com.co\/document\/jurcol\/jurcol_e092caee0d4a4bce86b05a2e7c11519a\/sentencia-c-5-de-enero-18-de-2017\/bf1c9776ea7628c4f09a90a355962599463nf9?text=c-5%20de%202017\">Sentencia C-005 del 2017<\/a><span style=\"text-align: justify;\">, que extendi\u00f3 la prohibici\u00f3n de despido al trabajador cuya pareja sin trabajo est\u00e1 embarazada o en lactancia, solamente adquiri\u00f3 una postura general de naturaleza constitucional, sin reglamentar espec\u00edficamente el tema, ya que dicha funci\u00f3n compete estrictamente al Congreso.<\/span><\/p>\n<p style=\"text-align: justify;\">Por lo tanto,\u00a0<strong>el Ministerio del Trabajo no podr\u00eda indicar los procedimientos o medios probatorios\u00a0<\/strong><strong>a que haya lugar\u00a0<\/strong>en los casos de estabilidad laboral reforzada por paternidad, teniendo en cuenta que no existe una ley reglamentaria ni disposici\u00f3n alguna aplicable en el C\u00f3digo Sustantivo del Trabajo.<\/p>\n<div class=\"field field--name-field-content-extra field--type-entity-reference-revisions field--label-hidden field--items\" style=\"text-align: justify;\">\n<div class=\"field--item\">\n<div class=\"paragraph paragraph--type--legis-text-single paragraph--view-mode--default\">\n<div class=\"field field--name-field-sumary field--type-text-long field--label-hidden field--item\">\n<p>As\u00ed las cosas, solamente un juez de la Rep\u00fablica puede determinar si a un trabajador le asiste o no su derecho de extensi\u00f3n de estabilidad laboral reforzada, pues tiene la facultad de declarar derechos individuales y definir las posibles controversias.<\/p>\n<p><strong>(Mintrabajo, Concepto 6214, 02\/27\/2019)<\/strong><\/p>\n<\/div>\n<\/div>\n<\/div>\n<\/div>\n<div class=\"field field--name-dynamic-token-fieldnode-indicator field--type-ds field--label-hidden field--item\" style=\"text-align: justify;\">\n<p><span class=\"indicator\">\u00a0<\/span><\/p>\n<\/div>\n","protected":false},"excerpt":{"rendered":"<p>La Corte Constitucional, mediante\u00a0Sentencia C-005 del 2017, que extendi\u00f3 la prohibici\u00f3n de despido al trabajador cuya pareja sin trabajo est\u00e1 embarazada o en lactancia, solamente adquiri\u00f3 una postura general de naturaleza constitucional, sin reglamentar espec\u00edficamente el tema, ya que dicha funci\u00f3n compete estrictamente al Congreso. Por lo tanto,\u00a0el Ministerio del Trabajo no podr\u00eda indicar los&#8230;<\/p>\n","protected":false},"author":2,"featured_media":4196,"comment_status":"open","ping_status":"open","sticky":false,"template":"","format":"standard","meta":{"advanced_seo_description":"","jetpack_seo_html_title":"","jetpack_seo_noindex":false,"jetpack_post_was_ever_published":false,"_jetpack_newsletter_access":"","_jetpack_dont_email_post_to_subs":false,"_jetpack_newsletter_tier_id":0,"_jetpack_memberships_contains_paywalled_content":false,"_jetpack_memberships_contains_paid_content":false,"footnotes":"","jetpack_publicize_message":"","jetpack_publicize_feature_enabled":true,"jetpack_social_post_already_shared":true,"jetpack_social_options":{"image_generator_settings":{"template":"highway","default_image_id":0,"font":"","enabled":false},"version":2}},"categories":[2],"tags":[],"class_list":["post-4194","post","type-post","status-publish","format-standard","has-post-thumbnail","hentry","category-noticias"],"jetpack_publicize_connections":[],"jetpack_featured_media_url":"https:\/\/i0.wp.com\/sintradeua.org\/co\/wp-content\/uploads\/2019\/04\/hijos-familia-parejabigstock4.jpg?fit=814%2C407&ssl=1","jetpack_sharing_enabled":true,"jetpack_shortlink":"https:\/\/wp.me\/paSj5R-15E","_links":{"self":[{"href":"https:\/\/sintradeua.org\/co\/wp-json\/wp\/v2\/posts\/4194","targetHints":{"allow":["GET"]}}],"collection":[{"href":"https:\/\/sintradeua.org\/co\/wp-json\/wp\/v2\/posts"}],"about":[{"href":"https:\/\/sintradeua.org\/co\/wp-json\/wp\/v2\/types\/post"}],"author":[{"embeddable":true,"href":"https:\/\/sintradeua.org\/co\/wp-json\/wp\/v2\/users\/2"}],"replies":[{"embeddable":true,"href":"https:\/\/sintradeua.org\/co\/wp-json\/wp\/v2\/comments?post=4194"}],"version-history":[{"count":3,"href":"https:\/\/sintradeua.org\/co\/wp-json\/wp\/v2\/posts\/4194\/revisions"}],"predecessor-version":[{"id":4199,"href":"https:\/\/sintradeua.org\/co\/wp-json\/wp\/v2\/posts\/4194\/revisions\/4199"}],"wp:featuredmedia":[{"embeddable":true,"href":"https:\/\/sintradeua.org\/co\/wp-json\/wp\/v2\/media\/4196"}],"wp:attachment":[{"href":"https:\/\/sintradeua.org\/co\/wp-json\/wp\/v2\/media?parent=4194"}],"wp:term":[{"taxonomy":"category","embeddable":true,"href":"https:\/\/sintradeua.org\/co\/wp-json\/wp\/v2\/categories?post=4194"},{"taxonomy":"post_tag","embeddable":true,"href":"https:\/\/sintradeua.org\/co\/wp-json\/wp\/v2\/tags?post=4194"}],"curies":[{"name":"wp","href":"https:\/\/api.w.org\/{rel}","templated":true}]}}