{"id":4177,"date":"2019-04-17T23:07:47","date_gmt":"2019-04-18T04:07:47","guid":{"rendered":"https:\/\/www.sintradeua.org\/co\/?p=4177"},"modified":"2019-04-17T23:07:47","modified_gmt":"2019-04-18T04:07:47","slug":"amnistia-pensional-permitiria-traslado-de-180-mil-personas","status":"publish","type":"post","link":"https:\/\/sintradeua.org\/co\/amnistia-pensional-permitiria-traslado-de-180-mil-personas\/","title":{"rendered":"Amnist\u00eda pensional permitir\u00eda traslado de 180 mil personas"},"content":{"rendered":"<p style=\"text-align: justify;\"><img data-recalc-dims=\"1\" loading=\"lazy\" decoding=\"async\" data-attachment-id=\"4179\" data-permalink=\"https:\/\/sintradeua.org\/co\/amnistia-pensional-permitiria-traslado-de-180-mil-personas\/d-2\/\" data-orig-file=\"https:\/\/i0.wp.com\/sintradeua.org\/co\/wp-content\/uploads\/2019\/04\/d.jpeg?fit=700%2C526&amp;ssl=1\" data-orig-size=\"700,526\" data-comments-opened=\"1\" data-image-meta=\"{&quot;aperture&quot;:&quot;0&quot;,&quot;credit&quot;:&quot;&quot;,&quot;camera&quot;:&quot;&quot;,&quot;caption&quot;:&quot;&quot;,&quot;created_timestamp&quot;:&quot;0&quot;,&quot;copyright&quot;:&quot;&quot;,&quot;focal_length&quot;:&quot;0&quot;,&quot;iso&quot;:&quot;0&quot;,&quot;shutter_speed&quot;:&quot;0&quot;,&quot;title&quot;:&quot;&quot;,&quot;orientation&quot;:&quot;0&quot;}\" data-image-title=\"d\" data-image-description=\"\" data-image-caption=\"\" data-large-file=\"https:\/\/i0.wp.com\/sintradeua.org\/co\/wp-content\/uploads\/2019\/04\/d.jpeg?fit=640%2C481&amp;ssl=1\" class=\"alignnone size-medium wp-image-4179\" src=\"https:\/\/i0.wp.com\/www.sintradeua.org\/co\/wp-content\/uploads\/2019\/04\/d-300x225.jpeg?resize=300%2C225&#038;ssl=1\" alt=\"\" width=\"300\" height=\"225\" srcset=\"https:\/\/i0.wp.com\/sintradeua.org\/co\/wp-content\/uploads\/2019\/04\/d.jpeg?resize=300%2C225&amp;ssl=1 300w, https:\/\/i0.wp.com\/sintradeua.org\/co\/wp-content\/uploads\/2019\/04\/d.jpeg?resize=320%2C240&amp;ssl=1 320w, https:\/\/i0.wp.com\/sintradeua.org\/co\/wp-content\/uploads\/2019\/04\/d.jpeg?w=700&amp;ssl=1 700w\" sizes=\"auto, (max-width: 300px) 100vw, 300px\" \/><\/p>\n<p style=\"text-align: justify;\"><strong>Por Sebastian Londo\u00f1o Velez<\/strong><\/p>\n<p style=\"text-align: justify;\">Quienes les falten menos de 10 a\u00f1os para jubilarse y tengan cotizadas m\u00e1s de 750 semanas gozar\u00edan de una \u2018gabela\u2019 de 4 meses para moverse de r\u00e9gimen.<\/p>\n<p style=\"text-align: justify;\"><b>Los hombres mayores de 52 a\u00f1os y las mujeres de m\u00e1s de 50 que superan las 750 semanas cotizadas tendr\u00edan una \u2018gabela\u2019 para trasladarse de un r\u00e9gimen pensional a otro, o por lo menos as\u00ed se aprob\u00f3 en el primer \u2018round\u2019 del Plan Nacional de Desarrollo (PND).<\/b><\/p>\n<p>Esta puerta estar\u00eda abierta durante cuatro meses por parte de Colpensiones y los fondos privados, que, por ley, tendr\u00edan que darles traslado a las personas que apliquen a dicho beneficio.\u00a0<b>Si bien la propuesta ha sido celebrada por miles de personas que se beneficiar\u00edan del art\u00edculo 303 del PND, sus efectos tienen enfrentados a varios sectores.<\/b><\/p>\n<p style=\"text-align: justify;\">Y es que de quedar aprobado, este punto llevar\u00eda a que el pa\u00eds reciba una catarata de peticiones sobre todo con el fin de que su pensi\u00f3n pase del R\u00e9gimen de Ahorro Individual con Solidaridad (Rais) y aterrice en el de prima media (RPM, administrado por Colpensiones).<\/p>\n<p style=\"text-align: justify;\"><b>EN CONTRA<\/b><\/p>\n<p>Seg\u00fan cuentas de la Superintendencia Financiera, con corte a enero,<b>\u00a0en los fondos privados hab\u00eda m\u00e1s de 1,6 millones de colombianos afiliados en los rangos de edad que habilitar\u00eda el PND para trasladarse<\/b>, mientras que en Colpensiones se registraban unos 3,5 millones de personas.<\/p>\n<p>A pesar de esto, no todos tendr\u00edan la posibilidad de hacerlo, por la condici\u00f3n clave de tener al menos 750 semanas cotizadas y querer trasladarse.\u00a0<b>As\u00ed las cosas, solo entre 180.000 y 200.000 personas podr\u00edan pasar de un r\u00e9gimen a otro, y buena parte de estas ser\u00edan de ingresos elevados, llevando a que los subsidios del Estado se incrementen cada a\u00f1o.<\/b><\/p>\n<p style=\"text-align: justify;\">Lo anterior llevar\u00eda a que el impacto fiscal de la norma sea muy elevado, seg\u00fan Jorge Restrepo, profesor asociado de Econom\u00eda de la Universidad Javeriana, quien explic\u00f3 que la cifra real \u201cdepender\u00e1 del n\u00famero de personas que se trasladen del r\u00e9gimen de ahorro individual al de prima media, y el capital que tengan ahorrado; el traslado en el otro sentido no tendr\u00eda un efecto fiscal\u201d.<\/p>\n<p>Y agreg\u00f3 que los mayores beneficiarios ser\u00edan aquellos que disponen de poco ahorro y registran un ingreso relativamente alto en los \u00faltimos 10 a\u00f1os de trabajo, con lo cual podr\u00edan recibir un subsidio de varios millones de pesos.\u00a0<b>\u201cSi son unas mil personas, dar\u00eda un costo de casi $1 bill\u00f3n, o, por ejemplo, si son 100.000 personas, la cuenta dar\u00eda en unos $100 billones.\u00a0<\/b>En cualquier caso, esto representar\u00eda un aumento significativo del costo para el pa\u00eds y de un crecimiento del d\u00e9ficit fiscal\u201d, dijo Restrepo.<\/p>\n<p style=\"text-align: justify;\">Lo anterior no es desconocido para el Gobierno, que tiene a funcionarios del Ministerio de Hacienda y Planeaci\u00f3n haciendo sumas y restas sobre las implicaciones a corto y mediano plazo, teniendo en cuenta que el traslado de miles de personas al RPM le significar\u00eda al Estado tener que apropiar mayores recursos para poner la parte subsidiada de cada pensi\u00f3n.<\/p>\n<p>Adem\u00e1s, estas personas sacar\u00edan autom\u00e1ticamente sus recursos del Rais, el cual tendr\u00eda que revisar c\u00f3mo compensar esa salida de capitales, pues la norma generar\u00eda\u00a0<b>\u201cp\u00e9rdidas inmensas al portafolio de los ahorradores en Colombia\u201d, de acuerdo con Restrepo.<\/b><\/p>\n<p>En general, este art\u00edculo prendi\u00f3 las alertas, pues su efecto final llevar\u00eda a que el Estado tenga un d\u00e9ficit que podr\u00eda incluso superar los $20 billones suponiendo que todos los que se trasladen logren \u2013en \u00faltimas\u2013 pensionarse.<\/p>\n<p><b>A FAVOR<\/b><\/p>\n<p>Esto, por supuesto, a\u00fan no est\u00e1 aprobado y depende de que el Congreso le d\u00e9 luz verde en el segundo debate del Plan de Desarrollo, y eventualmente \u2013si se avala\u2013 que la Corte Constitucional le d\u00e9 su bendici\u00f3n final, ya que este tipo de normas requieren visto bueno del Gobierno, al tener un impacto fiscal.<\/p>\n<p><b>Por ahora, los defensores de la medida siguen f\u00e9rreos a mantenerla viva en el Legislativo, muchos de los cuales, de hecho, pertenecen al partido de Gobierno, el Centro Democr\u00e1tico, pero no son los \u00fanicos que le dan su espaldarazo.<\/b><\/p>\n<p>Esta posici\u00f3n tambi\u00e9n fue respaldada por Mauricio Olivera, director de Econometr\u00eda, quien se\u00f1al\u00f3 que \u201chay muchas personas que como no ten\u00edan conocimiento, no se trasladaban de un r\u00e9gimen al otro. Entonces, esta idea como amnist\u00eda est\u00e1 bien, pero lo importante es que de aqu\u00ed en adelante se empiece a educar a las personas, explic\u00e1ndoles lo que les permite la ley\u201d.<\/p>\n<p>Y a\u00f1adi\u00f3 que \u201cesto no solo beneficiar\u00e1 a Colpensiones, sino tambi\u00e9n a las administradoras de fondos de pensiones, si se tiene en cuenta que muchas personas se dar\u00edan cuenta que estar\u00e1n mejor bajo ese r\u00e9gimen que qued\u00e1ndose en el de prima media\u201d.<\/p>\n<p><b>ESPALDARAZO DEL CONGRESO<\/b><\/p>\n<p>La proposici\u00f3n radicada durante los debates del PND fue firmada por cinco congresistas del Centro Democr\u00e1tico, dos del Partido de la U y otros m\u00e1s de Cambio Radical, Opci\u00f3n Ciudadana y del Partido Conservador. Para este grupo de parlamentarios, habr\u00eda una mayor igualdad en el esquema pensional del pa\u00eds \u201csi se permitiera el retorno al r\u00e9gimen que resulte m\u00e1s favorable a los intereses del trabajador, lo que estar\u00eda en perfecta armon\u00eda con los principios constitucionales\u201d. No obstante, este diario recibi\u00f3 varias denuncias al respecto, acerca de presuntos impedimentos que tendr\u00edan varios congresistas para debatir y votar este tema, ya que est\u00e1n muy cerca de pensionarse, y algunos, incluso, estar\u00edan tramitando \u2013en este momento\u2013 el traspaso de un r\u00e9gimen pensional a otro.<\/p>\n<p><\/p>\n","protected":false},"excerpt":{"rendered":"<p>Por Sebastian Londo\u00f1o Velez Quienes les falten menos de 10 a\u00f1os para jubilarse y tengan cotizadas m\u00e1s de 750 semanas gozar\u00edan de una \u2018gabela\u2019 de 4 meses para moverse de r\u00e9gimen. Los hombres mayores de 52 a\u00f1os y las mujeres de m\u00e1s de 50 que superan las 750 semanas cotizadas tendr\u00edan una \u2018gabela\u2019 para trasladarse&#8230;<\/p>\n","protected":false},"author":2,"featured_media":4179,"comment_status":"open","ping_status":"open","sticky":false,"template":"","format":"standard","meta":{"advanced_seo_description":"","jetpack_seo_html_title":"","jetpack_seo_noindex":false,"jetpack_post_was_ever_published":false,"_jetpack_newsletter_access":"","_jetpack_dont_email_post_to_subs":false,"_jetpack_newsletter_tier_id":0,"_jetpack_memberships_contains_paywalled_content":false,"_jetpack_memberships_contains_paid_content":false,"footnotes":"","jetpack_publicize_message":"","jetpack_publicize_feature_enabled":true,"jetpack_social_post_already_shared":true,"jetpack_social_options":{"image_generator_settings":{"template":"highway","default_image_id":0,"font":"","enabled":false},"version":2}},"categories":[2],"tags":[],"class_list":["post-4177","post","type-post","status-publish","format-standard","has-post-thumbnail","hentry","category-noticias"],"jetpack_publicize_connections":[],"jetpack_featured_media_url":"https:\/\/i0.wp.com\/sintradeua.org\/co\/wp-content\/uploads\/2019\/04\/d.jpeg?fit=700%2C526&ssl=1","jetpack_sharing_enabled":true,"jetpack_shortlink":"https:\/\/wp.me\/paSj5R-15n","_links":{"self":[{"href":"https:\/\/sintradeua.org\/co\/wp-json\/wp\/v2\/posts\/4177","targetHints":{"allow":["GET"]}}],"collection":[{"href":"https:\/\/sintradeua.org\/co\/wp-json\/wp\/v2\/posts"}],"about":[{"href":"https:\/\/sintradeua.org\/co\/wp-json\/wp\/v2\/types\/post"}],"author":[{"embeddable":true,"href":"https:\/\/sintradeua.org\/co\/wp-json\/wp\/v2\/users\/2"}],"replies":[{"embeddable":true,"href":"https:\/\/sintradeua.org\/co\/wp-json\/wp\/v2\/comments?post=4177"}],"version-history":[{"count":1,"href":"https:\/\/sintradeua.org\/co\/wp-json\/wp\/v2\/posts\/4177\/revisions"}],"predecessor-version":[{"id":4180,"href":"https:\/\/sintradeua.org\/co\/wp-json\/wp\/v2\/posts\/4177\/revisions\/4180"}],"wp:featuredmedia":[{"embeddable":true,"href":"https:\/\/sintradeua.org\/co\/wp-json\/wp\/v2\/media\/4179"}],"wp:attachment":[{"href":"https:\/\/sintradeua.org\/co\/wp-json\/wp\/v2\/media?parent=4177"}],"wp:term":[{"taxonomy":"category","embeddable":true,"href":"https:\/\/sintradeua.org\/co\/wp-json\/wp\/v2\/categories?post=4177"},{"taxonomy":"post_tag","embeddable":true,"href":"https:\/\/sintradeua.org\/co\/wp-json\/wp\/v2\/tags?post=4177"}],"curies":[{"name":"wp","href":"https:\/\/api.w.org\/{rel}","templated":true}]}}